{"id":2531,"date":"2019-10-05T17:21:37","date_gmt":"2019-10-05T20:21:37","guid":{"rendered":"https:\/\/wp.ufpel.edu.br\/observatoriosocial\/?p=2531"},"modified":"2019-10-05T17:21:37","modified_gmt":"2019-10-05T20:21:37","slug":"em-agosto-saldo-do-emprego-formal-em-pelotas-e-negativo-19-vinculos-no-acumulado-do-ano-a-perda-e-de-1-141-vinculos","status":"publish","type":"post","link":"https:\/\/wp.ufpel.edu.br\/observatoriosocial\/2019\/10\/05\/em-agosto-saldo-do-emprego-formal-em-pelotas-e-negativo-19-vinculos-no-acumulado-do-ano-a-perda-e-de-1-141-vinculos\/","title":{"rendered":"Em agosto, saldo do emprego formal em Pelotas \u00e9 negativo (-19 v\u00ednculos). No acumulado do ano, a perda \u00e9 de 1.141 v\u00ednculos"},"content":{"rendered":"<p style=\"text-align: justify\">Segundo o Cadastro Geral de Empregados e Desempregados (CAGED) da Secretaria do Trabalho do Minist\u00e9rio da Economia, no m\u00eas de agosto de 2019 ocorreram, em Pelotas, 1.825 admiss\u00f5es e 1.844 desligamentos, resultando em um saldo de -19 v\u00ednculos formais de emprego celetista. Com isso, a taxa de varia\u00e7\u00e3o do emprego formal foi de -0,03%, com o estoque passando de 60.636 v\u00ednculos, em julho, para 60.617 v\u00ednculos, em agosto de 2019. O saldo do m\u00eas de agosto, apesar de negativo, foi levemente melhor que o saldo de julho de 2019 (-28 v\u00ednculos) e bem inferior ao de agosto do ano anterior (+125 v\u00ednculos).<\/p>\n<p>Para maiores detalhes, acesse o Boletim Informativo de Agosto, no link abaixo:<\/p>\n<p><a href=\"https:\/\/wp.ufpel.edu.br\/observatoriosocial\/files\/2019\/10\/Boletim-Informativo-N\u00ba-08-Agosto-de-2019-PELOTAS-RS.ppsx\">Boletim Informativo N\u00ba 08 Agosto de 2019 PELOTAS-RS<\/a><\/p>\n<p style=\"text-align: justify\">No acumulado do ano, ocorreram, em Pelotas, 16.068 admiss\u00f5es e 17.209 desligamentos, o que resultou em um saldo de -1.141 v\u00ednculos formais de emprego. Nesse per\u00edodo, o estoque passou de 61.758 v\u00ednculos, em dezembro de 2018, para 60.617 v\u00ednculos, em agosto de 2019, uma taxa de varia\u00e7\u00e3o de -1,85%. Esse desempenho \u00e9 inferior \u00e0quele observado no mesmo per\u00edodo do ano passado, quando o saldo foi de -262 v\u00ednculos (-0,43%).<\/p>\n<p style=\"text-align: justify\">No acumulado em doze meses, ocorreram, em Pelotas, 24.729 admiss\u00f5es e 24.973 desligamentos, o que resultou em um saldo de -244 v\u00ednculos formais de emprego. Nesse per\u00edodo, o estoque passou de 60.861 v\u00ednculos, em agosto de 2018, para 60.617 v\u00ednculos, em agosto de 2019, uma taxa de varia\u00e7\u00e3o de -0,40%.<\/p>\n<h3>A conjuntura setorial do emprego<\/h3>\n<p style=\"text-align: justify\">O desempenho negativo do emprego no mercado formal de trabalho de Pelotas, no m\u00eas de agosto (-19 v\u00ednculos), foi puxado principalmente pela constru\u00e7\u00e3o civil (-25 v\u00ednculos) e pela ind\u00fastria (-16 v\u00ednculos). O setor de servi\u00e7os (-6 v\u00ednculos) tamb\u00e9m apresentou desempenho negativo. A agropecu\u00e1ria e o com\u00e9rcio apresentaram saldos positivos, ambos de +14 v\u00ednculos.<\/p>\n<p style=\"text-align: justify\">Em termos de subsetores da atividade econ\u00f4mica (IBGE), conforme as 25 categorias existentes, constata-se que o subsetor de servi\u00e7os de alojamento apresentou o saldo negativo mais elevado, de -26 v\u00ednculos, seguido dos subsetores de com\u00e9rcio e administra\u00e7\u00e3o de im\u00f3veis (-18 v\u00ednculos) e ind\u00fastria da borracha, fumo, couros, peles (-15 v\u00ednculos). Os subsetores de servi\u00e7os m\u00e9dicos, odontol\u00f3gicos e veterin\u00e1rios e de com\u00e9rcio atacadista apresentaram os saldos positivos mais elevados, de +33 e +21 v\u00ednculos.<\/p>\n<p style=\"text-align: justify\">No acumulado do ano, o desempenho negativo do mercado local de trabalho (-1.141 v\u00ednculos) foi puxado principalmente pela ind\u00fastria (-704 v\u00ednculos) e pelo com\u00e9rcio (-361 v\u00ednculos). A agropecu\u00e1ria (-85 v\u00ednculos) e os servi\u00e7os (-28 v\u00ednculos) tamb\u00e9m contribu\u00edram para esse desempenho negativo. A constru\u00e7\u00e3o civil (+37 v\u00ednculos) foi o \u00fanico setor a apresentar saldo positivo.<\/p>\n<p style=\"text-align: justify\">No per\u00edodo de doze meses, o desempenho negativo do mercado local de trabalho (-244 v\u00ednculos) foi puxado principalmente pelo setor de servi\u00e7os (-195 v\u00ednculos) e pela ind\u00fastria (-167 v\u00ednculos). A agropecu\u00e1ria (-77 v\u00ednculos) tamb\u00e9m apresentou saldo negativo. O com\u00e9rcio (+101 v\u00ednculos) e a constru\u00e7\u00e3o civil (+94 v\u00ednculos) foram os setores que apresentaram saldos positivos.<\/p>\n<p>&nbsp;<\/p>\n","protected":false},"excerpt":{"rendered":"<p>Segundo o Cadastro Geral de Empregados e Desempregados (CAGED) da Secretaria do Trabalho do Minist\u00e9rio da Economia, no m\u00eas de agosto de 2019 ocorreram, em Pelotas, 1.825 admiss\u00f5es e 1.844 desligamentos, resultando em um saldo de -19 v\u00ednculos formais de emprego celetista. Com isso, a taxa de varia\u00e7\u00e3o do emprego formal foi de -0,03%, com [&hellip;]<\/p>\n","protected":false},"author":102,"featured_media":2535,"comment_status":"closed","ping_status":"closed","sticky":false,"template":"","format":"standard","meta":{"footnotes":""},"categories":[4],"tags":[36470,36474,36480,36481],"class_list":["post-2531","post","type-post","status-publish","format-standard","has-post-thumbnail","hentry","category-noticias","tag-conjuntura-do-emprego","tag-emprego-formal","tag-indicadores-de-emprego","tag-mercado-de-trabalho-e-ocupacao"],"yoast_head":"<!-- This site is optimized with the Yoast SEO plugin v26.7 - https:\/\/yoast.com\/wordpress\/plugins\/seo\/ -->\n<title>Em agosto, saldo do emprego formal em Pelotas \u00e9 negativo (-19 v\u00ednculos). No acumulado do ano, a perda \u00e9 de 1.141 v\u00ednculos &#8226; OBSERVAT\u00d3RIO SOCIAL DO TRABALHO<\/title>\n<meta name=\"robots\" content=\"index, follow, max-snippet:-1, max-image-preview:large, max-video-preview:-1\" \/>\n<link rel=\"canonical\" href=\"https:\/\/wp.ufpel.edu.br\/observatoriosocial\/2019\/10\/05\/em-agosto-saldo-do-emprego-formal-em-pelotas-e-negativo-19-vinculos-no-acumulado-do-ano-a-perda-e-de-1-141-vinculos\/\" \/>\n<meta property=\"og:locale\" content=\"pt_BR\" \/>\n<meta property=\"og:type\" content=\"article\" \/>\n<meta property=\"og:title\" content=\"Em agosto, saldo do emprego formal em Pelotas \u00e9 negativo (-19 v\u00ednculos). No acumulado do ano, a perda \u00e9 de 1.141 v\u00ednculos &#8226; OBSERVAT\u00d3RIO SOCIAL DO TRABALHO\" \/>\n<meta property=\"og:description\" content=\"Segundo o Cadastro Geral de Empregados e Desempregados (CAGED) da Secretaria do Trabalho do Minist\u00e9rio da Economia, no m\u00eas de agosto de 2019 ocorreram, em Pelotas, 1.825 admiss\u00f5es e 1.844 desligamentos, resultando em um saldo de -19 v\u00ednculos formais de emprego celetista. Com isso, a taxa de varia\u00e7\u00e3o do emprego formal foi de -0,03%, com [&hellip;]\" \/>\n<meta property=\"og:url\" content=\"https:\/\/wp.ufpel.edu.br\/observatoriosocial\/2019\/10\/05\/em-agosto-saldo-do-emprego-formal-em-pelotas-e-negativo-19-vinculos-no-acumulado-do-ano-a-perda-e-de-1-141-vinculos\/\" \/>\n<meta property=\"og:site_name\" content=\"OBSERVAT\u00d3RIO SOCIAL DO TRABALHO\" \/>\n<meta property=\"article:publisher\" content=\"https:\/\/www.facebook.com\/observatoriodaufpel\/\" \/>\n<meta property=\"article:published_time\" content=\"2019-10-05T20:21:37+00:00\" \/>\n<meta property=\"og:image\" content=\"https:\/\/i0.wp.com\/wp.ufpel.edu.br\/observatoriosocial\/files\/2019\/10\/Boletim-Informativo-N\u00ba-08-Agosto-de-2019-PELOTAS-RS-1.jpg?fit=1280%2C720&ssl=1\" \/>\n\t<meta property=\"og:image:width\" content=\"1280\" \/>\n\t<meta property=\"og:image:height\" content=\"720\" \/>\n\t<meta property=\"og:image:type\" content=\"image\/jpeg\" \/>\n<meta name=\"author\" content=\"Observat\u00f3rio Social do Trabalho\" \/>\n<meta name=\"twitter:card\" content=\"summary_large_image\" \/>\n<meta name=\"twitter:creator\" content=\"@ufpeltrabalho\" \/>\n<meta name=\"twitter:site\" content=\"@ufpeltrabalho\" \/>\n<meta name=\"twitter:label1\" content=\"Escrito por\" \/>\n\t<meta name=\"twitter:data1\" content=\"Observat\u00f3rio Social do Trabalho\" \/>\n\t<meta name=\"twitter:label2\" content=\"Est. tempo de leitura\" \/>\n\t<meta name=\"twitter:data2\" content=\"3 minutos\" \/>\n<script type=\"application\/ld+json\" class=\"yoast-schema-graph\">{\"@context\":\"https:\/\/schema.org\",\"@graph\":[{\"@type\":\"Article\",\"@id\":\"https:\/\/wp.ufpel.edu.br\/observatoriosocial\/2019\/10\/05\/em-agosto-saldo-do-emprego-formal-em-pelotas-e-negativo-19-vinculos-no-acumulado-do-ano-a-perda-e-de-1-141-vinculos\/#article\",\"isPartOf\":{\"@id\":\"https:\/\/wp.ufpel.edu.br\/observatoriosocial\/2019\/10\/05\/em-agosto-saldo-do-emprego-formal-em-pelotas-e-negativo-19-vinculos-no-acumulado-do-ano-a-perda-e-de-1-141-vinculos\/\"},\"author\":{\"name\":\"Observat\u00f3rio Social do Trabalho\",\"@id\":\"https:\/\/wp.ufpel.edu.br\/observatoriosocial\/#\/schema\/person\/9425088627ff1b0cc43a06d70b5b5c26\"},\"headline\":\"Em agosto, saldo do emprego formal em Pelotas \u00e9 negativo (-19 v\u00ednculos). No acumulado do ano, a perda \u00e9 de 1.141 v\u00ednculos\",\"datePublished\":\"2019-10-05T20:21:37+00:00\",\"mainEntityOfPage\":{\"@id\":\"https:\/\/wp.ufpel.edu.br\/observatoriosocial\/2019\/10\/05\/em-agosto-saldo-do-emprego-formal-em-pelotas-e-negativo-19-vinculos-no-acumulado-do-ano-a-perda-e-de-1-141-vinculos\/\"},\"wordCount\":549,\"image\":{\"@id\":\"https:\/\/wp.ufpel.edu.br\/observatoriosocial\/2019\/10\/05\/em-agosto-saldo-do-emprego-formal-em-pelotas-e-negativo-19-vinculos-no-acumulado-do-ano-a-perda-e-de-1-141-vinculos\/#primaryimage\"},\"thumbnailUrl\":\"https:\/\/wp.ufpel.edu.br\/observatoriosocial\/files\/2019\/10\/Boletim-Informativo-N\u00ba-08-Agosto-de-2019-PELOTAS-RS-1.jpg\",\"keywords\":[\"conjuntura do emprego\",\"Emprego formal\",\"indicadores de emprego\",\"Mercado de trabalho e ocupa\u00e7\u00e3o\"],\"articleSection\":[\"Not\u00edcias\"],\"inLanguage\":\"pt-BR\"},{\"@type\":\"WebPage\",\"@id\":\"https:\/\/wp.ufpel.edu.br\/observatoriosocial\/2019\/10\/05\/em-agosto-saldo-do-emprego-formal-em-pelotas-e-negativo-19-vinculos-no-acumulado-do-ano-a-perda-e-de-1-141-vinculos\/\",\"url\":\"https:\/\/wp.ufpel.edu.br\/observatoriosocial\/2019\/10\/05\/em-agosto-saldo-do-emprego-formal-em-pelotas-e-negativo-19-vinculos-no-acumulado-do-ano-a-perda-e-de-1-141-vinculos\/\",\"name\":\"Em agosto, saldo do emprego formal em Pelotas \u00e9 negativo (-19 v\u00ednculos). No acumulado do ano, a perda \u00e9 de 1.141 v\u00ednculos &#8226; OBSERVAT\u00d3RIO SOCIAL DO TRABALHO\",\"isPartOf\":{\"@id\":\"https:\/\/wp.ufpel.edu.br\/observatoriosocial\/#website\"},\"primaryImageOfPage\":{\"@id\":\"https:\/\/wp.ufpel.edu.br\/observatoriosocial\/2019\/10\/05\/em-agosto-saldo-do-emprego-formal-em-pelotas-e-negativo-19-vinculos-no-acumulado-do-ano-a-perda-e-de-1-141-vinculos\/#primaryimage\"},\"image\":{\"@id\":\"https:\/\/wp.ufpel.edu.br\/observatoriosocial\/2019\/10\/05\/em-agosto-saldo-do-emprego-formal-em-pelotas-e-negativo-19-vinculos-no-acumulado-do-ano-a-perda-e-de-1-141-vinculos\/#primaryimage\"},\"thumbnailUrl\":\"https:\/\/wp.ufpel.edu.br\/observatoriosocial\/files\/2019\/10\/Boletim-Informativo-N\u00ba-08-Agosto-de-2019-PELOTAS-RS-1.jpg\",\"datePublished\":\"2019-10-05T20:21:37+00:00\",\"author\":{\"@id\":\"https:\/\/wp.ufpel.edu.br\/observatoriosocial\/#\/schema\/person\/9425088627ff1b0cc43a06d70b5b5c26\"},\"breadcrumb\":{\"@id\":\"https:\/\/wp.ufpel.edu.br\/observatoriosocial\/2019\/10\/05\/em-agosto-saldo-do-emprego-formal-em-pelotas-e-negativo-19-vinculos-no-acumulado-do-ano-a-perda-e-de-1-141-vinculos\/#breadcrumb\"},\"inLanguage\":\"pt-BR\",\"potentialAction\":[{\"@type\":\"ReadAction\",\"target\":[\"https:\/\/wp.ufpel.edu.br\/observatoriosocial\/2019\/10\/05\/em-agosto-saldo-do-emprego-formal-em-pelotas-e-negativo-19-vinculos-no-acumulado-do-ano-a-perda-e-de-1-141-vinculos\/\"]}]},{\"@type\":\"ImageObject\",\"inLanguage\":\"pt-BR\",\"@id\":\"https:\/\/wp.ufpel.edu.br\/observatoriosocial\/2019\/10\/05\/em-agosto-saldo-do-emprego-formal-em-pelotas-e-negativo-19-vinculos-no-acumulado-do-ano-a-perda-e-de-1-141-vinculos\/#primaryimage\",\"url\":\"https:\/\/wp.ufpel.edu.br\/observatoriosocial\/files\/2019\/10\/Boletim-Informativo-N\u00ba-08-Agosto-de-2019-PELOTAS-RS-1.jpg\",\"contentUrl\":\"https:\/\/wp.ufpel.edu.br\/observatoriosocial\/files\/2019\/10\/Boletim-Informativo-N\u00ba-08-Agosto-de-2019-PELOTAS-RS-1.jpg\",\"width\":1280,\"height\":720},{\"@type\":\"BreadcrumbList\",\"@id\":\"https:\/\/wp.ufpel.edu.br\/observatoriosocial\/2019\/10\/05\/em-agosto-saldo-do-emprego-formal-em-pelotas-e-negativo-19-vinculos-no-acumulado-do-ano-a-perda-e-de-1-141-vinculos\/#breadcrumb\",\"itemListElement\":[{\"@type\":\"ListItem\",\"position\":1,\"name\":\"In\u00edcio\",\"item\":\"https:\/\/wp.ufpel.edu.br\/observatoriosocial\/\"},{\"@type\":\"ListItem\",\"position\":2,\"name\":\"Em agosto, saldo do emprego formal em Pelotas \u00e9 negativo (-19 v\u00ednculos). No acumulado do ano, a perda \u00e9 de 1.141 v\u00ednculos\"}]},{\"@type\":\"WebSite\",\"@id\":\"https:\/\/wp.ufpel.edu.br\/observatoriosocial\/#website\",\"url\":\"https:\/\/wp.ufpel.edu.br\/observatoriosocial\/\",\"name\":\"OBSERVAT\u00d3RIO SOCIAL DO TRABALHO\",\"description\":\"Instituto de Filosofia, Sociologia e Pol\u00edtica (IFISP) \/ Universidade Federal de Pelotas (UFPel)\",\"potentialAction\":[{\"@type\":\"SearchAction\",\"target\":{\"@type\":\"EntryPoint\",\"urlTemplate\":\"https:\/\/wp.ufpel.edu.br\/observatoriosocial\/?s={search_term_string}\"},\"query-input\":{\"@type\":\"PropertyValueSpecification\",\"valueRequired\":true,\"valueName\":\"search_term_string\"}}],\"inLanguage\":\"pt-BR\"},{\"@type\":\"Person\",\"@id\":\"https:\/\/wp.ufpel.edu.br\/observatoriosocial\/#\/schema\/person\/9425088627ff1b0cc43a06d70b5b5c26\",\"name\":\"Observat\u00f3rio Social do Trabalho\",\"image\":{\"@type\":\"ImageObject\",\"inLanguage\":\"pt-BR\",\"@id\":\"https:\/\/wp.ufpel.edu.br\/observatoriosocial\/#\/schema\/person\/image\/\",\"url\":\"https:\/\/secure.gravatar.com\/avatar\/d43e98fadb1b76f269caefc4932bb6eeeaded52590245fa81afad058769bb288?s=96&d=mm&r=g\",\"contentUrl\":\"https:\/\/secure.gravatar.com\/avatar\/d43e98fadb1b76f269caefc4932bb6eeeaded52590245fa81afad058769bb288?s=96&d=mm&r=g\",\"caption\":\"Observat\u00f3rio Social do Trabalho\"},\"url\":\"https:\/\/wp.ufpel.edu.br\/observatoriosocial\/author\/observatoriosocial\/\"}]}<\/script>\n<!-- \/ Yoast SEO plugin. -->","yoast_head_json":{"title":"Em agosto, saldo do emprego formal em Pelotas \u00e9 negativo (-19 v\u00ednculos). No acumulado do ano, a perda \u00e9 de 1.141 v\u00ednculos &#8226; OBSERVAT\u00d3RIO SOCIAL DO TRABALHO","robots":{"index":"index","follow":"follow","max-snippet":"max-snippet:-1","max-image-preview":"max-image-preview:large","max-video-preview":"max-video-preview:-1"},"canonical":"https:\/\/wp.ufpel.edu.br\/observatoriosocial\/2019\/10\/05\/em-agosto-saldo-do-emprego-formal-em-pelotas-e-negativo-19-vinculos-no-acumulado-do-ano-a-perda-e-de-1-141-vinculos\/","og_locale":"pt_BR","og_type":"article","og_title":"Em agosto, saldo do emprego formal em Pelotas \u00e9 negativo (-19 v\u00ednculos). No acumulado do ano, a perda \u00e9 de 1.141 v\u00ednculos &#8226; OBSERVAT\u00d3RIO SOCIAL DO TRABALHO","og_description":"Segundo o Cadastro Geral de Empregados e Desempregados (CAGED) da Secretaria do Trabalho do Minist\u00e9rio da Economia, no m\u00eas de agosto de 2019 ocorreram, em Pelotas, 1.825 admiss\u00f5es e 1.844 desligamentos, resultando em um saldo de -19 v\u00ednculos formais de emprego celetista. Com isso, a taxa de varia\u00e7\u00e3o do emprego formal foi de -0,03%, com [&hellip;]","og_url":"https:\/\/wp.ufpel.edu.br\/observatoriosocial\/2019\/10\/05\/em-agosto-saldo-do-emprego-formal-em-pelotas-e-negativo-19-vinculos-no-acumulado-do-ano-a-perda-e-de-1-141-vinculos\/","og_site_name":"OBSERVAT\u00d3RIO SOCIAL DO TRABALHO","article_publisher":"https:\/\/www.facebook.com\/observatoriodaufpel\/","article_published_time":"2019-10-05T20:21:37+00:00","og_image":[{"width":1280,"height":720,"url":"https:\/\/i0.wp.com\/wp.ufpel.edu.br\/observatoriosocial\/files\/2019\/10\/Boletim-Informativo-N\u00ba-08-Agosto-de-2019-PELOTAS-RS-1.jpg?fit=1280%2C720&ssl=1","type":"image\/jpeg"}],"author":"Observat\u00f3rio Social do Trabalho","twitter_card":"summary_large_image","twitter_creator":"@ufpeltrabalho","twitter_site":"@ufpeltrabalho","twitter_misc":{"Escrito por":"Observat\u00f3rio Social do Trabalho","Est. tempo de leitura":"3 minutos"},"schema":{"@context":"https:\/\/schema.org","@graph":[{"@type":"Article","@id":"https:\/\/wp.ufpel.edu.br\/observatoriosocial\/2019\/10\/05\/em-agosto-saldo-do-emprego-formal-em-pelotas-e-negativo-19-vinculos-no-acumulado-do-ano-a-perda-e-de-1-141-vinculos\/#article","isPartOf":{"@id":"https:\/\/wp.ufpel.edu.br\/observatoriosocial\/2019\/10\/05\/em-agosto-saldo-do-emprego-formal-em-pelotas-e-negativo-19-vinculos-no-acumulado-do-ano-a-perda-e-de-1-141-vinculos\/"},"author":{"name":"Observat\u00f3rio Social do Trabalho","@id":"https:\/\/wp.ufpel.edu.br\/observatoriosocial\/#\/schema\/person\/9425088627ff1b0cc43a06d70b5b5c26"},"headline":"Em agosto, saldo do emprego formal em Pelotas \u00e9 negativo (-19 v\u00ednculos). No acumulado do ano, a perda \u00e9 de 1.141 v\u00ednculos","datePublished":"2019-10-05T20:21:37+00:00","mainEntityOfPage":{"@id":"https:\/\/wp.ufpel.edu.br\/observatoriosocial\/2019\/10\/05\/em-agosto-saldo-do-emprego-formal-em-pelotas-e-negativo-19-vinculos-no-acumulado-do-ano-a-perda-e-de-1-141-vinculos\/"},"wordCount":549,"image":{"@id":"https:\/\/wp.ufpel.edu.br\/observatoriosocial\/2019\/10\/05\/em-agosto-saldo-do-emprego-formal-em-pelotas-e-negativo-19-vinculos-no-acumulado-do-ano-a-perda-e-de-1-141-vinculos\/#primaryimage"},"thumbnailUrl":"https:\/\/wp.ufpel.edu.br\/observatoriosocial\/files\/2019\/10\/Boletim-Informativo-N\u00ba-08-Agosto-de-2019-PELOTAS-RS-1.jpg","keywords":["conjuntura do emprego","Emprego formal","indicadores de emprego","Mercado de trabalho e ocupa\u00e7\u00e3o"],"articleSection":["Not\u00edcias"],"inLanguage":"pt-BR"},{"@type":"WebPage","@id":"https:\/\/wp.ufpel.edu.br\/observatoriosocial\/2019\/10\/05\/em-agosto-saldo-do-emprego-formal-em-pelotas-e-negativo-19-vinculos-no-acumulado-do-ano-a-perda-e-de-1-141-vinculos\/","url":"https:\/\/wp.ufpel.edu.br\/observatoriosocial\/2019\/10\/05\/em-agosto-saldo-do-emprego-formal-em-pelotas-e-negativo-19-vinculos-no-acumulado-do-ano-a-perda-e-de-1-141-vinculos\/","name":"Em agosto, saldo do emprego formal em Pelotas \u00e9 negativo (-19 v\u00ednculos). No acumulado do ano, a perda \u00e9 de 1.141 v\u00ednculos &#8226; OBSERVAT\u00d3RIO SOCIAL DO TRABALHO","isPartOf":{"@id":"https:\/\/wp.ufpel.edu.br\/observatoriosocial\/#website"},"primaryImageOfPage":{"@id":"https:\/\/wp.ufpel.edu.br\/observatoriosocial\/2019\/10\/05\/em-agosto-saldo-do-emprego-formal-em-pelotas-e-negativo-19-vinculos-no-acumulado-do-ano-a-perda-e-de-1-141-vinculos\/#primaryimage"},"image":{"@id":"https:\/\/wp.ufpel.edu.br\/observatoriosocial\/2019\/10\/05\/em-agosto-saldo-do-emprego-formal-em-pelotas-e-negativo-19-vinculos-no-acumulado-do-ano-a-perda-e-de-1-141-vinculos\/#primaryimage"},"thumbnailUrl":"https:\/\/wp.ufpel.edu.br\/observatoriosocial\/files\/2019\/10\/Boletim-Informativo-N\u00ba-08-Agosto-de-2019-PELOTAS-RS-1.jpg","datePublished":"2019-10-05T20:21:37+00:00","author":{"@id":"https:\/\/wp.ufpel.edu.br\/observatoriosocial\/#\/schema\/person\/9425088627ff1b0cc43a06d70b5b5c26"},"breadcrumb":{"@id":"https:\/\/wp.ufpel.edu.br\/observatoriosocial\/2019\/10\/05\/em-agosto-saldo-do-emprego-formal-em-pelotas-e-negativo-19-vinculos-no-acumulado-do-ano-a-perda-e-de-1-141-vinculos\/#breadcrumb"},"inLanguage":"pt-BR","potentialAction":[{"@type":"ReadAction","target":["https:\/\/wp.ufpel.edu.br\/observatoriosocial\/2019\/10\/05\/em-agosto-saldo-do-emprego-formal-em-pelotas-e-negativo-19-vinculos-no-acumulado-do-ano-a-perda-e-de-1-141-vinculos\/"]}]},{"@type":"ImageObject","inLanguage":"pt-BR","@id":"https:\/\/wp.ufpel.edu.br\/observatoriosocial\/2019\/10\/05\/em-agosto-saldo-do-emprego-formal-em-pelotas-e-negativo-19-vinculos-no-acumulado-do-ano-a-perda-e-de-1-141-vinculos\/#primaryimage","url":"https:\/\/wp.ufpel.edu.br\/observatoriosocial\/files\/2019\/10\/Boletim-Informativo-N\u00ba-08-Agosto-de-2019-PELOTAS-RS-1.jpg","contentUrl":"https:\/\/wp.ufpel.edu.br\/observatoriosocial\/files\/2019\/10\/Boletim-Informativo-N\u00ba-08-Agosto-de-2019-PELOTAS-RS-1.jpg","width":1280,"height":720},{"@type":"BreadcrumbList","@id":"https:\/\/wp.ufpel.edu.br\/observatoriosocial\/2019\/10\/05\/em-agosto-saldo-do-emprego-formal-em-pelotas-e-negativo-19-vinculos-no-acumulado-do-ano-a-perda-e-de-1-141-vinculos\/#breadcrumb","itemListElement":[{"@type":"ListItem","position":1,"name":"In\u00edcio","item":"https:\/\/wp.ufpel.edu.br\/observatoriosocial\/"},{"@type":"ListItem","position":2,"name":"Em agosto, saldo do emprego formal em Pelotas \u00e9 negativo (-19 v\u00ednculos). No acumulado do ano, a perda \u00e9 de 1.141 v\u00ednculos"}]},{"@type":"WebSite","@id":"https:\/\/wp.ufpel.edu.br\/observatoriosocial\/#website","url":"https:\/\/wp.ufpel.edu.br\/observatoriosocial\/","name":"OBSERVAT\u00d3RIO SOCIAL DO TRABALHO","description":"Instituto de Filosofia, Sociologia e Pol\u00edtica (IFISP) \/ Universidade Federal de Pelotas (UFPel)","potentialAction":[{"@type":"SearchAction","target":{"@type":"EntryPoint","urlTemplate":"https:\/\/wp.ufpel.edu.br\/observatoriosocial\/?s={search_term_string}"},"query-input":{"@type":"PropertyValueSpecification","valueRequired":true,"valueName":"search_term_string"}}],"inLanguage":"pt-BR"},{"@type":"Person","@id":"https:\/\/wp.ufpel.edu.br\/observatoriosocial\/#\/schema\/person\/9425088627ff1b0cc43a06d70b5b5c26","name":"Observat\u00f3rio Social do Trabalho","image":{"@type":"ImageObject","inLanguage":"pt-BR","@id":"https:\/\/wp.ufpel.edu.br\/observatoriosocial\/#\/schema\/person\/image\/","url":"https:\/\/secure.gravatar.com\/avatar\/d43e98fadb1b76f269caefc4932bb6eeeaded52590245fa81afad058769bb288?s=96&d=mm&r=g","contentUrl":"https:\/\/secure.gravatar.com\/avatar\/d43e98fadb1b76f269caefc4932bb6eeeaded52590245fa81afad058769bb288?s=96&d=mm&r=g","caption":"Observat\u00f3rio Social do Trabalho"},"url":"https:\/\/wp.ufpel.edu.br\/observatoriosocial\/author\/observatoriosocial\/"}]}},"jetpack_featured_media_url":"https:\/\/wp.ufpel.edu.br\/observatoriosocial\/files\/2019\/10\/Boletim-Informativo-N\u00ba-08-Agosto-de-2019-PELOTAS-RS-1.jpg","_links":{"self":[{"href":"https:\/\/wp.ufpel.edu.br\/observatoriosocial\/wp-json\/wp\/v2\/posts\/2531","targetHints":{"allow":["GET"]}}],"collection":[{"href":"https:\/\/wp.ufpel.edu.br\/observatoriosocial\/wp-json\/wp\/v2\/posts"}],"about":[{"href":"https:\/\/wp.ufpel.edu.br\/observatoriosocial\/wp-json\/wp\/v2\/types\/post"}],"author":[{"embeddable":true,"href":"https:\/\/wp.ufpel.edu.br\/observatoriosocial\/wp-json\/wp\/v2\/users\/102"}],"replies":[{"embeddable":true,"href":"https:\/\/wp.ufpel.edu.br\/observatoriosocial\/wp-json\/wp\/v2\/comments?post=2531"}],"version-history":[{"count":2,"href":"https:\/\/wp.ufpel.edu.br\/observatoriosocial\/wp-json\/wp\/v2\/posts\/2531\/revisions"}],"predecessor-version":[{"id":2536,"href":"https:\/\/wp.ufpel.edu.br\/observatoriosocial\/wp-json\/wp\/v2\/posts\/2531\/revisions\/2536"}],"wp:featuredmedia":[{"embeddable":true,"href":"https:\/\/wp.ufpel.edu.br\/observatoriosocial\/wp-json\/wp\/v2\/media\/2535"}],"wp:attachment":[{"href":"https:\/\/wp.ufpel.edu.br\/observatoriosocial\/wp-json\/wp\/v2\/media?parent=2531"}],"wp:term":[{"taxonomy":"category","embeddable":true,"href":"https:\/\/wp.ufpel.edu.br\/observatoriosocial\/wp-json\/wp\/v2\/categories?post=2531"},{"taxonomy":"post_tag","embeddable":true,"href":"https:\/\/wp.ufpel.edu.br\/observatoriosocial\/wp-json\/wp\/v2\/tags?post=2531"}],"curies":[{"name":"wp","href":"https:\/\/api.w.org\/{rel}","templated":true}]}}