{"id":2524,"date":"2019-09-23T17:30:08","date_gmt":"2019-09-23T20:30:08","guid":{"rendered":"https:\/\/wp.ufpel.edu.br\/observatoriosocial\/?p=2524"},"modified":"2019-09-23T17:30:08","modified_gmt":"2019-09-23T20:30:08","slug":"observatorio-participa-do-ii-workshop-sobre-os-objetivos-de-desenvolvimento-sustentavel","status":"publish","type":"post","link":"https:\/\/wp.ufpel.edu.br\/observatoriosocial\/2019\/09\/23\/observatorio-participa-do-ii-workshop-sobre-os-objetivos-de-desenvolvimento-sustentavel\/","title":{"rendered":"Observat\u00f3rio participa do II Workshop sobre os Objetivos de Desenvolvimento Sustent\u00e1vel"},"content":{"rendered":"<p style=\"text-align: justify\">Nesta ter\u00e7a-feira, dia 24 de setembro de 2019, ser\u00e1 realizado, em Pelotas-RS, o II Workshop sobre os Objetivos de Desenvolvimento Sustent\u00e1vel, uma realiza\u00e7\u00e3o do N\u00facleo Regional Sul dos ODS. O evento ocorrer\u00e1 das 13 \u00e0s 17 horas no Audit\u00f3rio da Associa\u00e7\u00e3o Comercial de Pelotas, na rua Sete de Setembro, 274, 8\u00ba andar. O Observat\u00f3rio Social do Trabalho, representado por seu coordenador, Prof. Francisco E. B. Vargas, participar\u00e1 do Painel II, quando apresentar\u00e1 as atividades do pr\u00f3prio Observat\u00f3rio como ferramenta para monitoramento dos indicadores de mercado de trabalho.<\/p>\n<p>Para acessar a programa\u00e7\u00e3o completa, clique no link abaixo:<\/p>\n<p><a href=\"https:\/\/wp.ufpel.edu.br\/observatoriosocial\/files\/2019\/09\/II-Workshop-sobre-os-Objetivos-de-Desenvolvimento-Sustent\u00e1vel-2019.pdf\">II Workshop sobre os Objetivos de Desenvolvimento Sustent\u00e1vel 2019<\/a><\/p>\n<p>&nbsp;<\/p>\n","protected":false},"excerpt":{"rendered":"<p>Nesta ter\u00e7a-feira, dia 24 de setembro de 2019, ser\u00e1 realizado, em Pelotas-RS, o II Workshop sobre os Objetivos de Desenvolvimento Sustent\u00e1vel, uma realiza\u00e7\u00e3o do N\u00facleo Regional Sul dos ODS. O evento ocorrer\u00e1 das 13 \u00e0s 17 horas no Audit\u00f3rio da Associa\u00e7\u00e3o Comercial de Pelotas, na rua Sete de Setembro, 274, 8\u00ba andar. O Observat\u00f3rio Social [&hellip;]<\/p>\n","protected":false},"author":102,"featured_media":0,"comment_status":"closed","ping_status":"closed","sticky":false,"template":"","format":"standard","meta":{"footnotes":""},"categories":[4],"tags":[36468,36481,36509,36530],"class_list":["post-2524","post","type-post","status-publish","format-standard","hentry","category-noticias","tag-emprego","tag-mercado-de-trabalho-e-ocupacao","tag-trabalho","tag-trabalho-decente"],"yoast_head":"<!-- This site is optimized with the Yoast SEO plugin v26.7 - https:\/\/yoast.com\/wordpress\/plugins\/seo\/ -->\n<title>Observat\u00f3rio participa do II Workshop sobre os Objetivos de Desenvolvimento Sustent\u00e1vel &#8226; OBSERVAT\u00d3RIO SOCIAL DO TRABALHO<\/title>\n<meta name=\"robots\" content=\"index, follow, max-snippet:-1, max-image-preview:large, max-video-preview:-1\" \/>\n<link rel=\"canonical\" href=\"https:\/\/wp.ufpel.edu.br\/observatoriosocial\/2019\/09\/23\/observatorio-participa-do-ii-workshop-sobre-os-objetivos-de-desenvolvimento-sustentavel\/\" \/>\n<meta property=\"og:locale\" content=\"pt_BR\" \/>\n<meta property=\"og:type\" content=\"article\" \/>\n<meta property=\"og:title\" content=\"Observat\u00f3rio participa do II Workshop sobre os Objetivos de Desenvolvimento Sustent\u00e1vel &#8226; OBSERVAT\u00d3RIO SOCIAL DO TRABALHO\" \/>\n<meta property=\"og:description\" content=\"Nesta ter\u00e7a-feira, dia 24 de setembro de 2019, ser\u00e1 realizado, em Pelotas-RS, o II Workshop sobre os Objetivos de Desenvolvimento Sustent\u00e1vel, uma realiza\u00e7\u00e3o do N\u00facleo Regional Sul dos ODS. O evento ocorrer\u00e1 das 13 \u00e0s 17 horas no Audit\u00f3rio da Associa\u00e7\u00e3o Comercial de Pelotas, na rua Sete de Setembro, 274, 8\u00ba andar. O Observat\u00f3rio Social [&hellip;]\" \/>\n<meta property=\"og:url\" content=\"https:\/\/wp.ufpel.edu.br\/observatoriosocial\/2019\/09\/23\/observatorio-participa-do-ii-workshop-sobre-os-objetivos-de-desenvolvimento-sustentavel\/\" \/>\n<meta property=\"og:site_name\" content=\"OBSERVAT\u00d3RIO SOCIAL DO TRABALHO\" \/>\n<meta property=\"article:publisher\" content=\"https:\/\/www.facebook.com\/observatoriodaufpel\/\" \/>\n<meta property=\"article:published_time\" content=\"2019-09-23T20:30:08+00:00\" \/>\n<meta name=\"author\" content=\"Observat\u00f3rio Social do Trabalho\" \/>\n<meta name=\"twitter:card\" content=\"summary_large_image\" \/>\n<meta name=\"twitter:creator\" content=\"@ufpeltrabalho\" \/>\n<meta name=\"twitter:site\" content=\"@ufpeltrabalho\" \/>\n<meta name=\"twitter:label1\" content=\"Escrito por\" \/>\n\t<meta name=\"twitter:data1\" content=\"Observat\u00f3rio Social do Trabalho\" \/>\n\t<meta name=\"twitter:label2\" content=\"Est. tempo de leitura\" \/>\n\t<meta name=\"twitter:data2\" content=\"1 minuto\" \/>\n<script type=\"application\/ld+json\" class=\"yoast-schema-graph\">{\"@context\":\"https:\/\/schema.org\",\"@graph\":[{\"@type\":\"Article\",\"@id\":\"https:\/\/wp.ufpel.edu.br\/observatoriosocial\/2019\/09\/23\/observatorio-participa-do-ii-workshop-sobre-os-objetivos-de-desenvolvimento-sustentavel\/#article\",\"isPartOf\":{\"@id\":\"https:\/\/wp.ufpel.edu.br\/observatoriosocial\/2019\/09\/23\/observatorio-participa-do-ii-workshop-sobre-os-objetivos-de-desenvolvimento-sustentavel\/\"},\"author\":{\"name\":\"Observat\u00f3rio Social do Trabalho\",\"@id\":\"https:\/\/wp.ufpel.edu.br\/observatoriosocial\/#\/schema\/person\/9425088627ff1b0cc43a06d70b5b5c26\"},\"headline\":\"Observat\u00f3rio participa do II Workshop sobre os Objetivos de Desenvolvimento Sustent\u00e1vel\",\"datePublished\":\"2019-09-23T20:30:08+00:00\",\"mainEntityOfPage\":{\"@id\":\"https:\/\/wp.ufpel.edu.br\/observatoriosocial\/2019\/09\/23\/observatorio-participa-do-ii-workshop-sobre-os-objetivos-de-desenvolvimento-sustentavel\/\"},\"wordCount\":123,\"keywords\":[\"emprego\",\"Mercado de trabalho e ocupa\u00e7\u00e3o\",\"trabalho\",\"trabalho decente\"],\"articleSection\":[\"Not\u00edcias\"],\"inLanguage\":\"pt-BR\"},{\"@type\":\"WebPage\",\"@id\":\"https:\/\/wp.ufpel.edu.br\/observatoriosocial\/2019\/09\/23\/observatorio-participa-do-ii-workshop-sobre-os-objetivos-de-desenvolvimento-sustentavel\/\",\"url\":\"https:\/\/wp.ufpel.edu.br\/observatoriosocial\/2019\/09\/23\/observatorio-participa-do-ii-workshop-sobre-os-objetivos-de-desenvolvimento-sustentavel\/\",\"name\":\"Observat\u00f3rio participa do II Workshop sobre os Objetivos de Desenvolvimento Sustent\u00e1vel &#8226; OBSERVAT\u00d3RIO SOCIAL DO TRABALHO\",\"isPartOf\":{\"@id\":\"https:\/\/wp.ufpel.edu.br\/observatoriosocial\/#website\"},\"datePublished\":\"2019-09-23T20:30:08+00:00\",\"author\":{\"@id\":\"https:\/\/wp.ufpel.edu.br\/observatoriosocial\/#\/schema\/person\/9425088627ff1b0cc43a06d70b5b5c26\"},\"breadcrumb\":{\"@id\":\"https:\/\/wp.ufpel.edu.br\/observatoriosocial\/2019\/09\/23\/observatorio-participa-do-ii-workshop-sobre-os-objetivos-de-desenvolvimento-sustentavel\/#breadcrumb\"},\"inLanguage\":\"pt-BR\",\"potentialAction\":[{\"@type\":\"ReadAction\",\"target\":[\"https:\/\/wp.ufpel.edu.br\/observatoriosocial\/2019\/09\/23\/observatorio-participa-do-ii-workshop-sobre-os-objetivos-de-desenvolvimento-sustentavel\/\"]}]},{\"@type\":\"BreadcrumbList\",\"@id\":\"https:\/\/wp.ufpel.edu.br\/observatoriosocial\/2019\/09\/23\/observatorio-participa-do-ii-workshop-sobre-os-objetivos-de-desenvolvimento-sustentavel\/#breadcrumb\",\"itemListElement\":[{\"@type\":\"ListItem\",\"position\":1,\"name\":\"In\u00edcio\",\"item\":\"https:\/\/wp.ufpel.edu.br\/observatoriosocial\/\"},{\"@type\":\"ListItem\",\"position\":2,\"name\":\"Observat\u00f3rio participa do II Workshop sobre os Objetivos de Desenvolvimento Sustent\u00e1vel\"}]},{\"@type\":\"WebSite\",\"@id\":\"https:\/\/wp.ufpel.edu.br\/observatoriosocial\/#website\",\"url\":\"https:\/\/wp.ufpel.edu.br\/observatoriosocial\/\",\"name\":\"OBSERVAT\u00d3RIO SOCIAL DO TRABALHO\",\"description\":\"Instituto de Filosofia, Sociologia e Pol\u00edtica (IFISP) \/ Universidade Federal de Pelotas (UFPel)\",\"potentialAction\":[{\"@type\":\"SearchAction\",\"target\":{\"@type\":\"EntryPoint\",\"urlTemplate\":\"https:\/\/wp.ufpel.edu.br\/observatoriosocial\/?s={search_term_string}\"},\"query-input\":{\"@type\":\"PropertyValueSpecification\",\"valueRequired\":true,\"valueName\":\"search_term_string\"}}],\"inLanguage\":\"pt-BR\"},{\"@type\":\"Person\",\"@id\":\"https:\/\/wp.ufpel.edu.br\/observatoriosocial\/#\/schema\/person\/9425088627ff1b0cc43a06d70b5b5c26\",\"name\":\"Observat\u00f3rio Social do Trabalho\",\"image\":{\"@type\":\"ImageObject\",\"inLanguage\":\"pt-BR\",\"@id\":\"https:\/\/wp.ufpel.edu.br\/observatoriosocial\/#\/schema\/person\/image\/\",\"url\":\"https:\/\/secure.gravatar.com\/avatar\/d43e98fadb1b76f269caefc4932bb6eeeaded52590245fa81afad058769bb288?s=96&d=mm&r=g\",\"contentUrl\":\"https:\/\/secure.gravatar.com\/avatar\/d43e98fadb1b76f269caefc4932bb6eeeaded52590245fa81afad058769bb288?s=96&d=mm&r=g\",\"caption\":\"Observat\u00f3rio Social do Trabalho\"},\"url\":\"https:\/\/wp.ufpel.edu.br\/observatoriosocial\/author\/observatoriosocial\/\"}]}<\/script>\n<!-- \/ Yoast SEO plugin. -->","yoast_head_json":{"title":"Observat\u00f3rio participa do II Workshop sobre os Objetivos de Desenvolvimento Sustent\u00e1vel &#8226; OBSERVAT\u00d3RIO SOCIAL DO TRABALHO","robots":{"index":"index","follow":"follow","max-snippet":"max-snippet:-1","max-image-preview":"max-image-preview:large","max-video-preview":"max-video-preview:-1"},"canonical":"https:\/\/wp.ufpel.edu.br\/observatoriosocial\/2019\/09\/23\/observatorio-participa-do-ii-workshop-sobre-os-objetivos-de-desenvolvimento-sustentavel\/","og_locale":"pt_BR","og_type":"article","og_title":"Observat\u00f3rio participa do II Workshop sobre os Objetivos de Desenvolvimento Sustent\u00e1vel &#8226; OBSERVAT\u00d3RIO SOCIAL DO TRABALHO","og_description":"Nesta ter\u00e7a-feira, dia 24 de setembro de 2019, ser\u00e1 realizado, em Pelotas-RS, o II Workshop sobre os Objetivos de Desenvolvimento Sustent\u00e1vel, uma realiza\u00e7\u00e3o do N\u00facleo Regional Sul dos ODS. O evento ocorrer\u00e1 das 13 \u00e0s 17 horas no Audit\u00f3rio da Associa\u00e7\u00e3o Comercial de Pelotas, na rua Sete de Setembro, 274, 8\u00ba andar. O Observat\u00f3rio Social [&hellip;]","og_url":"https:\/\/wp.ufpel.edu.br\/observatoriosocial\/2019\/09\/23\/observatorio-participa-do-ii-workshop-sobre-os-objetivos-de-desenvolvimento-sustentavel\/","og_site_name":"OBSERVAT\u00d3RIO SOCIAL DO TRABALHO","article_publisher":"https:\/\/www.facebook.com\/observatoriodaufpel\/","article_published_time":"2019-09-23T20:30:08+00:00","author":"Observat\u00f3rio Social do Trabalho","twitter_card":"summary_large_image","twitter_creator":"@ufpeltrabalho","twitter_site":"@ufpeltrabalho","twitter_misc":{"Escrito por":"Observat\u00f3rio Social do Trabalho","Est. tempo de leitura":"1 minuto"},"schema":{"@context":"https:\/\/schema.org","@graph":[{"@type":"Article","@id":"https:\/\/wp.ufpel.edu.br\/observatoriosocial\/2019\/09\/23\/observatorio-participa-do-ii-workshop-sobre-os-objetivos-de-desenvolvimento-sustentavel\/#article","isPartOf":{"@id":"https:\/\/wp.ufpel.edu.br\/observatoriosocial\/2019\/09\/23\/observatorio-participa-do-ii-workshop-sobre-os-objetivos-de-desenvolvimento-sustentavel\/"},"author":{"name":"Observat\u00f3rio Social do Trabalho","@id":"https:\/\/wp.ufpel.edu.br\/observatoriosocial\/#\/schema\/person\/9425088627ff1b0cc43a06d70b5b5c26"},"headline":"Observat\u00f3rio participa do II Workshop sobre os Objetivos de Desenvolvimento Sustent\u00e1vel","datePublished":"2019-09-23T20:30:08+00:00","mainEntityOfPage":{"@id":"https:\/\/wp.ufpel.edu.br\/observatoriosocial\/2019\/09\/23\/observatorio-participa-do-ii-workshop-sobre-os-objetivos-de-desenvolvimento-sustentavel\/"},"wordCount":123,"keywords":["emprego","Mercado de trabalho e ocupa\u00e7\u00e3o","trabalho","trabalho decente"],"articleSection":["Not\u00edcias"],"inLanguage":"pt-BR"},{"@type":"WebPage","@id":"https:\/\/wp.ufpel.edu.br\/observatoriosocial\/2019\/09\/23\/observatorio-participa-do-ii-workshop-sobre-os-objetivos-de-desenvolvimento-sustentavel\/","url":"https:\/\/wp.ufpel.edu.br\/observatoriosocial\/2019\/09\/23\/observatorio-participa-do-ii-workshop-sobre-os-objetivos-de-desenvolvimento-sustentavel\/","name":"Observat\u00f3rio participa do II Workshop sobre os Objetivos de Desenvolvimento Sustent\u00e1vel &#8226; OBSERVAT\u00d3RIO SOCIAL DO TRABALHO","isPartOf":{"@id":"https:\/\/wp.ufpel.edu.br\/observatoriosocial\/#website"},"datePublished":"2019-09-23T20:30:08+00:00","author":{"@id":"https:\/\/wp.ufpel.edu.br\/observatoriosocial\/#\/schema\/person\/9425088627ff1b0cc43a06d70b5b5c26"},"breadcrumb":{"@id":"https:\/\/wp.ufpel.edu.br\/observatoriosocial\/2019\/09\/23\/observatorio-participa-do-ii-workshop-sobre-os-objetivos-de-desenvolvimento-sustentavel\/#breadcrumb"},"inLanguage":"pt-BR","potentialAction":[{"@type":"ReadAction","target":["https:\/\/wp.ufpel.edu.br\/observatoriosocial\/2019\/09\/23\/observatorio-participa-do-ii-workshop-sobre-os-objetivos-de-desenvolvimento-sustentavel\/"]}]},{"@type":"BreadcrumbList","@id":"https:\/\/wp.ufpel.edu.br\/observatoriosocial\/2019\/09\/23\/observatorio-participa-do-ii-workshop-sobre-os-objetivos-de-desenvolvimento-sustentavel\/#breadcrumb","itemListElement":[{"@type":"ListItem","position":1,"name":"In\u00edcio","item":"https:\/\/wp.ufpel.edu.br\/observatoriosocial\/"},{"@type":"ListItem","position":2,"name":"Observat\u00f3rio participa do II Workshop sobre os Objetivos de Desenvolvimento Sustent\u00e1vel"}]},{"@type":"WebSite","@id":"https:\/\/wp.ufpel.edu.br\/observatoriosocial\/#website","url":"https:\/\/wp.ufpel.edu.br\/observatoriosocial\/","name":"OBSERVAT\u00d3RIO SOCIAL DO TRABALHO","description":"Instituto de Filosofia, Sociologia e Pol\u00edtica (IFISP) \/ Universidade Federal de Pelotas (UFPel)","potentialAction":[{"@type":"SearchAction","target":{"@type":"EntryPoint","urlTemplate":"https:\/\/wp.ufpel.edu.br\/observatoriosocial\/?s={search_term_string}"},"query-input":{"@type":"PropertyValueSpecification","valueRequired":true,"valueName":"search_term_string"}}],"inLanguage":"pt-BR"},{"@type":"Person","@id":"https:\/\/wp.ufpel.edu.br\/observatoriosocial\/#\/schema\/person\/9425088627ff1b0cc43a06d70b5b5c26","name":"Observat\u00f3rio Social do Trabalho","image":{"@type":"ImageObject","inLanguage":"pt-BR","@id":"https:\/\/wp.ufpel.edu.br\/observatoriosocial\/#\/schema\/person\/image\/","url":"https:\/\/secure.gravatar.com\/avatar\/d43e98fadb1b76f269caefc4932bb6eeeaded52590245fa81afad058769bb288?s=96&d=mm&r=g","contentUrl":"https:\/\/secure.gravatar.com\/avatar\/d43e98fadb1b76f269caefc4932bb6eeeaded52590245fa81afad058769bb288?s=96&d=mm&r=g","caption":"Observat\u00f3rio Social do Trabalho"},"url":"https:\/\/wp.ufpel.edu.br\/observatoriosocial\/author\/observatoriosocial\/"}]}},"jetpack_featured_media_url":"","_links":{"self":[{"href":"https:\/\/wp.ufpel.edu.br\/observatoriosocial\/wp-json\/wp\/v2\/posts\/2524","targetHints":{"allow":["GET"]}}],"collection":[{"href":"https:\/\/wp.ufpel.edu.br\/observatoriosocial\/wp-json\/wp\/v2\/posts"}],"about":[{"href":"https:\/\/wp.ufpel.edu.br\/observatoriosocial\/wp-json\/wp\/v2\/types\/post"}],"author":[{"embeddable":true,"href":"https:\/\/wp.ufpel.edu.br\/observatoriosocial\/wp-json\/wp\/v2\/users\/102"}],"replies":[{"embeddable":true,"href":"https:\/\/wp.ufpel.edu.br\/observatoriosocial\/wp-json\/wp\/v2\/comments?post=2524"}],"version-history":[{"count":3,"href":"https:\/\/wp.ufpel.edu.br\/observatoriosocial\/wp-json\/wp\/v2\/posts\/2524\/revisions"}],"predecessor-version":[{"id":2529,"href":"https:\/\/wp.ufpel.edu.br\/observatoriosocial\/wp-json\/wp\/v2\/posts\/2524\/revisions\/2529"}],"wp:attachment":[{"href":"https:\/\/wp.ufpel.edu.br\/observatoriosocial\/wp-json\/wp\/v2\/media?parent=2524"}],"wp:term":[{"taxonomy":"category","embeddable":true,"href":"https:\/\/wp.ufpel.edu.br\/observatoriosocial\/wp-json\/wp\/v2\/categories?post=2524"},{"taxonomy":"post_tag","embeddable":true,"href":"https:\/\/wp.ufpel.edu.br\/observatoriosocial\/wp-json\/wp\/v2\/tags?post=2524"}],"curies":[{"name":"wp","href":"https:\/\/api.w.org\/{rel}","templated":true}]}}