{"id":2303,"date":"2019-05-03T09:59:12","date_gmt":"2019-05-03T12:59:12","guid":{"rendered":"https:\/\/wp.ufpel.edu.br\/observatoriosocial\/?p=2303"},"modified":"2019-05-03T09:59:12","modified_gmt":"2019-05-03T12:59:12","slug":"em-rio-grande-saldo-do-emprego-formal-em-marco-tambem-e-negativo","status":"publish","type":"post","link":"https:\/\/wp.ufpel.edu.br\/observatoriosocial\/2019\/05\/03\/em-rio-grande-saldo-do-emprego-formal-em-marco-tambem-e-negativo\/","title":{"rendered":"Em Rio Grande, saldo do emprego formal em mar\u00e7o tamb\u00e9m \u00e9 negativo"},"content":{"rendered":"<p>Segundo o Cadastro Geral de Empregados e Desempregados (CAGED) da Secretaria do Trabalho do Minist\u00e9rio da Economia, no m\u00eas de mar\u00e7o de 2019 ocorreram, em Rio Grande, 1.196 admiss\u00f5es e 1.331 desligamentos, resultando em um saldo de -135 v\u00ednculos formais de emprego celetista. Com isso, a taxa de varia\u00e7\u00e3o do emprego formal foi de -0,35%, com o estoque passando de 38.417 v\u00ednculos, em fevereiro de 2019, para 38.282 em mar\u00e7o. O saldo do m\u00eas de mar\u00e7o foi inferior ao observado no m\u00eas anterior (-85 v\u00ednculos) e foi tamb\u00e9m inferior ao saldo de mar\u00e7o do ano anterior (+99 v\u00ednculos). Trata-se do quarto m\u00eas consecutivo com saldo negativo e o pior desempenho de um m\u00eas de mar\u00e7o desde 2010.<\/p>\n<p>Para acessar o Boletim Informativo referente a movimenta\u00e7\u00e3o do emprego no m\u00eas de mar\u00e7o em Rio Grande, clique no link abaixo:<\/p>\n<p><a href=\"https:\/\/wp.ufpel.edu.br\/observatoriosocial\/files\/2019\/05\/Boletim-Informativo-N\u00ba-03-Mar\u00e7o-de-2019-RIO-GRANDE-RS.ppsx\">Boletim Informativo N\u00ba 03 Mar\u00e7o de 2019 RIO GRANDE-RS<\/a><\/p>\n<p>No acumulado do ano, ocorreram 3.755 admiss\u00f5es e 4.117 desligamentos em Rio Grande, o que resultou em um saldo de -362 v\u00ednculos formais de emprego. Nesse per\u00edodo, o estoque passou de 38.644 v\u00ednculos formais de emprego, em dezembro de 2018, para 38.282 em mar\u00e7o de 2019, uma taxa de varia\u00e7\u00e3o de -0,94%.<\/p>\n<p>No per\u00edodo de doze meses, ocorreram 16.416 admiss\u00f5es e 15.341 desligamentos em Rio Grande, o que resultou em um saldo de 1.075 v\u00ednculos formais de emprego. Nesse per\u00edodo, o estoque passou de 37.207 v\u00ednculos formais de emprego, em mar\u00e7o de 2018, para 38.282 em mar\u00e7o de 2019, uma taxa de varia\u00e7\u00e3o de 2,89%.<\/p>\n<h3>A conjuntura setorial do emprego<\/h3>\n<p>O desempenho negativo (-135 v\u00ednculos) do mercado formal de trabalho de Rio Grande, em mar\u00e7o, foi puxado principalmente pelos saldos dos setores de servi\u00e7os (-65 v\u00ednculos) e do com\u00e9rcio (-47 v\u00ednculos). A constru\u00e7\u00e3o civil (-16 v\u00ednculos) e a agropecu\u00e1ria (-11 v\u00ednculos) tamb\u00e9m apresentaram desempenho negativo. A ind\u00fastria foi o \u00fanico setor a apresentar desempenho discretamente positivo (+4 v\u00ednculos).<\/p>\n<p>No acumulado do ano, o desempenho negativo (-362 v\u00ednculos) foi puxado pelo com\u00e9rcio e pela ind\u00fastria, que apresentaram saldos de -354 e -146 v\u00ednculos, respectivamente. O setor de servi\u00e7os tamb\u00e9m apresentou desempenho negativo (-48 v\u00ednculos). Os setores da constru\u00e7\u00e3o civil (+157 v\u00ednculos) e da agropecu\u00e1ria (+29 v\u00ednculos) registraram saldos positivos.<\/p>\n<p>No per\u00edodo de doze meses, o bom desempenho (+1.075 v\u00ednculos) foi puxado principalmente pela constru\u00e7\u00e3o civil que apresentou um saldo de 1.909 v\u00ednculos. O setor da agropecu\u00e1ria tamb\u00e9m apresentou saldo positivo (+22 v\u00ednculos), mas discreto. J\u00e1 os servi\u00e7os (-346 v\u00ednculos), a ind\u00fastria (-316 v\u00ednculos) e o com\u00e9rcio (-194 v\u00ednculos) apresentaram desempenho negativo.<\/p>\n<p>&nbsp;<\/p>\n","protected":false},"excerpt":{"rendered":"<p>Segundo o Cadastro Geral de Empregados e Desempregados (CAGED) da Secretaria do Trabalho do Minist\u00e9rio da Economia, no m\u00eas de mar\u00e7o de 2019 ocorreram, em Rio Grande, 1.196 admiss\u00f5es e 1.331 desligamentos, resultando em um saldo de -135 v\u00ednculos formais de emprego celetista. Com isso, a taxa de varia\u00e7\u00e3o do emprego formal foi de -0,35%, [&hellip;]<\/p>\n","protected":false},"author":102,"featured_media":2307,"comment_status":"closed","ping_status":"closed","sticky":false,"template":"","format":"standard","meta":{"footnotes":""},"categories":[4],"tags":[36470,36474,36473,36481],"class_list":["post-2303","post","type-post","status-publish","format-standard","has-post-thumbnail","hentry","category-noticias","tag-conjuntura-do-emprego","tag-emprego-formal","tag-indicadores-de-mercado-de-trabalho","tag-mercado-de-trabalho-e-ocupacao"],"yoast_head":"<!-- This site is optimized with the Yoast SEO plugin v26.7 - https:\/\/yoast.com\/wordpress\/plugins\/seo\/ -->\n<title>Em Rio Grande, saldo do emprego formal em mar\u00e7o tamb\u00e9m \u00e9 negativo &#8226; OBSERVAT\u00d3RIO SOCIAL DO TRABALHO<\/title>\n<meta name=\"robots\" content=\"index, follow, max-snippet:-1, max-image-preview:large, max-video-preview:-1\" \/>\n<link rel=\"canonical\" href=\"https:\/\/wp.ufpel.edu.br\/observatoriosocial\/2019\/05\/03\/em-rio-grande-saldo-do-emprego-formal-em-marco-tambem-e-negativo\/\" \/>\n<meta property=\"og:locale\" content=\"pt_BR\" \/>\n<meta property=\"og:type\" content=\"article\" \/>\n<meta property=\"og:title\" content=\"Em Rio Grande, saldo do emprego formal em mar\u00e7o tamb\u00e9m \u00e9 negativo &#8226; OBSERVAT\u00d3RIO SOCIAL DO TRABALHO\" \/>\n<meta property=\"og:description\" content=\"Segundo o Cadastro Geral de Empregados e Desempregados (CAGED) da Secretaria do Trabalho do Minist\u00e9rio da Economia, no m\u00eas de mar\u00e7o de 2019 ocorreram, em Rio Grande, 1.196 admiss\u00f5es e 1.331 desligamentos, resultando em um saldo de -135 v\u00ednculos formais de emprego celetista. Com isso, a taxa de varia\u00e7\u00e3o do emprego formal foi de -0,35%, [&hellip;]\" \/>\n<meta property=\"og:url\" content=\"https:\/\/wp.ufpel.edu.br\/observatoriosocial\/2019\/05\/03\/em-rio-grande-saldo-do-emprego-formal-em-marco-tambem-e-negativo\/\" \/>\n<meta property=\"og:site_name\" content=\"OBSERVAT\u00d3RIO SOCIAL DO TRABALHO\" \/>\n<meta property=\"article:publisher\" content=\"https:\/\/www.facebook.com\/observatoriodaufpel\/\" \/>\n<meta property=\"article:published_time\" content=\"2019-05-03T12:59:12+00:00\" \/>\n<meta property=\"og:image\" content=\"https:\/\/i2.wp.com\/wp.ufpel.edu.br\/observatoriosocial\/files\/2019\/05\/Boletim-Informativo-N\u00ba-03-Mar\u00e7o-de-2019-RIO-GRANDE-RS.jpg?fit=1280%2C720&ssl=1\" \/>\n\t<meta property=\"og:image:width\" content=\"1280\" \/>\n\t<meta property=\"og:image:height\" content=\"720\" \/>\n\t<meta property=\"og:image:type\" content=\"image\/jpeg\" \/>\n<meta name=\"author\" content=\"Observat\u00f3rio Social do Trabalho\" \/>\n<meta name=\"twitter:card\" content=\"summary_large_image\" \/>\n<meta name=\"twitter:creator\" content=\"@ufpeltrabalho\" \/>\n<meta name=\"twitter:site\" content=\"@ufpeltrabalho\" \/>\n<meta name=\"twitter:label1\" content=\"Escrito por\" \/>\n\t<meta name=\"twitter:data1\" content=\"Observat\u00f3rio Social do Trabalho\" \/>\n\t<meta name=\"twitter:label2\" content=\"Est. tempo de leitura\" \/>\n\t<meta name=\"twitter:data2\" content=\"2 minutos\" \/>\n<script type=\"application\/ld+json\" class=\"yoast-schema-graph\">{\"@context\":\"https:\/\/schema.org\",\"@graph\":[{\"@type\":\"Article\",\"@id\":\"https:\/\/wp.ufpel.edu.br\/observatoriosocial\/2019\/05\/03\/em-rio-grande-saldo-do-emprego-formal-em-marco-tambem-e-negativo\/#article\",\"isPartOf\":{\"@id\":\"https:\/\/wp.ufpel.edu.br\/observatoriosocial\/2019\/05\/03\/em-rio-grande-saldo-do-emprego-formal-em-marco-tambem-e-negativo\/\"},\"author\":{\"name\":\"Observat\u00f3rio Social do Trabalho\",\"@id\":\"https:\/\/wp.ufpel.edu.br\/observatoriosocial\/#\/schema\/person\/9425088627ff1b0cc43a06d70b5b5c26\"},\"headline\":\"Em Rio Grande, saldo do emprego formal em mar\u00e7o tamb\u00e9m \u00e9 negativo\",\"datePublished\":\"2019-05-03T12:59:12+00:00\",\"mainEntityOfPage\":{\"@id\":\"https:\/\/wp.ufpel.edu.br\/observatoriosocial\/2019\/05\/03\/em-rio-grande-saldo-do-emprego-formal-em-marco-tambem-e-negativo\/\"},\"wordCount\":474,\"image\":{\"@id\":\"https:\/\/wp.ufpel.edu.br\/observatoriosocial\/2019\/05\/03\/em-rio-grande-saldo-do-emprego-formal-em-marco-tambem-e-negativo\/#primaryimage\"},\"thumbnailUrl\":\"https:\/\/wp.ufpel.edu.br\/observatoriosocial\/files\/2019\/05\/Boletim-Informativo-N\u00ba-03-Mar\u00e7o-de-2019-RIO-GRANDE-RS.jpg\",\"keywords\":[\"conjuntura do emprego\",\"Emprego formal\",\"indicadores de mercado de trabalho\",\"Mercado de trabalho e ocupa\u00e7\u00e3o\"],\"articleSection\":[\"Not\u00edcias\"],\"inLanguage\":\"pt-BR\"},{\"@type\":\"WebPage\",\"@id\":\"https:\/\/wp.ufpel.edu.br\/observatoriosocial\/2019\/05\/03\/em-rio-grande-saldo-do-emprego-formal-em-marco-tambem-e-negativo\/\",\"url\":\"https:\/\/wp.ufpel.edu.br\/observatoriosocial\/2019\/05\/03\/em-rio-grande-saldo-do-emprego-formal-em-marco-tambem-e-negativo\/\",\"name\":\"Em Rio Grande, saldo do emprego formal em mar\u00e7o tamb\u00e9m \u00e9 negativo &#8226; OBSERVAT\u00d3RIO SOCIAL DO TRABALHO\",\"isPartOf\":{\"@id\":\"https:\/\/wp.ufpel.edu.br\/observatoriosocial\/#website\"},\"primaryImageOfPage\":{\"@id\":\"https:\/\/wp.ufpel.edu.br\/observatoriosocial\/2019\/05\/03\/em-rio-grande-saldo-do-emprego-formal-em-marco-tambem-e-negativo\/#primaryimage\"},\"image\":{\"@id\":\"https:\/\/wp.ufpel.edu.br\/observatoriosocial\/2019\/05\/03\/em-rio-grande-saldo-do-emprego-formal-em-marco-tambem-e-negativo\/#primaryimage\"},\"thumbnailUrl\":\"https:\/\/wp.ufpel.edu.br\/observatoriosocial\/files\/2019\/05\/Boletim-Informativo-N\u00ba-03-Mar\u00e7o-de-2019-RIO-GRANDE-RS.jpg\",\"datePublished\":\"2019-05-03T12:59:12+00:00\",\"author\":{\"@id\":\"https:\/\/wp.ufpel.edu.br\/observatoriosocial\/#\/schema\/person\/9425088627ff1b0cc43a06d70b5b5c26\"},\"breadcrumb\":{\"@id\":\"https:\/\/wp.ufpel.edu.br\/observatoriosocial\/2019\/05\/03\/em-rio-grande-saldo-do-emprego-formal-em-marco-tambem-e-negativo\/#breadcrumb\"},\"inLanguage\":\"pt-BR\",\"potentialAction\":[{\"@type\":\"ReadAction\",\"target\":[\"https:\/\/wp.ufpel.edu.br\/observatoriosocial\/2019\/05\/03\/em-rio-grande-saldo-do-emprego-formal-em-marco-tambem-e-negativo\/\"]}]},{\"@type\":\"ImageObject\",\"inLanguage\":\"pt-BR\",\"@id\":\"https:\/\/wp.ufpel.edu.br\/observatoriosocial\/2019\/05\/03\/em-rio-grande-saldo-do-emprego-formal-em-marco-tambem-e-negativo\/#primaryimage\",\"url\":\"https:\/\/wp.ufpel.edu.br\/observatoriosocial\/files\/2019\/05\/Boletim-Informativo-N\u00ba-03-Mar\u00e7o-de-2019-RIO-GRANDE-RS.jpg\",\"contentUrl\":\"https:\/\/wp.ufpel.edu.br\/observatoriosocial\/files\/2019\/05\/Boletim-Informativo-N\u00ba-03-Mar\u00e7o-de-2019-RIO-GRANDE-RS.jpg\",\"width\":1280,\"height\":720},{\"@type\":\"BreadcrumbList\",\"@id\":\"https:\/\/wp.ufpel.edu.br\/observatoriosocial\/2019\/05\/03\/em-rio-grande-saldo-do-emprego-formal-em-marco-tambem-e-negativo\/#breadcrumb\",\"itemListElement\":[{\"@type\":\"ListItem\",\"position\":1,\"name\":\"In\u00edcio\",\"item\":\"https:\/\/wp.ufpel.edu.br\/observatoriosocial\/\"},{\"@type\":\"ListItem\",\"position\":2,\"name\":\"Em Rio Grande, saldo do emprego formal em mar\u00e7o tamb\u00e9m \u00e9 negativo\"}]},{\"@type\":\"WebSite\",\"@id\":\"https:\/\/wp.ufpel.edu.br\/observatoriosocial\/#website\",\"url\":\"https:\/\/wp.ufpel.edu.br\/observatoriosocial\/\",\"name\":\"OBSERVAT\u00d3RIO SOCIAL DO TRABALHO\",\"description\":\"Instituto de Filosofia, Sociologia e Pol\u00edtica (IFISP) \/ Universidade Federal de Pelotas (UFPel)\",\"potentialAction\":[{\"@type\":\"SearchAction\",\"target\":{\"@type\":\"EntryPoint\",\"urlTemplate\":\"https:\/\/wp.ufpel.edu.br\/observatoriosocial\/?s={search_term_string}\"},\"query-input\":{\"@type\":\"PropertyValueSpecification\",\"valueRequired\":true,\"valueName\":\"search_term_string\"}}],\"inLanguage\":\"pt-BR\"},{\"@type\":\"Person\",\"@id\":\"https:\/\/wp.ufpel.edu.br\/observatoriosocial\/#\/schema\/person\/9425088627ff1b0cc43a06d70b5b5c26\",\"name\":\"Observat\u00f3rio Social do Trabalho\",\"image\":{\"@type\":\"ImageObject\",\"inLanguage\":\"pt-BR\",\"@id\":\"https:\/\/wp.ufpel.edu.br\/observatoriosocial\/#\/schema\/person\/image\/\",\"url\":\"https:\/\/secure.gravatar.com\/avatar\/d43e98fadb1b76f269caefc4932bb6eeeaded52590245fa81afad058769bb288?s=96&d=mm&r=g\",\"contentUrl\":\"https:\/\/secure.gravatar.com\/avatar\/d43e98fadb1b76f269caefc4932bb6eeeaded52590245fa81afad058769bb288?s=96&d=mm&r=g\",\"caption\":\"Observat\u00f3rio Social do Trabalho\"},\"url\":\"https:\/\/wp.ufpel.edu.br\/observatoriosocial\/author\/observatoriosocial\/\"}]}<\/script>\n<!-- \/ Yoast SEO plugin. -->","yoast_head_json":{"title":"Em Rio Grande, saldo do emprego formal em mar\u00e7o tamb\u00e9m \u00e9 negativo &#8226; OBSERVAT\u00d3RIO SOCIAL DO TRABALHO","robots":{"index":"index","follow":"follow","max-snippet":"max-snippet:-1","max-image-preview":"max-image-preview:large","max-video-preview":"max-video-preview:-1"},"canonical":"https:\/\/wp.ufpel.edu.br\/observatoriosocial\/2019\/05\/03\/em-rio-grande-saldo-do-emprego-formal-em-marco-tambem-e-negativo\/","og_locale":"pt_BR","og_type":"article","og_title":"Em Rio Grande, saldo do emprego formal em mar\u00e7o tamb\u00e9m \u00e9 negativo &#8226; OBSERVAT\u00d3RIO SOCIAL DO TRABALHO","og_description":"Segundo o Cadastro Geral de Empregados e Desempregados (CAGED) da Secretaria do Trabalho do Minist\u00e9rio da Economia, no m\u00eas de mar\u00e7o de 2019 ocorreram, em Rio Grande, 1.196 admiss\u00f5es e 1.331 desligamentos, resultando em um saldo de -135 v\u00ednculos formais de emprego celetista. Com isso, a taxa de varia\u00e7\u00e3o do emprego formal foi de -0,35%, [&hellip;]","og_url":"https:\/\/wp.ufpel.edu.br\/observatoriosocial\/2019\/05\/03\/em-rio-grande-saldo-do-emprego-formal-em-marco-tambem-e-negativo\/","og_site_name":"OBSERVAT\u00d3RIO SOCIAL DO TRABALHO","article_publisher":"https:\/\/www.facebook.com\/observatoriodaufpel\/","article_published_time":"2019-05-03T12:59:12+00:00","og_image":[{"width":1280,"height":720,"url":"https:\/\/i2.wp.com\/wp.ufpel.edu.br\/observatoriosocial\/files\/2019\/05\/Boletim-Informativo-N\u00ba-03-Mar\u00e7o-de-2019-RIO-GRANDE-RS.jpg?fit=1280%2C720&ssl=1","type":"image\/jpeg"}],"author":"Observat\u00f3rio Social do Trabalho","twitter_card":"summary_large_image","twitter_creator":"@ufpeltrabalho","twitter_site":"@ufpeltrabalho","twitter_misc":{"Escrito por":"Observat\u00f3rio Social do Trabalho","Est. tempo de leitura":"2 minutos"},"schema":{"@context":"https:\/\/schema.org","@graph":[{"@type":"Article","@id":"https:\/\/wp.ufpel.edu.br\/observatoriosocial\/2019\/05\/03\/em-rio-grande-saldo-do-emprego-formal-em-marco-tambem-e-negativo\/#article","isPartOf":{"@id":"https:\/\/wp.ufpel.edu.br\/observatoriosocial\/2019\/05\/03\/em-rio-grande-saldo-do-emprego-formal-em-marco-tambem-e-negativo\/"},"author":{"name":"Observat\u00f3rio Social do Trabalho","@id":"https:\/\/wp.ufpel.edu.br\/observatoriosocial\/#\/schema\/person\/9425088627ff1b0cc43a06d70b5b5c26"},"headline":"Em Rio Grande, saldo do emprego formal em mar\u00e7o tamb\u00e9m \u00e9 negativo","datePublished":"2019-05-03T12:59:12+00:00","mainEntityOfPage":{"@id":"https:\/\/wp.ufpel.edu.br\/observatoriosocial\/2019\/05\/03\/em-rio-grande-saldo-do-emprego-formal-em-marco-tambem-e-negativo\/"},"wordCount":474,"image":{"@id":"https:\/\/wp.ufpel.edu.br\/observatoriosocial\/2019\/05\/03\/em-rio-grande-saldo-do-emprego-formal-em-marco-tambem-e-negativo\/#primaryimage"},"thumbnailUrl":"https:\/\/wp.ufpel.edu.br\/observatoriosocial\/files\/2019\/05\/Boletim-Informativo-N\u00ba-03-Mar\u00e7o-de-2019-RIO-GRANDE-RS.jpg","keywords":["conjuntura do emprego","Emprego formal","indicadores de mercado de trabalho","Mercado de trabalho e ocupa\u00e7\u00e3o"],"articleSection":["Not\u00edcias"],"inLanguage":"pt-BR"},{"@type":"WebPage","@id":"https:\/\/wp.ufpel.edu.br\/observatoriosocial\/2019\/05\/03\/em-rio-grande-saldo-do-emprego-formal-em-marco-tambem-e-negativo\/","url":"https:\/\/wp.ufpel.edu.br\/observatoriosocial\/2019\/05\/03\/em-rio-grande-saldo-do-emprego-formal-em-marco-tambem-e-negativo\/","name":"Em Rio Grande, saldo do emprego formal em mar\u00e7o tamb\u00e9m \u00e9 negativo &#8226; OBSERVAT\u00d3RIO SOCIAL DO TRABALHO","isPartOf":{"@id":"https:\/\/wp.ufpel.edu.br\/observatoriosocial\/#website"},"primaryImageOfPage":{"@id":"https:\/\/wp.ufpel.edu.br\/observatoriosocial\/2019\/05\/03\/em-rio-grande-saldo-do-emprego-formal-em-marco-tambem-e-negativo\/#primaryimage"},"image":{"@id":"https:\/\/wp.ufpel.edu.br\/observatoriosocial\/2019\/05\/03\/em-rio-grande-saldo-do-emprego-formal-em-marco-tambem-e-negativo\/#primaryimage"},"thumbnailUrl":"https:\/\/wp.ufpel.edu.br\/observatoriosocial\/files\/2019\/05\/Boletim-Informativo-N\u00ba-03-Mar\u00e7o-de-2019-RIO-GRANDE-RS.jpg","datePublished":"2019-05-03T12:59:12+00:00","author":{"@id":"https:\/\/wp.ufpel.edu.br\/observatoriosocial\/#\/schema\/person\/9425088627ff1b0cc43a06d70b5b5c26"},"breadcrumb":{"@id":"https:\/\/wp.ufpel.edu.br\/observatoriosocial\/2019\/05\/03\/em-rio-grande-saldo-do-emprego-formal-em-marco-tambem-e-negativo\/#breadcrumb"},"inLanguage":"pt-BR","potentialAction":[{"@type":"ReadAction","target":["https:\/\/wp.ufpel.edu.br\/observatoriosocial\/2019\/05\/03\/em-rio-grande-saldo-do-emprego-formal-em-marco-tambem-e-negativo\/"]}]},{"@type":"ImageObject","inLanguage":"pt-BR","@id":"https:\/\/wp.ufpel.edu.br\/observatoriosocial\/2019\/05\/03\/em-rio-grande-saldo-do-emprego-formal-em-marco-tambem-e-negativo\/#primaryimage","url":"https:\/\/wp.ufpel.edu.br\/observatoriosocial\/files\/2019\/05\/Boletim-Informativo-N\u00ba-03-Mar\u00e7o-de-2019-RIO-GRANDE-RS.jpg","contentUrl":"https:\/\/wp.ufpel.edu.br\/observatoriosocial\/files\/2019\/05\/Boletim-Informativo-N\u00ba-03-Mar\u00e7o-de-2019-RIO-GRANDE-RS.jpg","width":1280,"height":720},{"@type":"BreadcrumbList","@id":"https:\/\/wp.ufpel.edu.br\/observatoriosocial\/2019\/05\/03\/em-rio-grande-saldo-do-emprego-formal-em-marco-tambem-e-negativo\/#breadcrumb","itemListElement":[{"@type":"ListItem","position":1,"name":"In\u00edcio","item":"https:\/\/wp.ufpel.edu.br\/observatoriosocial\/"},{"@type":"ListItem","position":2,"name":"Em Rio Grande, saldo do emprego formal em mar\u00e7o tamb\u00e9m \u00e9 negativo"}]},{"@type":"WebSite","@id":"https:\/\/wp.ufpel.edu.br\/observatoriosocial\/#website","url":"https:\/\/wp.ufpel.edu.br\/observatoriosocial\/","name":"OBSERVAT\u00d3RIO SOCIAL DO TRABALHO","description":"Instituto de Filosofia, Sociologia e Pol\u00edtica (IFISP) \/ Universidade Federal de Pelotas (UFPel)","potentialAction":[{"@type":"SearchAction","target":{"@type":"EntryPoint","urlTemplate":"https:\/\/wp.ufpel.edu.br\/observatoriosocial\/?s={search_term_string}"},"query-input":{"@type":"PropertyValueSpecification","valueRequired":true,"valueName":"search_term_string"}}],"inLanguage":"pt-BR"},{"@type":"Person","@id":"https:\/\/wp.ufpel.edu.br\/observatoriosocial\/#\/schema\/person\/9425088627ff1b0cc43a06d70b5b5c26","name":"Observat\u00f3rio Social do Trabalho","image":{"@type":"ImageObject","inLanguage":"pt-BR","@id":"https:\/\/wp.ufpel.edu.br\/observatoriosocial\/#\/schema\/person\/image\/","url":"https:\/\/secure.gravatar.com\/avatar\/d43e98fadb1b76f269caefc4932bb6eeeaded52590245fa81afad058769bb288?s=96&d=mm&r=g","contentUrl":"https:\/\/secure.gravatar.com\/avatar\/d43e98fadb1b76f269caefc4932bb6eeeaded52590245fa81afad058769bb288?s=96&d=mm&r=g","caption":"Observat\u00f3rio Social do Trabalho"},"url":"https:\/\/wp.ufpel.edu.br\/observatoriosocial\/author\/observatoriosocial\/"}]}},"jetpack_featured_media_url":"https:\/\/wp.ufpel.edu.br\/observatoriosocial\/files\/2019\/05\/Boletim-Informativo-N\u00ba-03-Mar\u00e7o-de-2019-RIO-GRANDE-RS.jpg","_links":{"self":[{"href":"https:\/\/wp.ufpel.edu.br\/observatoriosocial\/wp-json\/wp\/v2\/posts\/2303","targetHints":{"allow":["GET"]}}],"collection":[{"href":"https:\/\/wp.ufpel.edu.br\/observatoriosocial\/wp-json\/wp\/v2\/posts"}],"about":[{"href":"https:\/\/wp.ufpel.edu.br\/observatoriosocial\/wp-json\/wp\/v2\/types\/post"}],"author":[{"embeddable":true,"href":"https:\/\/wp.ufpel.edu.br\/observatoriosocial\/wp-json\/wp\/v2\/users\/102"}],"replies":[{"embeddable":true,"href":"https:\/\/wp.ufpel.edu.br\/observatoriosocial\/wp-json\/wp\/v2\/comments?post=2303"}],"version-history":[{"count":1,"href":"https:\/\/wp.ufpel.edu.br\/observatoriosocial\/wp-json\/wp\/v2\/posts\/2303\/revisions"}],"predecessor-version":[{"id":2306,"href":"https:\/\/wp.ufpel.edu.br\/observatoriosocial\/wp-json\/wp\/v2\/posts\/2303\/revisions\/2306"}],"wp:featuredmedia":[{"embeddable":true,"href":"https:\/\/wp.ufpel.edu.br\/observatoriosocial\/wp-json\/wp\/v2\/media\/2307"}],"wp:attachment":[{"href":"https:\/\/wp.ufpel.edu.br\/observatoriosocial\/wp-json\/wp\/v2\/media?parent=2303"}],"wp:term":[{"taxonomy":"category","embeddable":true,"href":"https:\/\/wp.ufpel.edu.br\/observatoriosocial\/wp-json\/wp\/v2\/categories?post=2303"},{"taxonomy":"post_tag","embeddable":true,"href":"https:\/\/wp.ufpel.edu.br\/observatoriosocial\/wp-json\/wp\/v2\/tags?post=2303"}],"curies":[{"name":"wp","href":"https:\/\/api.w.org\/{rel}","templated":true}]}}