{"id":2160,"date":"2018-11-27T10:46:46","date_gmt":"2018-11-27T12:46:46","guid":{"rendered":"https:\/\/wp.ufpel.edu.br\/observatoriosocial\/?p=2160"},"modified":"2018-11-27T10:52:07","modified_gmt":"2018-11-27T12:52:07","slug":"emprego-formal-tem-saldo-positivo-em-pelotas-no-mes-de-outubro","status":"publish","type":"post","link":"https:\/\/wp.ufpel.edu.br\/observatoriosocial\/2018\/11\/27\/emprego-formal-tem-saldo-positivo-em-pelotas-no-mes-de-outubro\/","title":{"rendered":"Emprego formal tem saldo positivo em Pelotas no m\u00eas de outubro"},"content":{"rendered":"<p>Segundo o Cadastro Geral de Empregados e Desempregados (CAGED), do Minist\u00e9rio do Trabalho (MTb),\u00a0no m\u00eas de outubro de 2018 ocorreram, em Pelotas, 2.269 admiss\u00f5es e 1.906 desligamentos, resultando em um saldo de 363 v\u00ednculos formais de emprego celetista. Com isso, a taxa de varia\u00e7\u00e3o do emprego formal foi de 0,59%, com o estoque passando de 61.116 v\u00ednculos, em setembro, para 61.479 em outubro de 2018. O saldo do m\u00eas de outubro de 2018 foi significativamente superior ao saldo observado no m\u00eas de setembro (-31 v\u00ednculos) e inferior ao de outubro do ano anterior (518 v\u00ednculos).<\/p>\n<p><a href=\"https:\/\/wp.ufpel.edu.br\/observatoriosocial\/files\/2018\/11\/Boletim-Informativo-N\u00ba-10-Outubro-de-2018-PELOTAS-RS-2.jpg\"><img class=\"aligncenter wp-image-2162\" src=\"https:\/\/wp.ufpel.edu.br\/observatoriosocial\/files\/2018\/11\/Boletim-Informativo-N\u00ba-10-Outubro-de-2018-PELOTAS-RS-2.jpg\" alt=\"\" width=\"646\" height=\"363\" srcset=\"https:\/\/wp.ufpel.edu.br\/observatoriosocial\/files\/2018\/11\/Boletim-Informativo-N\u00ba-10-Outubro-de-2018-PELOTAS-RS-2.jpg 1280w, https:\/\/wp.ufpel.edu.br\/observatoriosocial\/files\/2018\/11\/Boletim-Informativo-N\u00ba-10-Outubro-de-2018-PELOTAS-RS-2-400x225.jpg 400w, https:\/\/wp.ufpel.edu.br\/observatoriosocial\/files\/2018\/11\/Boletim-Informativo-N\u00ba-10-Outubro-de-2018-PELOTAS-RS-2-768x432.jpg 768w, https:\/\/wp.ufpel.edu.br\/observatoriosocial\/files\/2018\/11\/Boletim-Informativo-N\u00ba-10-Outubro-de-2018-PELOTAS-RS-2-1024x576.jpg 1024w\" sizes=\"(max-width: 646px) 100vw, 646px\" \/><\/a><\/p>\n<h3><\/h3>\n<h3>A conjuntura no acumulado do ano e no per\u00edodo de doze meses<\/h3>\n<p>No acumulado do ano, ocorreram 19.730 admiss\u00f5es e 19.668 desligamentos em Pelotas, o que resultou em um saldo de 62 v\u00ednculos formais de emprego. Nesse per\u00edodo, o estoque passou de 61.417 v\u00ednculos formais de emprego, em dezembro de 2017, para 61.479, em setembro de 2018, uma taxa de varia\u00e7\u00e3o de 0,10%.<\/p>\n<p>No per\u00edodo de doze meses, ocorreram em Pelotas 24.256 admiss\u00f5es e 24.598 desligamentos, resultando em um saldo de -342 v\u00ednculos formais de emprego celetistas. Este decr\u00e9scimo do emprego corresponde a uma taxa de varia\u00e7\u00e3o de -0,55%, com estoque passando de 61.821 v\u00ednculos, em outubro de 2017, para 61.479, em outubro de 2018.<\/p>\n<p><a href=\"https:\/\/wp.ufpel.edu.br\/observatoriosocial\/files\/2018\/11\/Boletim-Informativo-N\u00ba-10-Outubro-de-2018-PELOTAS-RS-3.jpg\"><img class=\"aligncenter wp-image-2164\" src=\"https:\/\/wp.ufpel.edu.br\/observatoriosocial\/files\/2018\/11\/Boletim-Informativo-N\u00ba-10-Outubro-de-2018-PELOTAS-RS-3.jpg\" alt=\"\" width=\"642\" height=\"361\" srcset=\"https:\/\/wp.ufpel.edu.br\/observatoriosocial\/files\/2018\/11\/Boletim-Informativo-N\u00ba-10-Outubro-de-2018-PELOTAS-RS-3.jpg 1280w, https:\/\/wp.ufpel.edu.br\/observatoriosocial\/files\/2018\/11\/Boletim-Informativo-N\u00ba-10-Outubro-de-2018-PELOTAS-RS-3-400x225.jpg 400w, https:\/\/wp.ufpel.edu.br\/observatoriosocial\/files\/2018\/11\/Boletim-Informativo-N\u00ba-10-Outubro-de-2018-PELOTAS-RS-3-768x432.jpg 768w, https:\/\/wp.ufpel.edu.br\/observatoriosocial\/files\/2018\/11\/Boletim-Informativo-N\u00ba-10-Outubro-de-2018-PELOTAS-RS-3-1024x576.jpg 1024w\" sizes=\"(max-width: 642px) 100vw, 642px\" \/><\/a><\/p>\n<h3><\/h3>\n<h3>A conjuntura setorial do emprego<\/h3>\n<p>O desempenho positivo no mercado formal de trabalho de Pelotas, no m\u00eas de outubro de 2018, com saldo de 363 v\u00ednculos, deve-se aos saldos positivos registrados no com\u00e9rcio (+183 v\u00ednculos), ind\u00fastria (+130 v\u00ednculos), constru\u00e7\u00e3o civil (+37 v\u00ednculos) e agropecu\u00e1ria (+14 v\u00ednculo). Somente o setor de servi\u00e7os registrou saldo negativo, de -1 v\u00ednculos.<\/p>\n<p>No acumulado do ano, o setor de servi\u00e7os (+344 v\u00ednculos), a constru\u00e7\u00e3o civil (+275 v\u00ednculos) e a ind\u00fastria (+116 v\u00ednculos) foram os setoresque apresentaram saldos positivos em Pelotas. J\u00e1 o com\u00e9rcio (-599 v\u00ednculos) e a agropecu\u00e1ria (-74 v\u00ednculos) registraram saldos negativos.<\/p>\n<p>No per\u00edodo de doze meses, o setor de servi\u00e7os (+268 v\u00ednculos) e a constru\u00e7\u00e3o civil (+214 v\u00ednculos) apresentaram saldos positivos. A ind\u00fastria (-511 v\u00ednculos), o com\u00e9rcio (-240 v\u00ednculos) e a agropecu\u00e1ria (-73 v\u00ednculos) apresentaram saldos negativos.<\/p>\n<p><a href=\"https:\/\/wp.ufpel.edu.br\/observatoriosocial\/files\/2018\/11\/Boletim-Informativo-N\u00ba-10-Outubro-de-2018-PELOTAS-RS-4.jpg\"><img class=\"aligncenter wp-image-2166\" src=\"https:\/\/wp.ufpel.edu.br\/observatoriosocial\/files\/2018\/11\/Boletim-Informativo-N\u00ba-10-Outubro-de-2018-PELOTAS-RS-4.jpg\" alt=\"\" width=\"649\" height=\"365\" srcset=\"https:\/\/wp.ufpel.edu.br\/observatoriosocial\/files\/2018\/11\/Boletim-Informativo-N\u00ba-10-Outubro-de-2018-PELOTAS-RS-4.jpg 1280w, https:\/\/wp.ufpel.edu.br\/observatoriosocial\/files\/2018\/11\/Boletim-Informativo-N\u00ba-10-Outubro-de-2018-PELOTAS-RS-4-400x225.jpg 400w, https:\/\/wp.ufpel.edu.br\/observatoriosocial\/files\/2018\/11\/Boletim-Informativo-N\u00ba-10-Outubro-de-2018-PELOTAS-RS-4-768x432.jpg 768w, https:\/\/wp.ufpel.edu.br\/observatoriosocial\/files\/2018\/11\/Boletim-Informativo-N\u00ba-10-Outubro-de-2018-PELOTAS-RS-4-1024x576.jpg 1024w\" sizes=\"(max-width: 649px) 100vw, 649px\" \/><\/a><\/p>\n<p>&nbsp;<\/p>\n<p>O Boletim Informativo N\u00ba 10, em sua \u00edntegra, pode ser acessado atrav\u00e9s do link abaixo:<\/p>\n<p><a href=\"https:\/\/wp.ufpel.edu.br\/observatoriosocial\/files\/2018\/11\/Boletim-Informativo-N\u00ba-10-Outubro-de-2018-PELOTAS-RS.ppsx\">Boletim Informativo N\u00ba 10 Outubro de 2018 PELOTAS-RS<\/a><\/p>\n<p>&nbsp;<\/p>\n","protected":false},"excerpt":{"rendered":"<p>Segundo o Cadastro Geral de Empregados e Desempregados (CAGED), do Minist\u00e9rio do Trabalho (MTb),\u00a0no m\u00eas de outubro de 2018 ocorreram, em Pelotas, 2.269 admiss\u00f5es e 1.906 desligamentos, resultando em um saldo de 363 v\u00ednculos formais de emprego celetista. Com isso, a taxa de varia\u00e7\u00e3o do emprego formal foi de 0,59%, com o estoque passando de [&hellip;]<\/p>\n","protected":false},"author":102,"featured_media":2163,"comment_status":"closed","ping_status":"closed","sticky":false,"template":"","format":"standard","meta":{"footnotes":""},"categories":[4],"tags":[36470,36480,36481,36479],"class_list":["post-2160","post","type-post","status-publish","format-standard","has-post-thumbnail","hentry","category-noticias","tag-conjuntura-do-emprego","tag-indicadores-de-emprego","tag-mercado-de-trabalho-e-ocupacao","tag-mercados-locais-de-trabalho"],"yoast_head":"<!-- This site is optimized with the Yoast SEO plugin v26.7 - https:\/\/yoast.com\/wordpress\/plugins\/seo\/ -->\n<title>Emprego formal tem saldo positivo em Pelotas no m\u00eas de outubro &#8226; OBSERVAT\u00d3RIO SOCIAL DO TRABALHO<\/title>\n<meta name=\"robots\" content=\"index, follow, max-snippet:-1, max-image-preview:large, max-video-preview:-1\" \/>\n<link rel=\"canonical\" href=\"https:\/\/wp.ufpel.edu.br\/observatoriosocial\/2018\/11\/27\/emprego-formal-tem-saldo-positivo-em-pelotas-no-mes-de-outubro\/\" \/>\n<meta property=\"og:locale\" content=\"pt_BR\" \/>\n<meta property=\"og:type\" content=\"article\" \/>\n<meta property=\"og:title\" content=\"Emprego formal tem saldo positivo em Pelotas no m\u00eas de outubro &#8226; OBSERVAT\u00d3RIO SOCIAL DO TRABALHO\" \/>\n<meta property=\"og:description\" content=\"Segundo o Cadastro Geral de Empregados e Desempregados (CAGED), do Minist\u00e9rio do Trabalho (MTb),\u00a0no m\u00eas de outubro de 2018 ocorreram, em Pelotas, 2.269 admiss\u00f5es e 1.906 desligamentos, resultando em um saldo de 363 v\u00ednculos formais de emprego celetista. Com isso, a taxa de varia\u00e7\u00e3o do emprego formal foi de 0,59%, com o estoque passando de [&hellip;]\" \/>\n<meta property=\"og:url\" content=\"https:\/\/wp.ufpel.edu.br\/observatoriosocial\/2018\/11\/27\/emprego-formal-tem-saldo-positivo-em-pelotas-no-mes-de-outubro\/\" \/>\n<meta property=\"og:site_name\" content=\"OBSERVAT\u00d3RIO SOCIAL DO TRABALHO\" \/>\n<meta property=\"article:publisher\" content=\"https:\/\/www.facebook.com\/observatoriodaufpel\/\" \/>\n<meta property=\"article:published_time\" content=\"2018-11-27T12:46:46+00:00\" \/>\n<meta property=\"article:modified_time\" content=\"2018-11-27T12:52:07+00:00\" \/>\n<meta property=\"og:image\" content=\"https:\/\/i1.wp.com\/wp.ufpel.edu.br\/observatoriosocial\/files\/2018\/11\/Boletim-Informativo-N\u00ba-10-Outubro-de-2018-PELOTAS-RS.jpg?fit=1280%2C720&ssl=1\" \/>\n\t<meta property=\"og:image:width\" content=\"1280\" \/>\n\t<meta property=\"og:image:height\" content=\"720\" \/>\n\t<meta property=\"og:image:type\" content=\"image\/jpeg\" \/>\n<meta name=\"author\" content=\"Observat\u00f3rio Social do Trabalho\" \/>\n<meta name=\"twitter:card\" content=\"summary_large_image\" \/>\n<meta name=\"twitter:creator\" content=\"@ufpeltrabalho\" \/>\n<meta name=\"twitter:site\" content=\"@ufpeltrabalho\" \/>\n<meta name=\"twitter:label1\" content=\"Escrito por\" \/>\n\t<meta name=\"twitter:data1\" content=\"Observat\u00f3rio Social do Trabalho\" \/>\n\t<meta name=\"twitter:label2\" content=\"Est. tempo de leitura\" \/>\n\t<meta name=\"twitter:data2\" content=\"2 minutos\" \/>\n<script type=\"application\/ld+json\" class=\"yoast-schema-graph\">{\"@context\":\"https:\/\/schema.org\",\"@graph\":[{\"@type\":\"Article\",\"@id\":\"https:\/\/wp.ufpel.edu.br\/observatoriosocial\/2018\/11\/27\/emprego-formal-tem-saldo-positivo-em-pelotas-no-mes-de-outubro\/#article\",\"isPartOf\":{\"@id\":\"https:\/\/wp.ufpel.edu.br\/observatoriosocial\/2018\/11\/27\/emprego-formal-tem-saldo-positivo-em-pelotas-no-mes-de-outubro\/\"},\"author\":{\"name\":\"Observat\u00f3rio Social do Trabalho\",\"@id\":\"https:\/\/wp.ufpel.edu.br\/observatoriosocial\/#\/schema\/person\/9425088627ff1b0cc43a06d70b5b5c26\"},\"headline\":\"Emprego formal tem saldo positivo em Pelotas no m\u00eas de outubro\",\"datePublished\":\"2018-11-27T12:46:46+00:00\",\"dateModified\":\"2018-11-27T12:52:07+00:00\",\"mainEntityOfPage\":{\"@id\":\"https:\/\/wp.ufpel.edu.br\/observatoriosocial\/2018\/11\/27\/emprego-formal-tem-saldo-positivo-em-pelotas-no-mes-de-outubro\/\"},\"wordCount\":400,\"image\":{\"@id\":\"https:\/\/wp.ufpel.edu.br\/observatoriosocial\/2018\/11\/27\/emprego-formal-tem-saldo-positivo-em-pelotas-no-mes-de-outubro\/#primaryimage\"},\"thumbnailUrl\":\"https:\/\/wp.ufpel.edu.br\/observatoriosocial\/files\/2018\/11\/Boletim-Informativo-N\u00ba-10-Outubro-de-2018-PELOTAS-RS.jpg\",\"keywords\":[\"conjuntura do emprego\",\"indicadores de emprego\",\"Mercado de trabalho e ocupa\u00e7\u00e3o\",\"mercados locais de trabalho\"],\"articleSection\":[\"Not\u00edcias\"],\"inLanguage\":\"pt-BR\"},{\"@type\":\"WebPage\",\"@id\":\"https:\/\/wp.ufpel.edu.br\/observatoriosocial\/2018\/11\/27\/emprego-formal-tem-saldo-positivo-em-pelotas-no-mes-de-outubro\/\",\"url\":\"https:\/\/wp.ufpel.edu.br\/observatoriosocial\/2018\/11\/27\/emprego-formal-tem-saldo-positivo-em-pelotas-no-mes-de-outubro\/\",\"name\":\"Emprego formal tem saldo positivo em Pelotas no m\u00eas de outubro &#8226; OBSERVAT\u00d3RIO SOCIAL DO TRABALHO\",\"isPartOf\":{\"@id\":\"https:\/\/wp.ufpel.edu.br\/observatoriosocial\/#website\"},\"primaryImageOfPage\":{\"@id\":\"https:\/\/wp.ufpel.edu.br\/observatoriosocial\/2018\/11\/27\/emprego-formal-tem-saldo-positivo-em-pelotas-no-mes-de-outubro\/#primaryimage\"},\"image\":{\"@id\":\"https:\/\/wp.ufpel.edu.br\/observatoriosocial\/2018\/11\/27\/emprego-formal-tem-saldo-positivo-em-pelotas-no-mes-de-outubro\/#primaryimage\"},\"thumbnailUrl\":\"https:\/\/wp.ufpel.edu.br\/observatoriosocial\/files\/2018\/11\/Boletim-Informativo-N\u00ba-10-Outubro-de-2018-PELOTAS-RS.jpg\",\"datePublished\":\"2018-11-27T12:46:46+00:00\",\"dateModified\":\"2018-11-27T12:52:07+00:00\",\"author\":{\"@id\":\"https:\/\/wp.ufpel.edu.br\/observatoriosocial\/#\/schema\/person\/9425088627ff1b0cc43a06d70b5b5c26\"},\"breadcrumb\":{\"@id\":\"https:\/\/wp.ufpel.edu.br\/observatoriosocial\/2018\/11\/27\/emprego-formal-tem-saldo-positivo-em-pelotas-no-mes-de-outubro\/#breadcrumb\"},\"inLanguage\":\"pt-BR\",\"potentialAction\":[{\"@type\":\"ReadAction\",\"target\":[\"https:\/\/wp.ufpel.edu.br\/observatoriosocial\/2018\/11\/27\/emprego-formal-tem-saldo-positivo-em-pelotas-no-mes-de-outubro\/\"]}]},{\"@type\":\"ImageObject\",\"inLanguage\":\"pt-BR\",\"@id\":\"https:\/\/wp.ufpel.edu.br\/observatoriosocial\/2018\/11\/27\/emprego-formal-tem-saldo-positivo-em-pelotas-no-mes-de-outubro\/#primaryimage\",\"url\":\"https:\/\/wp.ufpel.edu.br\/observatoriosocial\/files\/2018\/11\/Boletim-Informativo-N\u00ba-10-Outubro-de-2018-PELOTAS-RS.jpg\",\"contentUrl\":\"https:\/\/wp.ufpel.edu.br\/observatoriosocial\/files\/2018\/11\/Boletim-Informativo-N\u00ba-10-Outubro-de-2018-PELOTAS-RS.jpg\",\"width\":1280,\"height\":720},{\"@type\":\"BreadcrumbList\",\"@id\":\"https:\/\/wp.ufpel.edu.br\/observatoriosocial\/2018\/11\/27\/emprego-formal-tem-saldo-positivo-em-pelotas-no-mes-de-outubro\/#breadcrumb\",\"itemListElement\":[{\"@type\":\"ListItem\",\"position\":1,\"name\":\"In\u00edcio\",\"item\":\"https:\/\/wp.ufpel.edu.br\/observatoriosocial\/\"},{\"@type\":\"ListItem\",\"position\":2,\"name\":\"Emprego formal tem saldo positivo em Pelotas no m\u00eas de outubro\"}]},{\"@type\":\"WebSite\",\"@id\":\"https:\/\/wp.ufpel.edu.br\/observatoriosocial\/#website\",\"url\":\"https:\/\/wp.ufpel.edu.br\/observatoriosocial\/\",\"name\":\"OBSERVAT\u00d3RIO SOCIAL DO TRABALHO\",\"description\":\"Instituto de Filosofia, Sociologia e Pol\u00edtica (IFISP) \/ Universidade Federal de Pelotas (UFPel)\",\"potentialAction\":[{\"@type\":\"SearchAction\",\"target\":{\"@type\":\"EntryPoint\",\"urlTemplate\":\"https:\/\/wp.ufpel.edu.br\/observatoriosocial\/?s={search_term_string}\"},\"query-input\":{\"@type\":\"PropertyValueSpecification\",\"valueRequired\":true,\"valueName\":\"search_term_string\"}}],\"inLanguage\":\"pt-BR\"},{\"@type\":\"Person\",\"@id\":\"https:\/\/wp.ufpel.edu.br\/observatoriosocial\/#\/schema\/person\/9425088627ff1b0cc43a06d70b5b5c26\",\"name\":\"Observat\u00f3rio Social do Trabalho\",\"image\":{\"@type\":\"ImageObject\",\"inLanguage\":\"pt-BR\",\"@id\":\"https:\/\/wp.ufpel.edu.br\/observatoriosocial\/#\/schema\/person\/image\/\",\"url\":\"https:\/\/secure.gravatar.com\/avatar\/d43e98fadb1b76f269caefc4932bb6eeeaded52590245fa81afad058769bb288?s=96&d=mm&r=g\",\"contentUrl\":\"https:\/\/secure.gravatar.com\/avatar\/d43e98fadb1b76f269caefc4932bb6eeeaded52590245fa81afad058769bb288?s=96&d=mm&r=g\",\"caption\":\"Observat\u00f3rio Social do Trabalho\"},\"url\":\"https:\/\/wp.ufpel.edu.br\/observatoriosocial\/author\/observatoriosocial\/\"}]}<\/script>\n<!-- \/ Yoast SEO plugin. -->","yoast_head_json":{"title":"Emprego formal tem saldo positivo em Pelotas no m\u00eas de outubro &#8226; OBSERVAT\u00d3RIO SOCIAL DO TRABALHO","robots":{"index":"index","follow":"follow","max-snippet":"max-snippet:-1","max-image-preview":"max-image-preview:large","max-video-preview":"max-video-preview:-1"},"canonical":"https:\/\/wp.ufpel.edu.br\/observatoriosocial\/2018\/11\/27\/emprego-formal-tem-saldo-positivo-em-pelotas-no-mes-de-outubro\/","og_locale":"pt_BR","og_type":"article","og_title":"Emprego formal tem saldo positivo em Pelotas no m\u00eas de outubro &#8226; OBSERVAT\u00d3RIO SOCIAL DO TRABALHO","og_description":"Segundo o Cadastro Geral de Empregados e Desempregados (CAGED), do Minist\u00e9rio do Trabalho (MTb),\u00a0no m\u00eas de outubro de 2018 ocorreram, em Pelotas, 2.269 admiss\u00f5es e 1.906 desligamentos, resultando em um saldo de 363 v\u00ednculos formais de emprego celetista. Com isso, a taxa de varia\u00e7\u00e3o do emprego formal foi de 0,59%, com o estoque passando de [&hellip;]","og_url":"https:\/\/wp.ufpel.edu.br\/observatoriosocial\/2018\/11\/27\/emprego-formal-tem-saldo-positivo-em-pelotas-no-mes-de-outubro\/","og_site_name":"OBSERVAT\u00d3RIO SOCIAL DO TRABALHO","article_publisher":"https:\/\/www.facebook.com\/observatoriodaufpel\/","article_published_time":"2018-11-27T12:46:46+00:00","article_modified_time":"2018-11-27T12:52:07+00:00","og_image":[{"width":1280,"height":720,"url":"https:\/\/i1.wp.com\/wp.ufpel.edu.br\/observatoriosocial\/files\/2018\/11\/Boletim-Informativo-N\u00ba-10-Outubro-de-2018-PELOTAS-RS.jpg?fit=1280%2C720&ssl=1","type":"image\/jpeg"}],"author":"Observat\u00f3rio Social do Trabalho","twitter_card":"summary_large_image","twitter_creator":"@ufpeltrabalho","twitter_site":"@ufpeltrabalho","twitter_misc":{"Escrito por":"Observat\u00f3rio Social do Trabalho","Est. tempo de leitura":"2 minutos"},"schema":{"@context":"https:\/\/schema.org","@graph":[{"@type":"Article","@id":"https:\/\/wp.ufpel.edu.br\/observatoriosocial\/2018\/11\/27\/emprego-formal-tem-saldo-positivo-em-pelotas-no-mes-de-outubro\/#article","isPartOf":{"@id":"https:\/\/wp.ufpel.edu.br\/observatoriosocial\/2018\/11\/27\/emprego-formal-tem-saldo-positivo-em-pelotas-no-mes-de-outubro\/"},"author":{"name":"Observat\u00f3rio Social do Trabalho","@id":"https:\/\/wp.ufpel.edu.br\/observatoriosocial\/#\/schema\/person\/9425088627ff1b0cc43a06d70b5b5c26"},"headline":"Emprego formal tem saldo positivo em Pelotas no m\u00eas de outubro","datePublished":"2018-11-27T12:46:46+00:00","dateModified":"2018-11-27T12:52:07+00:00","mainEntityOfPage":{"@id":"https:\/\/wp.ufpel.edu.br\/observatoriosocial\/2018\/11\/27\/emprego-formal-tem-saldo-positivo-em-pelotas-no-mes-de-outubro\/"},"wordCount":400,"image":{"@id":"https:\/\/wp.ufpel.edu.br\/observatoriosocial\/2018\/11\/27\/emprego-formal-tem-saldo-positivo-em-pelotas-no-mes-de-outubro\/#primaryimage"},"thumbnailUrl":"https:\/\/wp.ufpel.edu.br\/observatoriosocial\/files\/2018\/11\/Boletim-Informativo-N\u00ba-10-Outubro-de-2018-PELOTAS-RS.jpg","keywords":["conjuntura do emprego","indicadores de emprego","Mercado de trabalho e ocupa\u00e7\u00e3o","mercados locais de trabalho"],"articleSection":["Not\u00edcias"],"inLanguage":"pt-BR"},{"@type":"WebPage","@id":"https:\/\/wp.ufpel.edu.br\/observatoriosocial\/2018\/11\/27\/emprego-formal-tem-saldo-positivo-em-pelotas-no-mes-de-outubro\/","url":"https:\/\/wp.ufpel.edu.br\/observatoriosocial\/2018\/11\/27\/emprego-formal-tem-saldo-positivo-em-pelotas-no-mes-de-outubro\/","name":"Emprego formal tem saldo positivo em Pelotas no m\u00eas de outubro &#8226; OBSERVAT\u00d3RIO SOCIAL DO TRABALHO","isPartOf":{"@id":"https:\/\/wp.ufpel.edu.br\/observatoriosocial\/#website"},"primaryImageOfPage":{"@id":"https:\/\/wp.ufpel.edu.br\/observatoriosocial\/2018\/11\/27\/emprego-formal-tem-saldo-positivo-em-pelotas-no-mes-de-outubro\/#primaryimage"},"image":{"@id":"https:\/\/wp.ufpel.edu.br\/observatoriosocial\/2018\/11\/27\/emprego-formal-tem-saldo-positivo-em-pelotas-no-mes-de-outubro\/#primaryimage"},"thumbnailUrl":"https:\/\/wp.ufpel.edu.br\/observatoriosocial\/files\/2018\/11\/Boletim-Informativo-N\u00ba-10-Outubro-de-2018-PELOTAS-RS.jpg","datePublished":"2018-11-27T12:46:46+00:00","dateModified":"2018-11-27T12:52:07+00:00","author":{"@id":"https:\/\/wp.ufpel.edu.br\/observatoriosocial\/#\/schema\/person\/9425088627ff1b0cc43a06d70b5b5c26"},"breadcrumb":{"@id":"https:\/\/wp.ufpel.edu.br\/observatoriosocial\/2018\/11\/27\/emprego-formal-tem-saldo-positivo-em-pelotas-no-mes-de-outubro\/#breadcrumb"},"inLanguage":"pt-BR","potentialAction":[{"@type":"ReadAction","target":["https:\/\/wp.ufpel.edu.br\/observatoriosocial\/2018\/11\/27\/emprego-formal-tem-saldo-positivo-em-pelotas-no-mes-de-outubro\/"]}]},{"@type":"ImageObject","inLanguage":"pt-BR","@id":"https:\/\/wp.ufpel.edu.br\/observatoriosocial\/2018\/11\/27\/emprego-formal-tem-saldo-positivo-em-pelotas-no-mes-de-outubro\/#primaryimage","url":"https:\/\/wp.ufpel.edu.br\/observatoriosocial\/files\/2018\/11\/Boletim-Informativo-N\u00ba-10-Outubro-de-2018-PELOTAS-RS.jpg","contentUrl":"https:\/\/wp.ufpel.edu.br\/observatoriosocial\/files\/2018\/11\/Boletim-Informativo-N\u00ba-10-Outubro-de-2018-PELOTAS-RS.jpg","width":1280,"height":720},{"@type":"BreadcrumbList","@id":"https:\/\/wp.ufpel.edu.br\/observatoriosocial\/2018\/11\/27\/emprego-formal-tem-saldo-positivo-em-pelotas-no-mes-de-outubro\/#breadcrumb","itemListElement":[{"@type":"ListItem","position":1,"name":"In\u00edcio","item":"https:\/\/wp.ufpel.edu.br\/observatoriosocial\/"},{"@type":"ListItem","position":2,"name":"Emprego formal tem saldo positivo em Pelotas no m\u00eas de outubro"}]},{"@type":"WebSite","@id":"https:\/\/wp.ufpel.edu.br\/observatoriosocial\/#website","url":"https:\/\/wp.ufpel.edu.br\/observatoriosocial\/","name":"OBSERVAT\u00d3RIO SOCIAL DO TRABALHO","description":"Instituto de Filosofia, Sociologia e Pol\u00edtica (IFISP) \/ Universidade Federal de Pelotas (UFPel)","potentialAction":[{"@type":"SearchAction","target":{"@type":"EntryPoint","urlTemplate":"https:\/\/wp.ufpel.edu.br\/observatoriosocial\/?s={search_term_string}"},"query-input":{"@type":"PropertyValueSpecification","valueRequired":true,"valueName":"search_term_string"}}],"inLanguage":"pt-BR"},{"@type":"Person","@id":"https:\/\/wp.ufpel.edu.br\/observatoriosocial\/#\/schema\/person\/9425088627ff1b0cc43a06d70b5b5c26","name":"Observat\u00f3rio Social do Trabalho","image":{"@type":"ImageObject","inLanguage":"pt-BR","@id":"https:\/\/wp.ufpel.edu.br\/observatoriosocial\/#\/schema\/person\/image\/","url":"https:\/\/secure.gravatar.com\/avatar\/d43e98fadb1b76f269caefc4932bb6eeeaded52590245fa81afad058769bb288?s=96&d=mm&r=g","contentUrl":"https:\/\/secure.gravatar.com\/avatar\/d43e98fadb1b76f269caefc4932bb6eeeaded52590245fa81afad058769bb288?s=96&d=mm&r=g","caption":"Observat\u00f3rio Social do Trabalho"},"url":"https:\/\/wp.ufpel.edu.br\/observatoriosocial\/author\/observatoriosocial\/"}]}},"jetpack_featured_media_url":"https:\/\/wp.ufpel.edu.br\/observatoriosocial\/files\/2018\/11\/Boletim-Informativo-N\u00ba-10-Outubro-de-2018-PELOTAS-RS.jpg","_links":{"self":[{"href":"https:\/\/wp.ufpel.edu.br\/observatoriosocial\/wp-json\/wp\/v2\/posts\/2160","targetHints":{"allow":["GET"]}}],"collection":[{"href":"https:\/\/wp.ufpel.edu.br\/observatoriosocial\/wp-json\/wp\/v2\/posts"}],"about":[{"href":"https:\/\/wp.ufpel.edu.br\/observatoriosocial\/wp-json\/wp\/v2\/types\/post"}],"author":[{"embeddable":true,"href":"https:\/\/wp.ufpel.edu.br\/observatoriosocial\/wp-json\/wp\/v2\/users\/102"}],"replies":[{"embeddable":true,"href":"https:\/\/wp.ufpel.edu.br\/observatoriosocial\/wp-json\/wp\/v2\/comments?post=2160"}],"version-history":[{"count":5,"href":"https:\/\/wp.ufpel.edu.br\/observatoriosocial\/wp-json\/wp\/v2\/posts\/2160\/revisions"}],"predecessor-version":[{"id":2171,"href":"https:\/\/wp.ufpel.edu.br\/observatoriosocial\/wp-json\/wp\/v2\/posts\/2160\/revisions\/2171"}],"wp:featuredmedia":[{"embeddable":true,"href":"https:\/\/wp.ufpel.edu.br\/observatoriosocial\/wp-json\/wp\/v2\/media\/2163"}],"wp:attachment":[{"href":"https:\/\/wp.ufpel.edu.br\/observatoriosocial\/wp-json\/wp\/v2\/media?parent=2160"}],"wp:term":[{"taxonomy":"category","embeddable":true,"href":"https:\/\/wp.ufpel.edu.br\/observatoriosocial\/wp-json\/wp\/v2\/categories?post=2160"},{"taxonomy":"post_tag","embeddable":true,"href":"https:\/\/wp.ufpel.edu.br\/observatoriosocial\/wp-json\/wp\/v2\/tags?post=2160"}],"curies":[{"name":"wp","href":"https:\/\/api.w.org\/{rel}","templated":true}]}}