{"id":2131,"date":"2018-10-26T16:06:55","date_gmt":"2018-10-26T19:06:55","guid":{"rendered":"https:\/\/wp.ufpel.edu.br\/observatoriosocial\/?p=2131"},"modified":"2018-10-26T16:06:55","modified_gmt":"2018-10-26T19:06:55","slug":"em-setembro-emprego-formal-tem-saldo-negativo-em-pelotas","status":"publish","type":"post","link":"https:\/\/wp.ufpel.edu.br\/observatoriosocial\/2018\/10\/26\/em-setembro-emprego-formal-tem-saldo-negativo-em-pelotas\/","title":{"rendered":"Em setembro, emprego formal tem saldo negativo em Pelotas"},"content":{"rendered":"<p><b><span style=\"color: #000000\">A conjuntura do emprego em Pelotas<\/span><\/b><\/p>\n<p><span style=\"color: #000000\">Segundo o Cadastro Geral de Empregados e Desempregados (CAGED), do Minist\u00e9rio do Trabalho (MTb), a movimenta\u00e7\u00e3o do emprego formal celetista em Pelotas apresentou um pequeno recuo no m\u00eas de setembro, observando-se um saldo de -37 v\u00ednculos. Nesse m\u00eas, foram registradas 1.767 admiss\u00f5es e 1.804 desligamentos e a taxa de varia\u00e7\u00e3o do emprego foi de -0,06% em rela\u00e7\u00e3o ao estoque do m\u00eas anterior.<\/span><\/p>\n<p><span style=\"color: #000000\">No acumulado do ano, o desempenho do mercado formal de trabalho mostra-se igualmente negativo no munic\u00edpio, observando-se saldo de -294 v\u00ednculos, resultado de 17.434 admiss\u00f5es e 17.728 desligamentos. A taxa de varia\u00e7\u00e3o do emprego nesse per\u00edodo foi de -0,48% em rela\u00e7\u00e3o ao estoque de dezembro de 2017.<\/span><\/p>\n<p><span style=\"color: #000000\">Assim, conforme o Gr\u00e1fico abaixo, o estoque de empregos formais fechou o m\u00eas de setembro de 2018 com um total de 61.123 v\u00ednculos, abaixo do saldo do m\u00eas de agosto, de 61.160 v\u00ednculos. O saldo do m\u00eas de setembro de 2018 tamb\u00e9m ficou abaixo do saldo do m\u00eas de dezembro de 2017, de 61.417 v\u00ednculos, e abaixo do saldo do m\u00eas de setembro de 2017, de 61.302 v\u00ednculos. Nos \u00faltimos 13 meses, o saldo do m\u00eas de setembro de 2018 s\u00f3 ficou acima do saldo do m\u00eas de julho de 2018, que foi de 61.016 v\u00ednculos.<\/span><\/p>\n<p><a href=\"https:\/\/wp.ufpel.edu.br\/observatoriosocial\/files\/2018\/10\/Boletim-Informativo-N\u00ba-09-Setembro-de-2018-PELOTAS-RS.jpg\"><img class=\"aligncenter wp-image-2134\" src=\"https:\/\/wp.ufpel.edu.br\/observatoriosocial\/files\/2018\/10\/Boletim-Informativo-N\u00ba-09-Setembro-de-2018-PELOTAS-RS.jpg\" alt=\"\" width=\"602\" height=\"338\" srcset=\"https:\/\/wp.ufpel.edu.br\/observatoriosocial\/files\/2018\/10\/Boletim-Informativo-N\u00ba-09-Setembro-de-2018-PELOTAS-RS.jpg 1280w, https:\/\/wp.ufpel.edu.br\/observatoriosocial\/files\/2018\/10\/Boletim-Informativo-N\u00ba-09-Setembro-de-2018-PELOTAS-RS-400x225.jpg 400w, https:\/\/wp.ufpel.edu.br\/observatoriosocial\/files\/2018\/10\/Boletim-Informativo-N\u00ba-09-Setembro-de-2018-PELOTAS-RS-768x432.jpg 768w, https:\/\/wp.ufpel.edu.br\/observatoriosocial\/files\/2018\/10\/Boletim-Informativo-N\u00ba-09-Setembro-de-2018-PELOTAS-RS-1024x576.jpg 1024w\" sizes=\"(max-width: 602px) 100vw, 602px\" \/><\/a><\/p>\n<p><b><span style=\"color: #000000\">A conjuntura setorial do emprego<\/span><\/b><\/p>\n<p><span style=\"color: #000000\">O desempenho negativo do mercado formal de trabalho de Pelotas, no m\u00eas de setembro, com saldo de -37 v\u00ednculos, \u00e9 resultado, principalmente, do desempenho negativo do com\u00e9rcio (-118 v\u00ednculos), mas tamb\u00e9m da ind\u00fastria (-34 v\u00ednculos). Os demais setores apresentaram saldos positivos: servi\u00e7os (+69 v\u00ednculos), constru\u00e7\u00e3o civil (+40 v\u00ednculos) e agropecu\u00e1ria (+6 v\u00ednculos).<\/span><\/p>\n<p><span style=\"color: #000000\">No acumulado do ano, o desempenho negativo do emprego no munic\u00edpio, de -294 v\u00ednculos, \u00e9 puxado principalmente pelo saldo do com\u00e9rcio, de -786 v\u00ednculos. Nesse per\u00edodo, a agropecu\u00e1ria (-87 v\u00ednculos) e a ind\u00fastria (-15 v\u00ednculos) tamb\u00e9m apresentaram saldos negativos. Os demais setores apresentaram saldos positivos, destacando-se os servi\u00e7os (+339 v\u00ednculos) e a constru\u00e7\u00e3o civil (+255 v\u00ednculos). <\/span><\/p>\n<p>&nbsp;<\/p>\n","protected":false},"excerpt":{"rendered":"<p>A conjuntura do emprego em Pelotas Segundo o Cadastro Geral de Empregados e Desempregados (CAGED), do Minist\u00e9rio do Trabalho (MTb), a movimenta\u00e7\u00e3o do emprego formal celetista em Pelotas apresentou um pequeno recuo no m\u00eas de setembro, observando-se um saldo de -37 v\u00ednculos. Nesse m\u00eas, foram registradas 1.767 admiss\u00f5es e 1.804 desligamentos e a taxa de [&hellip;]<\/p>\n","protected":false},"author":102,"featured_media":2134,"comment_status":"closed","ping_status":"closed","sticky":false,"template":"","format":"standard","meta":{"footnotes":""},"categories":[4],"tags":[36470,36474,36473,36481],"class_list":["post-2131","post","type-post","status-publish","format-standard","has-post-thumbnail","hentry","category-noticias","tag-conjuntura-do-emprego","tag-emprego-formal","tag-indicadores-de-mercado-de-trabalho","tag-mercado-de-trabalho-e-ocupacao"],"yoast_head":"<!-- This site is optimized with the Yoast SEO plugin v26.7 - https:\/\/yoast.com\/wordpress\/plugins\/seo\/ -->\n<title>Em setembro, emprego formal tem saldo negativo em Pelotas &#8226; OBSERVAT\u00d3RIO SOCIAL DO TRABALHO<\/title>\n<meta name=\"robots\" content=\"index, follow, max-snippet:-1, max-image-preview:large, max-video-preview:-1\" \/>\n<link rel=\"canonical\" href=\"https:\/\/wp.ufpel.edu.br\/observatoriosocial\/2018\/10\/26\/em-setembro-emprego-formal-tem-saldo-negativo-em-pelotas\/\" \/>\n<meta property=\"og:locale\" content=\"pt_BR\" \/>\n<meta property=\"og:type\" content=\"article\" \/>\n<meta property=\"og:title\" content=\"Em setembro, emprego formal tem saldo negativo em Pelotas &#8226; OBSERVAT\u00d3RIO SOCIAL DO TRABALHO\" \/>\n<meta property=\"og:description\" content=\"A conjuntura do emprego em Pelotas Segundo o Cadastro Geral de Empregados e Desempregados (CAGED), do Minist\u00e9rio do Trabalho (MTb), a movimenta\u00e7\u00e3o do emprego formal celetista em Pelotas apresentou um pequeno recuo no m\u00eas de setembro, observando-se um saldo de -37 v\u00ednculos. Nesse m\u00eas, foram registradas 1.767 admiss\u00f5es e 1.804 desligamentos e a taxa de [&hellip;]\" \/>\n<meta property=\"og:url\" content=\"https:\/\/wp.ufpel.edu.br\/observatoriosocial\/2018\/10\/26\/em-setembro-emprego-formal-tem-saldo-negativo-em-pelotas\/\" \/>\n<meta property=\"og:site_name\" content=\"OBSERVAT\u00d3RIO SOCIAL DO TRABALHO\" \/>\n<meta property=\"article:publisher\" content=\"https:\/\/www.facebook.com\/observatoriodaufpel\/\" \/>\n<meta property=\"article:published_time\" content=\"2018-10-26T19:06:55+00:00\" \/>\n<meta property=\"og:image\" content=\"https:\/\/i2.wp.com\/wp.ufpel.edu.br\/observatoriosocial\/files\/2018\/10\/Boletim-Informativo-N\u00ba-09-Setembro-de-2018-PELOTAS-RS.jpg?fit=1280%2C720&ssl=1\" \/>\n\t<meta property=\"og:image:width\" content=\"1280\" \/>\n\t<meta property=\"og:image:height\" content=\"720\" \/>\n\t<meta property=\"og:image:type\" content=\"image\/jpeg\" \/>\n<meta name=\"author\" content=\"Observat\u00f3rio Social do Trabalho\" \/>\n<meta name=\"twitter:card\" content=\"summary_large_image\" \/>\n<meta name=\"twitter:creator\" content=\"@ufpeltrabalho\" \/>\n<meta name=\"twitter:site\" content=\"@ufpeltrabalho\" \/>\n<meta name=\"twitter:label1\" content=\"Escrito por\" \/>\n\t<meta name=\"twitter:data1\" content=\"Observat\u00f3rio Social do Trabalho\" \/>\n\t<meta name=\"twitter:label2\" content=\"Est. tempo de leitura\" \/>\n\t<meta name=\"twitter:data2\" content=\"2 minutos\" \/>\n<script type=\"application\/ld+json\" class=\"yoast-schema-graph\">{\"@context\":\"https:\/\/schema.org\",\"@graph\":[{\"@type\":\"Article\",\"@id\":\"https:\/\/wp.ufpel.edu.br\/observatoriosocial\/2018\/10\/26\/em-setembro-emprego-formal-tem-saldo-negativo-em-pelotas\/#article\",\"isPartOf\":{\"@id\":\"https:\/\/wp.ufpel.edu.br\/observatoriosocial\/2018\/10\/26\/em-setembro-emprego-formal-tem-saldo-negativo-em-pelotas\/\"},\"author\":{\"name\":\"Observat\u00f3rio Social do Trabalho\",\"@id\":\"https:\/\/wp.ufpel.edu.br\/observatoriosocial\/#\/schema\/person\/9425088627ff1b0cc43a06d70b5b5c26\"},\"headline\":\"Em setembro, emprego formal tem saldo negativo em Pelotas\",\"datePublished\":\"2018-10-26T19:06:55+00:00\",\"mainEntityOfPage\":{\"@id\":\"https:\/\/wp.ufpel.edu.br\/observatoriosocial\/2018\/10\/26\/em-setembro-emprego-formal-tem-saldo-negativo-em-pelotas\/\"},\"wordCount\":366,\"image\":{\"@id\":\"https:\/\/wp.ufpel.edu.br\/observatoriosocial\/2018\/10\/26\/em-setembro-emprego-formal-tem-saldo-negativo-em-pelotas\/#primaryimage\"},\"thumbnailUrl\":\"https:\/\/wp.ufpel.edu.br\/observatoriosocial\/files\/2018\/10\/Boletim-Informativo-N\u00ba-09-Setembro-de-2018-PELOTAS-RS.jpg\",\"keywords\":[\"conjuntura do emprego\",\"Emprego formal\",\"indicadores de mercado de trabalho\",\"Mercado de trabalho e ocupa\u00e7\u00e3o\"],\"articleSection\":[\"Not\u00edcias\"],\"inLanguage\":\"pt-BR\"},{\"@type\":\"WebPage\",\"@id\":\"https:\/\/wp.ufpel.edu.br\/observatoriosocial\/2018\/10\/26\/em-setembro-emprego-formal-tem-saldo-negativo-em-pelotas\/\",\"url\":\"https:\/\/wp.ufpel.edu.br\/observatoriosocial\/2018\/10\/26\/em-setembro-emprego-formal-tem-saldo-negativo-em-pelotas\/\",\"name\":\"Em setembro, emprego formal tem saldo negativo em Pelotas &#8226; OBSERVAT\u00d3RIO SOCIAL DO TRABALHO\",\"isPartOf\":{\"@id\":\"https:\/\/wp.ufpel.edu.br\/observatoriosocial\/#website\"},\"primaryImageOfPage\":{\"@id\":\"https:\/\/wp.ufpel.edu.br\/observatoriosocial\/2018\/10\/26\/em-setembro-emprego-formal-tem-saldo-negativo-em-pelotas\/#primaryimage\"},\"image\":{\"@id\":\"https:\/\/wp.ufpel.edu.br\/observatoriosocial\/2018\/10\/26\/em-setembro-emprego-formal-tem-saldo-negativo-em-pelotas\/#primaryimage\"},\"thumbnailUrl\":\"https:\/\/wp.ufpel.edu.br\/observatoriosocial\/files\/2018\/10\/Boletim-Informativo-N\u00ba-09-Setembro-de-2018-PELOTAS-RS.jpg\",\"datePublished\":\"2018-10-26T19:06:55+00:00\",\"author\":{\"@id\":\"https:\/\/wp.ufpel.edu.br\/observatoriosocial\/#\/schema\/person\/9425088627ff1b0cc43a06d70b5b5c26\"},\"breadcrumb\":{\"@id\":\"https:\/\/wp.ufpel.edu.br\/observatoriosocial\/2018\/10\/26\/em-setembro-emprego-formal-tem-saldo-negativo-em-pelotas\/#breadcrumb\"},\"inLanguage\":\"pt-BR\",\"potentialAction\":[{\"@type\":\"ReadAction\",\"target\":[\"https:\/\/wp.ufpel.edu.br\/observatoriosocial\/2018\/10\/26\/em-setembro-emprego-formal-tem-saldo-negativo-em-pelotas\/\"]}]},{\"@type\":\"ImageObject\",\"inLanguage\":\"pt-BR\",\"@id\":\"https:\/\/wp.ufpel.edu.br\/observatoriosocial\/2018\/10\/26\/em-setembro-emprego-formal-tem-saldo-negativo-em-pelotas\/#primaryimage\",\"url\":\"https:\/\/wp.ufpel.edu.br\/observatoriosocial\/files\/2018\/10\/Boletim-Informativo-N\u00ba-09-Setembro-de-2018-PELOTAS-RS.jpg\",\"contentUrl\":\"https:\/\/wp.ufpel.edu.br\/observatoriosocial\/files\/2018\/10\/Boletim-Informativo-N\u00ba-09-Setembro-de-2018-PELOTAS-RS.jpg\",\"width\":1280,\"height\":720},{\"@type\":\"BreadcrumbList\",\"@id\":\"https:\/\/wp.ufpel.edu.br\/observatoriosocial\/2018\/10\/26\/em-setembro-emprego-formal-tem-saldo-negativo-em-pelotas\/#breadcrumb\",\"itemListElement\":[{\"@type\":\"ListItem\",\"position\":1,\"name\":\"In\u00edcio\",\"item\":\"https:\/\/wp.ufpel.edu.br\/observatoriosocial\/\"},{\"@type\":\"ListItem\",\"position\":2,\"name\":\"Em setembro, emprego formal tem saldo negativo em Pelotas\"}]},{\"@type\":\"WebSite\",\"@id\":\"https:\/\/wp.ufpel.edu.br\/observatoriosocial\/#website\",\"url\":\"https:\/\/wp.ufpel.edu.br\/observatoriosocial\/\",\"name\":\"OBSERVAT\u00d3RIO SOCIAL DO TRABALHO\",\"description\":\"Instituto de Filosofia, Sociologia e Pol\u00edtica (IFISP) \/ Universidade Federal de Pelotas (UFPel)\",\"potentialAction\":[{\"@type\":\"SearchAction\",\"target\":{\"@type\":\"EntryPoint\",\"urlTemplate\":\"https:\/\/wp.ufpel.edu.br\/observatoriosocial\/?s={search_term_string}\"},\"query-input\":{\"@type\":\"PropertyValueSpecification\",\"valueRequired\":true,\"valueName\":\"search_term_string\"}}],\"inLanguage\":\"pt-BR\"},{\"@type\":\"Person\",\"@id\":\"https:\/\/wp.ufpel.edu.br\/observatoriosocial\/#\/schema\/person\/9425088627ff1b0cc43a06d70b5b5c26\",\"name\":\"Observat\u00f3rio Social do Trabalho\",\"image\":{\"@type\":\"ImageObject\",\"inLanguage\":\"pt-BR\",\"@id\":\"https:\/\/wp.ufpel.edu.br\/observatoriosocial\/#\/schema\/person\/image\/\",\"url\":\"https:\/\/secure.gravatar.com\/avatar\/d43e98fadb1b76f269caefc4932bb6eeeaded52590245fa81afad058769bb288?s=96&d=mm&r=g\",\"contentUrl\":\"https:\/\/secure.gravatar.com\/avatar\/d43e98fadb1b76f269caefc4932bb6eeeaded52590245fa81afad058769bb288?s=96&d=mm&r=g\",\"caption\":\"Observat\u00f3rio Social do Trabalho\"},\"url\":\"https:\/\/wp.ufpel.edu.br\/observatoriosocial\/author\/observatoriosocial\/\"}]}<\/script>\n<!-- \/ Yoast SEO plugin. -->","yoast_head_json":{"title":"Em setembro, emprego formal tem saldo negativo em Pelotas &#8226; OBSERVAT\u00d3RIO SOCIAL DO TRABALHO","robots":{"index":"index","follow":"follow","max-snippet":"max-snippet:-1","max-image-preview":"max-image-preview:large","max-video-preview":"max-video-preview:-1"},"canonical":"https:\/\/wp.ufpel.edu.br\/observatoriosocial\/2018\/10\/26\/em-setembro-emprego-formal-tem-saldo-negativo-em-pelotas\/","og_locale":"pt_BR","og_type":"article","og_title":"Em setembro, emprego formal tem saldo negativo em Pelotas &#8226; OBSERVAT\u00d3RIO SOCIAL DO TRABALHO","og_description":"A conjuntura do emprego em Pelotas Segundo o Cadastro Geral de Empregados e Desempregados (CAGED), do Minist\u00e9rio do Trabalho (MTb), a movimenta\u00e7\u00e3o do emprego formal celetista em Pelotas apresentou um pequeno recuo no m\u00eas de setembro, observando-se um saldo de -37 v\u00ednculos. Nesse m\u00eas, foram registradas 1.767 admiss\u00f5es e 1.804 desligamentos e a taxa de [&hellip;]","og_url":"https:\/\/wp.ufpel.edu.br\/observatoriosocial\/2018\/10\/26\/em-setembro-emprego-formal-tem-saldo-negativo-em-pelotas\/","og_site_name":"OBSERVAT\u00d3RIO SOCIAL DO TRABALHO","article_publisher":"https:\/\/www.facebook.com\/observatoriodaufpel\/","article_published_time":"2018-10-26T19:06:55+00:00","og_image":[{"width":1280,"height":720,"url":"https:\/\/i2.wp.com\/wp.ufpel.edu.br\/observatoriosocial\/files\/2018\/10\/Boletim-Informativo-N\u00ba-09-Setembro-de-2018-PELOTAS-RS.jpg?fit=1280%2C720&ssl=1","type":"image\/jpeg"}],"author":"Observat\u00f3rio Social do Trabalho","twitter_card":"summary_large_image","twitter_creator":"@ufpeltrabalho","twitter_site":"@ufpeltrabalho","twitter_misc":{"Escrito por":"Observat\u00f3rio Social do Trabalho","Est. tempo de leitura":"2 minutos"},"schema":{"@context":"https:\/\/schema.org","@graph":[{"@type":"Article","@id":"https:\/\/wp.ufpel.edu.br\/observatoriosocial\/2018\/10\/26\/em-setembro-emprego-formal-tem-saldo-negativo-em-pelotas\/#article","isPartOf":{"@id":"https:\/\/wp.ufpel.edu.br\/observatoriosocial\/2018\/10\/26\/em-setembro-emprego-formal-tem-saldo-negativo-em-pelotas\/"},"author":{"name":"Observat\u00f3rio Social do Trabalho","@id":"https:\/\/wp.ufpel.edu.br\/observatoriosocial\/#\/schema\/person\/9425088627ff1b0cc43a06d70b5b5c26"},"headline":"Em setembro, emprego formal tem saldo negativo em Pelotas","datePublished":"2018-10-26T19:06:55+00:00","mainEntityOfPage":{"@id":"https:\/\/wp.ufpel.edu.br\/observatoriosocial\/2018\/10\/26\/em-setembro-emprego-formal-tem-saldo-negativo-em-pelotas\/"},"wordCount":366,"image":{"@id":"https:\/\/wp.ufpel.edu.br\/observatoriosocial\/2018\/10\/26\/em-setembro-emprego-formal-tem-saldo-negativo-em-pelotas\/#primaryimage"},"thumbnailUrl":"https:\/\/wp.ufpel.edu.br\/observatoriosocial\/files\/2018\/10\/Boletim-Informativo-N\u00ba-09-Setembro-de-2018-PELOTAS-RS.jpg","keywords":["conjuntura do emprego","Emprego formal","indicadores de mercado de trabalho","Mercado de trabalho e ocupa\u00e7\u00e3o"],"articleSection":["Not\u00edcias"],"inLanguage":"pt-BR"},{"@type":"WebPage","@id":"https:\/\/wp.ufpel.edu.br\/observatoriosocial\/2018\/10\/26\/em-setembro-emprego-formal-tem-saldo-negativo-em-pelotas\/","url":"https:\/\/wp.ufpel.edu.br\/observatoriosocial\/2018\/10\/26\/em-setembro-emprego-formal-tem-saldo-negativo-em-pelotas\/","name":"Em setembro, emprego formal tem saldo negativo em Pelotas &#8226; OBSERVAT\u00d3RIO SOCIAL DO TRABALHO","isPartOf":{"@id":"https:\/\/wp.ufpel.edu.br\/observatoriosocial\/#website"},"primaryImageOfPage":{"@id":"https:\/\/wp.ufpel.edu.br\/observatoriosocial\/2018\/10\/26\/em-setembro-emprego-formal-tem-saldo-negativo-em-pelotas\/#primaryimage"},"image":{"@id":"https:\/\/wp.ufpel.edu.br\/observatoriosocial\/2018\/10\/26\/em-setembro-emprego-formal-tem-saldo-negativo-em-pelotas\/#primaryimage"},"thumbnailUrl":"https:\/\/wp.ufpel.edu.br\/observatoriosocial\/files\/2018\/10\/Boletim-Informativo-N\u00ba-09-Setembro-de-2018-PELOTAS-RS.jpg","datePublished":"2018-10-26T19:06:55+00:00","author":{"@id":"https:\/\/wp.ufpel.edu.br\/observatoriosocial\/#\/schema\/person\/9425088627ff1b0cc43a06d70b5b5c26"},"breadcrumb":{"@id":"https:\/\/wp.ufpel.edu.br\/observatoriosocial\/2018\/10\/26\/em-setembro-emprego-formal-tem-saldo-negativo-em-pelotas\/#breadcrumb"},"inLanguage":"pt-BR","potentialAction":[{"@type":"ReadAction","target":["https:\/\/wp.ufpel.edu.br\/observatoriosocial\/2018\/10\/26\/em-setembro-emprego-formal-tem-saldo-negativo-em-pelotas\/"]}]},{"@type":"ImageObject","inLanguage":"pt-BR","@id":"https:\/\/wp.ufpel.edu.br\/observatoriosocial\/2018\/10\/26\/em-setembro-emprego-formal-tem-saldo-negativo-em-pelotas\/#primaryimage","url":"https:\/\/wp.ufpel.edu.br\/observatoriosocial\/files\/2018\/10\/Boletim-Informativo-N\u00ba-09-Setembro-de-2018-PELOTAS-RS.jpg","contentUrl":"https:\/\/wp.ufpel.edu.br\/observatoriosocial\/files\/2018\/10\/Boletim-Informativo-N\u00ba-09-Setembro-de-2018-PELOTAS-RS.jpg","width":1280,"height":720},{"@type":"BreadcrumbList","@id":"https:\/\/wp.ufpel.edu.br\/observatoriosocial\/2018\/10\/26\/em-setembro-emprego-formal-tem-saldo-negativo-em-pelotas\/#breadcrumb","itemListElement":[{"@type":"ListItem","position":1,"name":"In\u00edcio","item":"https:\/\/wp.ufpel.edu.br\/observatoriosocial\/"},{"@type":"ListItem","position":2,"name":"Em setembro, emprego formal tem saldo negativo em Pelotas"}]},{"@type":"WebSite","@id":"https:\/\/wp.ufpel.edu.br\/observatoriosocial\/#website","url":"https:\/\/wp.ufpel.edu.br\/observatoriosocial\/","name":"OBSERVAT\u00d3RIO SOCIAL DO TRABALHO","description":"Instituto de Filosofia, Sociologia e Pol\u00edtica (IFISP) \/ Universidade Federal de Pelotas (UFPel)","potentialAction":[{"@type":"SearchAction","target":{"@type":"EntryPoint","urlTemplate":"https:\/\/wp.ufpel.edu.br\/observatoriosocial\/?s={search_term_string}"},"query-input":{"@type":"PropertyValueSpecification","valueRequired":true,"valueName":"search_term_string"}}],"inLanguage":"pt-BR"},{"@type":"Person","@id":"https:\/\/wp.ufpel.edu.br\/observatoriosocial\/#\/schema\/person\/9425088627ff1b0cc43a06d70b5b5c26","name":"Observat\u00f3rio Social do Trabalho","image":{"@type":"ImageObject","inLanguage":"pt-BR","@id":"https:\/\/wp.ufpel.edu.br\/observatoriosocial\/#\/schema\/person\/image\/","url":"https:\/\/secure.gravatar.com\/avatar\/d43e98fadb1b76f269caefc4932bb6eeeaded52590245fa81afad058769bb288?s=96&d=mm&r=g","contentUrl":"https:\/\/secure.gravatar.com\/avatar\/d43e98fadb1b76f269caefc4932bb6eeeaded52590245fa81afad058769bb288?s=96&d=mm&r=g","caption":"Observat\u00f3rio Social do Trabalho"},"url":"https:\/\/wp.ufpel.edu.br\/observatoriosocial\/author\/observatoriosocial\/"}]}},"jetpack_featured_media_url":"https:\/\/wp.ufpel.edu.br\/observatoriosocial\/files\/2018\/10\/Boletim-Informativo-N\u00ba-09-Setembro-de-2018-PELOTAS-RS.jpg","_links":{"self":[{"href":"https:\/\/wp.ufpel.edu.br\/observatoriosocial\/wp-json\/wp\/v2\/posts\/2131","targetHints":{"allow":["GET"]}}],"collection":[{"href":"https:\/\/wp.ufpel.edu.br\/observatoriosocial\/wp-json\/wp\/v2\/posts"}],"about":[{"href":"https:\/\/wp.ufpel.edu.br\/observatoriosocial\/wp-json\/wp\/v2\/types\/post"}],"author":[{"embeddable":true,"href":"https:\/\/wp.ufpel.edu.br\/observatoriosocial\/wp-json\/wp\/v2\/users\/102"}],"replies":[{"embeddable":true,"href":"https:\/\/wp.ufpel.edu.br\/observatoriosocial\/wp-json\/wp\/v2\/comments?post=2131"}],"version-history":[{"count":2,"href":"https:\/\/wp.ufpel.edu.br\/observatoriosocial\/wp-json\/wp\/v2\/posts\/2131\/revisions"}],"predecessor-version":[{"id":2135,"href":"https:\/\/wp.ufpel.edu.br\/observatoriosocial\/wp-json\/wp\/v2\/posts\/2131\/revisions\/2135"}],"wp:featuredmedia":[{"embeddable":true,"href":"https:\/\/wp.ufpel.edu.br\/observatoriosocial\/wp-json\/wp\/v2\/media\/2134"}],"wp:attachment":[{"href":"https:\/\/wp.ufpel.edu.br\/observatoriosocial\/wp-json\/wp\/v2\/media?parent=2131"}],"wp:term":[{"taxonomy":"category","embeddable":true,"href":"https:\/\/wp.ufpel.edu.br\/observatoriosocial\/wp-json\/wp\/v2\/categories?post=2131"},{"taxonomy":"post_tag","embeddable":true,"href":"https:\/\/wp.ufpel.edu.br\/observatoriosocial\/wp-json\/wp\/v2\/tags?post=2131"}],"curies":[{"name":"wp","href":"https:\/\/api.w.org\/{rel}","templated":true}]}}