{"id":2002,"date":"2018-05-28T16:22:05","date_gmt":"2018-05-28T19:22:05","guid":{"rendered":"https:\/\/wp.ufpel.edu.br\/observatoriosocial\/?p=2002"},"modified":"2018-05-28T16:22:05","modified_gmt":"2018-05-28T19:22:05","slug":"em-pelotas-emprego-formal-cresce-033-em-abril","status":"publish","type":"post","link":"https:\/\/wp.ufpel.edu.br\/observatoriosocial\/2018\/05\/28\/em-pelotas-emprego-formal-cresce-033-em-abril\/","title":{"rendered":"Em Pelotas, emprego formal cresce 0,33% em abril"},"content":{"rendered":"<p>Segundo o Cadastro Geral de Empregados e Desempregados (CAGED) do Minist\u00e9rio do Trabalho (MTb), no m\u00eas de abril de 2018 ocorreram, em Pelotas, 2.121 admiss\u00f5es e 1.917 desligamentos, resultando em um saldo de 204 v\u00ednculos formais de emprego celetista. Com isso, a taxa de varia\u00e7\u00e3o do emprego formal foi de 0,33%, com o estoque passando de 61.738 v\u00ednculos, em mar\u00e7o, para 61.942, em abril de 2018. O saldo do m\u00eas de abril de 2018 foi um pouco menor que o observado no m\u00eas de mar\u00e7o (216 v\u00ednculos) e superior ao do m\u00eas de abril de 2017 (82 v\u00ednculos).<\/p>\n<p>No acumulado do ano, ocorreram 8.340 admiss\u00f5es e 7.815 desligamentos em Pelotas, o que resultou em um saldo 525 v\u00ednculos formais de emprego. Nesse per\u00edodo, o estoque passou de 61.417 v\u00ednculos formais de emprego, em dezembro de 2017, para 61.942, em abril de 2018, uma taxa de varia\u00e7\u00e3o de 0,85%.<\/p>\n<p>No per\u00edodo de doze meses, ocorreram em Pelotas 24.544 admiss\u00f5es e 24.373 desligamentos, resultando em um saldo de 171 v\u00ednculos formais de emprego celetistas. Este pequeno crescimento do emprego corresponde a uma taxa de varia\u00e7\u00e3o de 0,28%, com estoque passando de 61.771 v\u00ednculos, em abril de 2017, para 61.942, em abril de 2018.<\/p>\n<p>&nbsp;<\/p>\n<p><strong>A conjuntura setorial do emprego<\/strong><\/p>\n<p>Observa-se, a partir dos dados setoriais de abril de 2018, que a constru\u00e7\u00e3o civil apresentou o maior saldo positivo (163 v\u00ednculos), seguido do setor de servi\u00e7os (56 v\u00ednculos) e do com\u00e9rcio (28 v\u00ednculos). Esses setores foram os respons\u00e1veis pelo saldo positivo de 204 v\u00ednculos no m\u00eas. J\u00e1 a ind\u00fastria (-29 v\u00ednculos) e a agropecu\u00e1ria (-14 v\u00ednculos) apresentaram saldos negativos.<\/p>\n<p>No acumulado do ano, os setores de servi\u00e7os (422 v\u00ednculos), constru\u00e7\u00e3o civil (297 v\u00ednculos) e ind\u00fastria (285 v\u00ednculos) foram respons\u00e1veis pelo saldo positivo de 525 v\u00ednculos formais de emprego em Pelotas. O com\u00e9rcio (-450 v\u00ednculos) e a agropecu\u00e1ria (-29 v\u00ednculos) apresentaram saldos negativos.<\/p>\n<p>No per\u00edodo de doze meses, o setor de servi\u00e7os (259 v\u00ednculos) apresentou o saldo positivo mais elevado, sendo o principal respons\u00e1vel pelo saldo positivo total de 171 v\u00ednculos formais de emprego, seguido da constru\u00e7\u00e3o civil (92 v\u00ednculos). A ind\u00fastria (-100 v\u00ednculos), o com\u00e9rcio (-75 v\u00ednculos) e a agropecu\u00e1ria (-5 v\u00ednculos) apresentaram saldos negativos nesse per\u00edodo de doze meses.<\/p>\n<p>Para acessar o Boletim Informativo N\u00ba 04\/2018, na \u00edntegra, clique no link abaixo:<\/p>\n<p><a href=\"https:\/\/wp.ufpel.edu.br\/observatoriosocial\/files\/2018\/05\/Boletim-Informativo-N\u00ba-04-Abril-de-2018-PELOTAS-RS.ppsx\">Boletim Informativo N\u00ba 04 Abril de 2018 PELOTAS-RS<\/a><\/p>\n<p>&nbsp;<\/p>\n<p>&nbsp;<\/p>\n","protected":false},"excerpt":{"rendered":"<p>Segundo o Cadastro Geral de Empregados e Desempregados (CAGED) do Minist\u00e9rio do Trabalho (MTb), no m\u00eas de abril de 2018 ocorreram, em Pelotas, 2.121 admiss\u00f5es e 1.917 desligamentos, resultando em um saldo de 204 v\u00ednculos formais de emprego celetista. Com isso, a taxa de varia\u00e7\u00e3o do emprego formal foi de 0,33%, com o estoque passando [&hellip;]<\/p>\n","protected":false},"author":102,"featured_media":2006,"comment_status":"closed","ping_status":"closed","sticky":false,"template":"","format":"standard","meta":{"footnotes":""},"categories":[4],"tags":[36470,36480,36481,36479],"class_list":["post-2002","post","type-post","status-publish","format-standard","has-post-thumbnail","hentry","category-noticias","tag-conjuntura-do-emprego","tag-indicadores-de-emprego","tag-mercado-de-trabalho-e-ocupacao","tag-mercados-locais-de-trabalho"],"yoast_head":"<!-- This site is optimized with the Yoast SEO plugin v26.7 - https:\/\/yoast.com\/wordpress\/plugins\/seo\/ -->\n<title>Em Pelotas, emprego formal cresce 0,33% em abril &#8226; OBSERVAT\u00d3RIO SOCIAL DO TRABALHO<\/title>\n<meta name=\"robots\" content=\"index, follow, max-snippet:-1, max-image-preview:large, max-video-preview:-1\" \/>\n<link rel=\"canonical\" href=\"https:\/\/wp.ufpel.edu.br\/observatoriosocial\/2018\/05\/28\/em-pelotas-emprego-formal-cresce-033-em-abril\/\" \/>\n<meta property=\"og:locale\" content=\"pt_BR\" \/>\n<meta property=\"og:type\" content=\"article\" \/>\n<meta property=\"og:title\" content=\"Em Pelotas, emprego formal cresce 0,33% em abril &#8226; OBSERVAT\u00d3RIO SOCIAL DO TRABALHO\" \/>\n<meta property=\"og:description\" content=\"Segundo o Cadastro Geral de Empregados e Desempregados (CAGED) do Minist\u00e9rio do Trabalho (MTb), no m\u00eas de abril de 2018 ocorreram, em Pelotas, 2.121 admiss\u00f5es e 1.917 desligamentos, resultando em um saldo de 204 v\u00ednculos formais de emprego celetista. Com isso, a taxa de varia\u00e7\u00e3o do emprego formal foi de 0,33%, com o estoque passando [&hellip;]\" \/>\n<meta property=\"og:url\" content=\"https:\/\/wp.ufpel.edu.br\/observatoriosocial\/2018\/05\/28\/em-pelotas-emprego-formal-cresce-033-em-abril\/\" \/>\n<meta property=\"og:site_name\" content=\"OBSERVAT\u00d3RIO SOCIAL DO TRABALHO\" \/>\n<meta property=\"article:publisher\" content=\"https:\/\/www.facebook.com\/observatoriodaufpel\/\" \/>\n<meta property=\"article:published_time\" content=\"2018-05-28T19:22:05+00:00\" \/>\n<meta property=\"og:image\" content=\"https:\/\/i0.wp.com\/wp.ufpel.edu.br\/observatoriosocial\/files\/2018\/05\/Boletim-Informativo-N\u00ba-04-Abril-de-2018-PELOTAS-RS.jpg?fit=1280%2C720&ssl=1\" \/>\n\t<meta property=\"og:image:width\" content=\"1280\" \/>\n\t<meta property=\"og:image:height\" content=\"720\" \/>\n\t<meta property=\"og:image:type\" content=\"image\/jpeg\" \/>\n<meta name=\"author\" content=\"Observat\u00f3rio Social do Trabalho\" \/>\n<meta name=\"twitter:card\" content=\"summary_large_image\" \/>\n<meta name=\"twitter:creator\" content=\"@ufpeltrabalho\" \/>\n<meta name=\"twitter:site\" content=\"@ufpeltrabalho\" \/>\n<meta name=\"twitter:label1\" content=\"Escrito por\" \/>\n\t<meta name=\"twitter:data1\" content=\"Observat\u00f3rio Social do Trabalho\" \/>\n\t<meta name=\"twitter:label2\" content=\"Est. tempo de leitura\" \/>\n\t<meta name=\"twitter:data2\" content=\"2 minutos\" \/>\n<script type=\"application\/ld+json\" class=\"yoast-schema-graph\">{\"@context\":\"https:\/\/schema.org\",\"@graph\":[{\"@type\":\"Article\",\"@id\":\"https:\/\/wp.ufpel.edu.br\/observatoriosocial\/2018\/05\/28\/em-pelotas-emprego-formal-cresce-033-em-abril\/#article\",\"isPartOf\":{\"@id\":\"https:\/\/wp.ufpel.edu.br\/observatoriosocial\/2018\/05\/28\/em-pelotas-emprego-formal-cresce-033-em-abril\/\"},\"author\":{\"name\":\"Observat\u00f3rio Social do Trabalho\",\"@id\":\"https:\/\/wp.ufpel.edu.br\/observatoriosocial\/#\/schema\/person\/9425088627ff1b0cc43a06d70b5b5c26\"},\"headline\":\"Em Pelotas, emprego formal cresce 0,33% em abril\",\"datePublished\":\"2018-05-28T19:22:05+00:00\",\"mainEntityOfPage\":{\"@id\":\"https:\/\/wp.ufpel.edu.br\/observatoriosocial\/2018\/05\/28\/em-pelotas-emprego-formal-cresce-033-em-abril\/\"},\"wordCount\":416,\"image\":{\"@id\":\"https:\/\/wp.ufpel.edu.br\/observatoriosocial\/2018\/05\/28\/em-pelotas-emprego-formal-cresce-033-em-abril\/#primaryimage\"},\"thumbnailUrl\":\"https:\/\/wp.ufpel.edu.br\/observatoriosocial\/files\/2018\/05\/Boletim-Informativo-N\u00ba-04-Abril-de-2018-PELOTAS-RS.jpg\",\"keywords\":[\"conjuntura do emprego\",\"indicadores de emprego\",\"Mercado de trabalho e ocupa\u00e7\u00e3o\",\"mercados locais de trabalho\"],\"articleSection\":[\"Not\u00edcias\"],\"inLanguage\":\"pt-BR\"},{\"@type\":\"WebPage\",\"@id\":\"https:\/\/wp.ufpel.edu.br\/observatoriosocial\/2018\/05\/28\/em-pelotas-emprego-formal-cresce-033-em-abril\/\",\"url\":\"https:\/\/wp.ufpel.edu.br\/observatoriosocial\/2018\/05\/28\/em-pelotas-emprego-formal-cresce-033-em-abril\/\",\"name\":\"Em Pelotas, emprego formal cresce 0,33% em abril &#8226; OBSERVAT\u00d3RIO SOCIAL DO TRABALHO\",\"isPartOf\":{\"@id\":\"https:\/\/wp.ufpel.edu.br\/observatoriosocial\/#website\"},\"primaryImageOfPage\":{\"@id\":\"https:\/\/wp.ufpel.edu.br\/observatoriosocial\/2018\/05\/28\/em-pelotas-emprego-formal-cresce-033-em-abril\/#primaryimage\"},\"image\":{\"@id\":\"https:\/\/wp.ufpel.edu.br\/observatoriosocial\/2018\/05\/28\/em-pelotas-emprego-formal-cresce-033-em-abril\/#primaryimage\"},\"thumbnailUrl\":\"https:\/\/wp.ufpel.edu.br\/observatoriosocial\/files\/2018\/05\/Boletim-Informativo-N\u00ba-04-Abril-de-2018-PELOTAS-RS.jpg\",\"datePublished\":\"2018-05-28T19:22:05+00:00\",\"author\":{\"@id\":\"https:\/\/wp.ufpel.edu.br\/observatoriosocial\/#\/schema\/person\/9425088627ff1b0cc43a06d70b5b5c26\"},\"breadcrumb\":{\"@id\":\"https:\/\/wp.ufpel.edu.br\/observatoriosocial\/2018\/05\/28\/em-pelotas-emprego-formal-cresce-033-em-abril\/#breadcrumb\"},\"inLanguage\":\"pt-BR\",\"potentialAction\":[{\"@type\":\"ReadAction\",\"target\":[\"https:\/\/wp.ufpel.edu.br\/observatoriosocial\/2018\/05\/28\/em-pelotas-emprego-formal-cresce-033-em-abril\/\"]}]},{\"@type\":\"ImageObject\",\"inLanguage\":\"pt-BR\",\"@id\":\"https:\/\/wp.ufpel.edu.br\/observatoriosocial\/2018\/05\/28\/em-pelotas-emprego-formal-cresce-033-em-abril\/#primaryimage\",\"url\":\"https:\/\/wp.ufpel.edu.br\/observatoriosocial\/files\/2018\/05\/Boletim-Informativo-N\u00ba-04-Abril-de-2018-PELOTAS-RS.jpg\",\"contentUrl\":\"https:\/\/wp.ufpel.edu.br\/observatoriosocial\/files\/2018\/05\/Boletim-Informativo-N\u00ba-04-Abril-de-2018-PELOTAS-RS.jpg\",\"width\":1280,\"height\":720},{\"@type\":\"BreadcrumbList\",\"@id\":\"https:\/\/wp.ufpel.edu.br\/observatoriosocial\/2018\/05\/28\/em-pelotas-emprego-formal-cresce-033-em-abril\/#breadcrumb\",\"itemListElement\":[{\"@type\":\"ListItem\",\"position\":1,\"name\":\"In\u00edcio\",\"item\":\"https:\/\/wp.ufpel.edu.br\/observatoriosocial\/\"},{\"@type\":\"ListItem\",\"position\":2,\"name\":\"Em Pelotas, emprego formal cresce 0,33% em abril\"}]},{\"@type\":\"WebSite\",\"@id\":\"https:\/\/wp.ufpel.edu.br\/observatoriosocial\/#website\",\"url\":\"https:\/\/wp.ufpel.edu.br\/observatoriosocial\/\",\"name\":\"OBSERVAT\u00d3RIO SOCIAL DO TRABALHO\",\"description\":\"Instituto de Filosofia, Sociologia e Pol\u00edtica (IFISP) \/ Universidade Federal de Pelotas (UFPel)\",\"potentialAction\":[{\"@type\":\"SearchAction\",\"target\":{\"@type\":\"EntryPoint\",\"urlTemplate\":\"https:\/\/wp.ufpel.edu.br\/observatoriosocial\/?s={search_term_string}\"},\"query-input\":{\"@type\":\"PropertyValueSpecification\",\"valueRequired\":true,\"valueName\":\"search_term_string\"}}],\"inLanguage\":\"pt-BR\"},{\"@type\":\"Person\",\"@id\":\"https:\/\/wp.ufpel.edu.br\/observatoriosocial\/#\/schema\/person\/9425088627ff1b0cc43a06d70b5b5c26\",\"name\":\"Observat\u00f3rio Social do Trabalho\",\"image\":{\"@type\":\"ImageObject\",\"inLanguage\":\"pt-BR\",\"@id\":\"https:\/\/wp.ufpel.edu.br\/observatoriosocial\/#\/schema\/person\/image\/\",\"url\":\"https:\/\/secure.gravatar.com\/avatar\/d43e98fadb1b76f269caefc4932bb6eeeaded52590245fa81afad058769bb288?s=96&d=mm&r=g\",\"contentUrl\":\"https:\/\/secure.gravatar.com\/avatar\/d43e98fadb1b76f269caefc4932bb6eeeaded52590245fa81afad058769bb288?s=96&d=mm&r=g\",\"caption\":\"Observat\u00f3rio Social do Trabalho\"},\"url\":\"https:\/\/wp.ufpel.edu.br\/observatoriosocial\/author\/observatoriosocial\/\"}]}<\/script>\n<!-- \/ Yoast SEO plugin. -->","yoast_head_json":{"title":"Em Pelotas, emprego formal cresce 0,33% em abril &#8226; OBSERVAT\u00d3RIO SOCIAL DO TRABALHO","robots":{"index":"index","follow":"follow","max-snippet":"max-snippet:-1","max-image-preview":"max-image-preview:large","max-video-preview":"max-video-preview:-1"},"canonical":"https:\/\/wp.ufpel.edu.br\/observatoriosocial\/2018\/05\/28\/em-pelotas-emprego-formal-cresce-033-em-abril\/","og_locale":"pt_BR","og_type":"article","og_title":"Em Pelotas, emprego formal cresce 0,33% em abril &#8226; OBSERVAT\u00d3RIO SOCIAL DO TRABALHO","og_description":"Segundo o Cadastro Geral de Empregados e Desempregados (CAGED) do Minist\u00e9rio do Trabalho (MTb), no m\u00eas de abril de 2018 ocorreram, em Pelotas, 2.121 admiss\u00f5es e 1.917 desligamentos, resultando em um saldo de 204 v\u00ednculos formais de emprego celetista. Com isso, a taxa de varia\u00e7\u00e3o do emprego formal foi de 0,33%, com o estoque passando [&hellip;]","og_url":"https:\/\/wp.ufpel.edu.br\/observatoriosocial\/2018\/05\/28\/em-pelotas-emprego-formal-cresce-033-em-abril\/","og_site_name":"OBSERVAT\u00d3RIO SOCIAL DO TRABALHO","article_publisher":"https:\/\/www.facebook.com\/observatoriodaufpel\/","article_published_time":"2018-05-28T19:22:05+00:00","og_image":[{"width":1280,"height":720,"url":"https:\/\/i0.wp.com\/wp.ufpel.edu.br\/observatoriosocial\/files\/2018\/05\/Boletim-Informativo-N\u00ba-04-Abril-de-2018-PELOTAS-RS.jpg?fit=1280%2C720&ssl=1","type":"image\/jpeg"}],"author":"Observat\u00f3rio Social do Trabalho","twitter_card":"summary_large_image","twitter_creator":"@ufpeltrabalho","twitter_site":"@ufpeltrabalho","twitter_misc":{"Escrito por":"Observat\u00f3rio Social do Trabalho","Est. tempo de leitura":"2 minutos"},"schema":{"@context":"https:\/\/schema.org","@graph":[{"@type":"Article","@id":"https:\/\/wp.ufpel.edu.br\/observatoriosocial\/2018\/05\/28\/em-pelotas-emprego-formal-cresce-033-em-abril\/#article","isPartOf":{"@id":"https:\/\/wp.ufpel.edu.br\/observatoriosocial\/2018\/05\/28\/em-pelotas-emprego-formal-cresce-033-em-abril\/"},"author":{"name":"Observat\u00f3rio Social do Trabalho","@id":"https:\/\/wp.ufpel.edu.br\/observatoriosocial\/#\/schema\/person\/9425088627ff1b0cc43a06d70b5b5c26"},"headline":"Em Pelotas, emprego formal cresce 0,33% em abril","datePublished":"2018-05-28T19:22:05+00:00","mainEntityOfPage":{"@id":"https:\/\/wp.ufpel.edu.br\/observatoriosocial\/2018\/05\/28\/em-pelotas-emprego-formal-cresce-033-em-abril\/"},"wordCount":416,"image":{"@id":"https:\/\/wp.ufpel.edu.br\/observatoriosocial\/2018\/05\/28\/em-pelotas-emprego-formal-cresce-033-em-abril\/#primaryimage"},"thumbnailUrl":"https:\/\/wp.ufpel.edu.br\/observatoriosocial\/files\/2018\/05\/Boletim-Informativo-N\u00ba-04-Abril-de-2018-PELOTAS-RS.jpg","keywords":["conjuntura do emprego","indicadores de emprego","Mercado de trabalho e ocupa\u00e7\u00e3o","mercados locais de trabalho"],"articleSection":["Not\u00edcias"],"inLanguage":"pt-BR"},{"@type":"WebPage","@id":"https:\/\/wp.ufpel.edu.br\/observatoriosocial\/2018\/05\/28\/em-pelotas-emprego-formal-cresce-033-em-abril\/","url":"https:\/\/wp.ufpel.edu.br\/observatoriosocial\/2018\/05\/28\/em-pelotas-emprego-formal-cresce-033-em-abril\/","name":"Em Pelotas, emprego formal cresce 0,33% em abril &#8226; OBSERVAT\u00d3RIO SOCIAL DO TRABALHO","isPartOf":{"@id":"https:\/\/wp.ufpel.edu.br\/observatoriosocial\/#website"},"primaryImageOfPage":{"@id":"https:\/\/wp.ufpel.edu.br\/observatoriosocial\/2018\/05\/28\/em-pelotas-emprego-formal-cresce-033-em-abril\/#primaryimage"},"image":{"@id":"https:\/\/wp.ufpel.edu.br\/observatoriosocial\/2018\/05\/28\/em-pelotas-emprego-formal-cresce-033-em-abril\/#primaryimage"},"thumbnailUrl":"https:\/\/wp.ufpel.edu.br\/observatoriosocial\/files\/2018\/05\/Boletim-Informativo-N\u00ba-04-Abril-de-2018-PELOTAS-RS.jpg","datePublished":"2018-05-28T19:22:05+00:00","author":{"@id":"https:\/\/wp.ufpel.edu.br\/observatoriosocial\/#\/schema\/person\/9425088627ff1b0cc43a06d70b5b5c26"},"breadcrumb":{"@id":"https:\/\/wp.ufpel.edu.br\/observatoriosocial\/2018\/05\/28\/em-pelotas-emprego-formal-cresce-033-em-abril\/#breadcrumb"},"inLanguage":"pt-BR","potentialAction":[{"@type":"ReadAction","target":["https:\/\/wp.ufpel.edu.br\/observatoriosocial\/2018\/05\/28\/em-pelotas-emprego-formal-cresce-033-em-abril\/"]}]},{"@type":"ImageObject","inLanguage":"pt-BR","@id":"https:\/\/wp.ufpel.edu.br\/observatoriosocial\/2018\/05\/28\/em-pelotas-emprego-formal-cresce-033-em-abril\/#primaryimage","url":"https:\/\/wp.ufpel.edu.br\/observatoriosocial\/files\/2018\/05\/Boletim-Informativo-N\u00ba-04-Abril-de-2018-PELOTAS-RS.jpg","contentUrl":"https:\/\/wp.ufpel.edu.br\/observatoriosocial\/files\/2018\/05\/Boletim-Informativo-N\u00ba-04-Abril-de-2018-PELOTAS-RS.jpg","width":1280,"height":720},{"@type":"BreadcrumbList","@id":"https:\/\/wp.ufpel.edu.br\/observatoriosocial\/2018\/05\/28\/em-pelotas-emprego-formal-cresce-033-em-abril\/#breadcrumb","itemListElement":[{"@type":"ListItem","position":1,"name":"In\u00edcio","item":"https:\/\/wp.ufpel.edu.br\/observatoriosocial\/"},{"@type":"ListItem","position":2,"name":"Em Pelotas, emprego formal cresce 0,33% em abril"}]},{"@type":"WebSite","@id":"https:\/\/wp.ufpel.edu.br\/observatoriosocial\/#website","url":"https:\/\/wp.ufpel.edu.br\/observatoriosocial\/","name":"OBSERVAT\u00d3RIO SOCIAL DO TRABALHO","description":"Instituto de Filosofia, Sociologia e Pol\u00edtica (IFISP) \/ Universidade Federal de Pelotas (UFPel)","potentialAction":[{"@type":"SearchAction","target":{"@type":"EntryPoint","urlTemplate":"https:\/\/wp.ufpel.edu.br\/observatoriosocial\/?s={search_term_string}"},"query-input":{"@type":"PropertyValueSpecification","valueRequired":true,"valueName":"search_term_string"}}],"inLanguage":"pt-BR"},{"@type":"Person","@id":"https:\/\/wp.ufpel.edu.br\/observatoriosocial\/#\/schema\/person\/9425088627ff1b0cc43a06d70b5b5c26","name":"Observat\u00f3rio Social do Trabalho","image":{"@type":"ImageObject","inLanguage":"pt-BR","@id":"https:\/\/wp.ufpel.edu.br\/observatoriosocial\/#\/schema\/person\/image\/","url":"https:\/\/secure.gravatar.com\/avatar\/d43e98fadb1b76f269caefc4932bb6eeeaded52590245fa81afad058769bb288?s=96&d=mm&r=g","contentUrl":"https:\/\/secure.gravatar.com\/avatar\/d43e98fadb1b76f269caefc4932bb6eeeaded52590245fa81afad058769bb288?s=96&d=mm&r=g","caption":"Observat\u00f3rio Social do Trabalho"},"url":"https:\/\/wp.ufpel.edu.br\/observatoriosocial\/author\/observatoriosocial\/"}]}},"jetpack_featured_media_url":"https:\/\/wp.ufpel.edu.br\/observatoriosocial\/files\/2018\/05\/Boletim-Informativo-N\u00ba-04-Abril-de-2018-PELOTAS-RS.jpg","_links":{"self":[{"href":"https:\/\/wp.ufpel.edu.br\/observatoriosocial\/wp-json\/wp\/v2\/posts\/2002","targetHints":{"allow":["GET"]}}],"collection":[{"href":"https:\/\/wp.ufpel.edu.br\/observatoriosocial\/wp-json\/wp\/v2\/posts"}],"about":[{"href":"https:\/\/wp.ufpel.edu.br\/observatoriosocial\/wp-json\/wp\/v2\/types\/post"}],"author":[{"embeddable":true,"href":"https:\/\/wp.ufpel.edu.br\/observatoriosocial\/wp-json\/wp\/v2\/users\/102"}],"replies":[{"embeddable":true,"href":"https:\/\/wp.ufpel.edu.br\/observatoriosocial\/wp-json\/wp\/v2\/comments?post=2002"}],"version-history":[{"count":1,"href":"https:\/\/wp.ufpel.edu.br\/observatoriosocial\/wp-json\/wp\/v2\/posts\/2002\/revisions"}],"predecessor-version":[{"id":2005,"href":"https:\/\/wp.ufpel.edu.br\/observatoriosocial\/wp-json\/wp\/v2\/posts\/2002\/revisions\/2005"}],"wp:featuredmedia":[{"embeddable":true,"href":"https:\/\/wp.ufpel.edu.br\/observatoriosocial\/wp-json\/wp\/v2\/media\/2006"}],"wp:attachment":[{"href":"https:\/\/wp.ufpel.edu.br\/observatoriosocial\/wp-json\/wp\/v2\/media?parent=2002"}],"wp:term":[{"taxonomy":"category","embeddable":true,"href":"https:\/\/wp.ufpel.edu.br\/observatoriosocial\/wp-json\/wp\/v2\/categories?post=2002"},{"taxonomy":"post_tag","embeddable":true,"href":"https:\/\/wp.ufpel.edu.br\/observatoriosocial\/wp-json\/wp\/v2\/tags?post=2002"}],"curies":[{"name":"wp","href":"https:\/\/api.w.org\/{rel}","templated":true}]}}