{"id":1876,"date":"2018-01-29T12:58:40","date_gmt":"2018-01-29T14:58:40","guid":{"rendered":"https:\/\/wp.ufpel.edu.br\/observatoriosocial\/?p=1876"},"modified":"2018-01-29T12:58:40","modified_gmt":"2018-01-29T14:58:40","slug":"caged-rio-grande-tem-queda-no-estoque-de-vinculos-de-511-em-2017-perda-acumulada-nos-ultimos-3-anos-e-de-213","status":"publish","type":"post","link":"https:\/\/wp.ufpel.edu.br\/observatoriosocial\/2018\/01\/29\/caged-rio-grande-tem-queda-no-estoque-de-vinculos-de-511-em-2017-perda-acumulada-nos-ultimos-3-anos-e-de-213\/","title":{"rendered":"CAGED &#8211; Rio Grande tem queda no estoque de v\u00ednculos de -5,11% em 2017. Perda acumulada nos \u00faltimos 3 anos \u00e9 de -21,3%"},"content":{"rendered":"<h2>Queda no m\u00eas de dezembro foi de -1,49%<\/h2>\n<p>No m\u00eas de dezembro de 2017 ocorreram, em Rio Grande, 1.041 admiss\u00f5es e 1.637 desligamentos, resultando em um saldo de -596 v\u00ednculos formais de emprego celetista. Com isso, a taxa de varia\u00e7\u00e3o do emprego formal foi de -1,49%, com o estoque passando de 40.080 v\u00ednculos, em novembro, para 39.484 em dezembro (com ajuste).<\/p>\n<h2>Taxa de varia\u00e7\u00e3o do estoque acumulado no ano, em 2017, foi de -5,11%<\/h2>\n<p>No acumulado do ano ocorreram em Rio Grande 14.382 admiss\u00f5es e 16.507 desligamentos, o que resultou em um saldo de -2.125 v\u00ednculos formais de emprego. Nesse per\u00edodo, o estoque de empregos formais apresentou uma taxa de varia\u00e7\u00e3o de -5,11%, passando de 41.609 v\u00ednculos, em dezembro de 2016, para 39.484 em dezembro de 2017<\/p>\n<h2>2017 \u00e9 o terceiro ano consecutivo com queda no estoque de v\u00ednculos. Perda acumulada \u00e9 de -21,3%<\/h2>\n<p>O ano de 2017, com -5,11% de taxa de varia\u00e7\u00e3o do estoque total, foi o terceiro ano consecutivo a apresentar saldo negativo ao final do per\u00edodo. De 01\/jan\/2015 at\u00e9 31\/12\/2017, o estoque total acumula perda de -21,3%, em decorr\u00eancia do saldo negativo acumulado do per\u00edodo\u00a0 de -10.676 v\u00ednculos formais de emprego.<\/p>\n<h2>A ind\u00fastria foi o setor que mais contribuiu para o desempenho negativo do mercado em dezembro<\/h2>\n<p>Os dados setoriais do m\u00eas de dezembro de 2017 revelam que a ind\u00fastria foi o setor que mais contribuiu para o desempenho negativo do mercado local de trabalho, com -537 v\u00ednculos formais de emprego, com forte impacto do segmento de servi\u00e7os industriais de utilidade p\u00fablica que n\u00e3o registrou nenhuma admiss\u00e3o e 272 desligamentos.<\/p>\n<h2>No acumulado do ano apenas a agropecu\u00e1ria registrou estabilidade no estoque. Demais setores tiveram desempenho negativo<\/h2>\n<p>No acumulado do ano apenas o setor da agropecu\u00e1ria registrou estabilidade com taxa de varia\u00e7\u00e3o do estoque de +0,42% (+4 v\u00ednculos). Todos os demais setores apresentaram desempenho negativo no per\u00edodo, ind\u00fastria (-911 v\u00ednculos), servi\u00e7os (-677 vinculos), constru\u00e7\u00e3o civil (-419 vinculos), com\u00e9rcio (-122 v\u00ednculos).<\/p>\n<p>A din\u00e2mica local do emprego segue sofrendo os impactos da desestrutura\u00e7\u00e3o do polo naval, que atingiu sobretudo o setor industrial, mas com reflexos irradiados para todo o mercado de trabalho local.<\/p>\n<p>Acesse o boletim de dezembro de Rio Grande:\u00a0<a href=\"https:\/\/wp.ufpel.edu.br\/observatoriosocial\/files\/2018\/01\/Boletim-Informativo-N\u00ba-12-Dezembro-2017-RIO-GRANDE-RS-F.pptx\">Boletim Informativo N\u00ba 12 Dezembro 2017 RIO GRANDE-RS &#8211; F<\/a><\/p>\n","protected":false},"excerpt":{"rendered":"<p>Queda no m\u00eas de dezembro foi de -1,49% No m\u00eas de dezembro de 2017 ocorreram, em Rio Grande, 1.041 admiss\u00f5es e 1.637 desligamentos, resultando em um saldo de -596 v\u00ednculos formais de emprego celetista. Com isso, a taxa de varia\u00e7\u00e3o do emprego formal foi de -1,49%, com o estoque passando de 40.080 v\u00ednculos, em novembro, [&hellip;]<\/p>\n","protected":false},"author":102,"featured_media":1893,"comment_status":"closed","ping_status":"closed","sticky":false,"template":"","format":"standard","meta":{"footnotes":""},"categories":[4],"tags":[36471,36470,36474,36480,36473,36469,36481,36472,36506],"class_list":["post-1876","post","type-post","status-publish","format-standard","has-post-thumbnail","hentry","category-noticias","tag-caged","tag-conjuntura-do-emprego","tag-emprego-formal","tag-indicadores-de-emprego","tag-indicadores-de-mercado-de-trabalho","tag-mercado-de-trabalho","tag-mercado-de-trabalho-e-ocupacao","tag-mercado-local-de-trabalho","tag-polo-naval"],"yoast_head":"<!-- This site is optimized with the Yoast SEO plugin v26.7 - https:\/\/yoast.com\/wordpress\/plugins\/seo\/ -->\n<title>CAGED - Rio Grande tem queda no estoque de v\u00ednculos de -5,11% em 2017. Perda acumulada nos \u00faltimos 3 anos \u00e9 de -21,3% &#8226; OBSERVAT\u00d3RIO SOCIAL DO TRABALHO<\/title>\n<meta name=\"robots\" content=\"index, follow, max-snippet:-1, max-image-preview:large, max-video-preview:-1\" \/>\n<link rel=\"canonical\" href=\"https:\/\/wp.ufpel.edu.br\/observatoriosocial\/2018\/01\/29\/caged-rio-grande-tem-queda-no-estoque-de-vinculos-de-511-em-2017-perda-acumulada-nos-ultimos-3-anos-e-de-213\/\" \/>\n<meta property=\"og:locale\" content=\"pt_BR\" \/>\n<meta property=\"og:type\" content=\"article\" \/>\n<meta property=\"og:title\" content=\"CAGED - Rio Grande tem perda acumulada de -21,3% nos \u00faltimos 3 anos\" \/>\n<meta property=\"og:description\" content=\"O ano de 2017, com -5,11% de taxa de varia\u00e7\u00e3o do estoque total, foi o terceiro ano consecutivo a apresentar saldo negativo ao final do per\u00edodo. De 01\/jan\/2015 at\u00e9 31\/12\/2017, o estoque total acumula perda de -21,3%, em decorr\u00eancia do saldo negativo acumulado do per\u00edodo\u00a0 de -10.676 v\u00ednculos formais de emprego.\" \/>\n<meta property=\"og:url\" content=\"https:\/\/wp.ufpel.edu.br\/observatoriosocial\/2018\/01\/29\/caged-rio-grande-tem-queda-no-estoque-de-vinculos-de-511-em-2017-perda-acumulada-nos-ultimos-3-anos-e-de-213\/\" \/>\n<meta property=\"og:site_name\" content=\"OBSERVAT\u00d3RIO SOCIAL DO TRABALHO\" \/>\n<meta property=\"article:publisher\" content=\"https:\/\/www.facebook.com\/observatoriodaufpel\/\" \/>\n<meta property=\"article:published_time\" content=\"2018-01-29T14:58:40+00:00\" \/>\n<meta property=\"og:image\" content=\"https:\/\/i2.wp.com\/wp.ufpel.edu.br\/observatoriosocial\/files\/2018\/01\/Boletim-Informativo-n\u00ba-12-Grafico-5-Rio-Grande.jpg?fit=1280%2C720&ssl=1\" \/>\n\t<meta property=\"og:image:width\" content=\"1280\" \/>\n\t<meta property=\"og:image:height\" content=\"720\" \/>\n\t<meta property=\"og:image:type\" content=\"image\/jpeg\" \/>\n<meta name=\"author\" content=\"Observat\u00f3rio Social do Trabalho\" \/>\n<meta name=\"twitter:card\" content=\"summary_large_image\" \/>\n<meta name=\"twitter:title\" content=\"CAGED - Rio Grande tem perda acumulada de -21,3% nos \u00faltimos 3 anos\" \/>\n<meta name=\"twitter:description\" content=\"O ano de 2017, com -5,11% de taxa de varia\u00e7\u00e3o do estoque total, foi o terceiro ano consecutivo a apresentar saldo negativo ao final do per\u00edodo. De 01\/jan\/2015 at\u00e9 31\/12\/2017, o estoque total acumula perda de -21,3%, em decorr\u00eancia do saldo negativo acumulado do per\u00edodo\u00a0 de -10.676 v\u00ednculos formais de emprego.\" \/>\n<meta name=\"twitter:creator\" content=\"@ufpeltrabalho\" \/>\n<meta name=\"twitter:site\" content=\"@ufpeltrabalho\" \/>\n<meta name=\"twitter:label1\" content=\"Escrito por\" \/>\n\t<meta name=\"twitter:data1\" content=\"Observat\u00f3rio Social do Trabalho\" \/>\n\t<meta name=\"twitter:label2\" content=\"Est. tempo de leitura\" \/>\n\t<meta name=\"twitter:data2\" content=\"2 minutos\" \/>\n<script type=\"application\/ld+json\" class=\"yoast-schema-graph\">{\"@context\":\"https:\/\/schema.org\",\"@graph\":[{\"@type\":\"Article\",\"@id\":\"https:\/\/wp.ufpel.edu.br\/observatoriosocial\/2018\/01\/29\/caged-rio-grande-tem-queda-no-estoque-de-vinculos-de-511-em-2017-perda-acumulada-nos-ultimos-3-anos-e-de-213\/#article\",\"isPartOf\":{\"@id\":\"https:\/\/wp.ufpel.edu.br\/observatoriosocial\/2018\/01\/29\/caged-rio-grande-tem-queda-no-estoque-de-vinculos-de-511-em-2017-perda-acumulada-nos-ultimos-3-anos-e-de-213\/\"},\"author\":{\"name\":\"Observat\u00f3rio Social do Trabalho\",\"@id\":\"https:\/\/wp.ufpel.edu.br\/observatoriosocial\/#\/schema\/person\/9425088627ff1b0cc43a06d70b5b5c26\"},\"headline\":\"CAGED &#8211; Rio Grande tem queda no estoque de v\u00ednculos de -5,11% em 2017. Perda acumulada nos \u00faltimos 3 anos \u00e9 de -21,3%\",\"datePublished\":\"2018-01-29T14:58:40+00:00\",\"mainEntityOfPage\":{\"@id\":\"https:\/\/wp.ufpel.edu.br\/observatoriosocial\/2018\/01\/29\/caged-rio-grande-tem-queda-no-estoque-de-vinculos-de-511-em-2017-perda-acumulada-nos-ultimos-3-anos-e-de-213\/\"},\"wordCount\":409,\"image\":{\"@id\":\"https:\/\/wp.ufpel.edu.br\/observatoriosocial\/2018\/01\/29\/caged-rio-grande-tem-queda-no-estoque-de-vinculos-de-511-em-2017-perda-acumulada-nos-ultimos-3-anos-e-de-213\/#primaryimage\"},\"thumbnailUrl\":\"https:\/\/wp.ufpel.edu.br\/observatoriosocial\/files\/2018\/01\/Boletim-Informativo-n\u00ba-12-Grafico-5-Rio-Grande.jpg\",\"keywords\":[\"CAGED\",\"conjuntura do emprego\",\"Emprego formal\",\"indicadores de emprego\",\"indicadores de mercado de trabalho\",\"mercado de trabalho\",\"Mercado de trabalho e ocupa\u00e7\u00e3o\",\"mercado local de trabalho\",\"Polo Naval\"],\"articleSection\":[\"Not\u00edcias\"],\"inLanguage\":\"pt-BR\"},{\"@type\":\"WebPage\",\"@id\":\"https:\/\/wp.ufpel.edu.br\/observatoriosocial\/2018\/01\/29\/caged-rio-grande-tem-queda-no-estoque-de-vinculos-de-511-em-2017-perda-acumulada-nos-ultimos-3-anos-e-de-213\/\",\"url\":\"https:\/\/wp.ufpel.edu.br\/observatoriosocial\/2018\/01\/29\/caged-rio-grande-tem-queda-no-estoque-de-vinculos-de-511-em-2017-perda-acumulada-nos-ultimos-3-anos-e-de-213\/\",\"name\":\"CAGED - Rio Grande tem queda no estoque de v\u00ednculos de -5,11% em 2017. Perda acumulada nos \u00faltimos 3 anos \u00e9 de -21,3% &#8226; OBSERVAT\u00d3RIO SOCIAL DO TRABALHO\",\"isPartOf\":{\"@id\":\"https:\/\/wp.ufpel.edu.br\/observatoriosocial\/#website\"},\"primaryImageOfPage\":{\"@id\":\"https:\/\/wp.ufpel.edu.br\/observatoriosocial\/2018\/01\/29\/caged-rio-grande-tem-queda-no-estoque-de-vinculos-de-511-em-2017-perda-acumulada-nos-ultimos-3-anos-e-de-213\/#primaryimage\"},\"image\":{\"@id\":\"https:\/\/wp.ufpel.edu.br\/observatoriosocial\/2018\/01\/29\/caged-rio-grande-tem-queda-no-estoque-de-vinculos-de-511-em-2017-perda-acumulada-nos-ultimos-3-anos-e-de-213\/#primaryimage\"},\"thumbnailUrl\":\"https:\/\/wp.ufpel.edu.br\/observatoriosocial\/files\/2018\/01\/Boletim-Informativo-n\u00ba-12-Grafico-5-Rio-Grande.jpg\",\"datePublished\":\"2018-01-29T14:58:40+00:00\",\"author\":{\"@id\":\"https:\/\/wp.ufpel.edu.br\/observatoriosocial\/#\/schema\/person\/9425088627ff1b0cc43a06d70b5b5c26\"},\"breadcrumb\":{\"@id\":\"https:\/\/wp.ufpel.edu.br\/observatoriosocial\/2018\/01\/29\/caged-rio-grande-tem-queda-no-estoque-de-vinculos-de-511-em-2017-perda-acumulada-nos-ultimos-3-anos-e-de-213\/#breadcrumb\"},\"inLanguage\":\"pt-BR\",\"potentialAction\":[{\"@type\":\"ReadAction\",\"target\":[\"https:\/\/wp.ufpel.edu.br\/observatoriosocial\/2018\/01\/29\/caged-rio-grande-tem-queda-no-estoque-de-vinculos-de-511-em-2017-perda-acumulada-nos-ultimos-3-anos-e-de-213\/\"]}]},{\"@type\":\"ImageObject\",\"inLanguage\":\"pt-BR\",\"@id\":\"https:\/\/wp.ufpel.edu.br\/observatoriosocial\/2018\/01\/29\/caged-rio-grande-tem-queda-no-estoque-de-vinculos-de-511-em-2017-perda-acumulada-nos-ultimos-3-anos-e-de-213\/#primaryimage\",\"url\":\"https:\/\/wp.ufpel.edu.br\/observatoriosocial\/files\/2018\/01\/Boletim-Informativo-n\u00ba-12-Grafico-5-Rio-Grande.jpg\",\"contentUrl\":\"https:\/\/wp.ufpel.edu.br\/observatoriosocial\/files\/2018\/01\/Boletim-Informativo-n\u00ba-12-Grafico-5-Rio-Grande.jpg\",\"width\":1280,\"height\":720},{\"@type\":\"BreadcrumbList\",\"@id\":\"https:\/\/wp.ufpel.edu.br\/observatoriosocial\/2018\/01\/29\/caged-rio-grande-tem-queda-no-estoque-de-vinculos-de-511-em-2017-perda-acumulada-nos-ultimos-3-anos-e-de-213\/#breadcrumb\",\"itemListElement\":[{\"@type\":\"ListItem\",\"position\":1,\"name\":\"In\u00edcio\",\"item\":\"https:\/\/wp.ufpel.edu.br\/observatoriosocial\/\"},{\"@type\":\"ListItem\",\"position\":2,\"name\":\"CAGED &#8211; Rio Grande tem queda no estoque de v\u00ednculos de -5,11% em 2017. Perda acumulada nos \u00faltimos 3 anos \u00e9 de -21,3%\"}]},{\"@type\":\"WebSite\",\"@id\":\"https:\/\/wp.ufpel.edu.br\/observatoriosocial\/#website\",\"url\":\"https:\/\/wp.ufpel.edu.br\/observatoriosocial\/\",\"name\":\"OBSERVAT\u00d3RIO SOCIAL DO TRABALHO\",\"description\":\"Instituto de Filosofia, Sociologia e Pol\u00edtica (IFISP) \/ Universidade Federal de Pelotas (UFPel)\",\"potentialAction\":[{\"@type\":\"SearchAction\",\"target\":{\"@type\":\"EntryPoint\",\"urlTemplate\":\"https:\/\/wp.ufpel.edu.br\/observatoriosocial\/?s={search_term_string}\"},\"query-input\":{\"@type\":\"PropertyValueSpecification\",\"valueRequired\":true,\"valueName\":\"search_term_string\"}}],\"inLanguage\":\"pt-BR\"},{\"@type\":\"Person\",\"@id\":\"https:\/\/wp.ufpel.edu.br\/observatoriosocial\/#\/schema\/person\/9425088627ff1b0cc43a06d70b5b5c26\",\"name\":\"Observat\u00f3rio Social do Trabalho\",\"image\":{\"@type\":\"ImageObject\",\"inLanguage\":\"pt-BR\",\"@id\":\"https:\/\/wp.ufpel.edu.br\/observatoriosocial\/#\/schema\/person\/image\/\",\"url\":\"https:\/\/secure.gravatar.com\/avatar\/d43e98fadb1b76f269caefc4932bb6eeeaded52590245fa81afad058769bb288?s=96&d=mm&r=g\",\"contentUrl\":\"https:\/\/secure.gravatar.com\/avatar\/d43e98fadb1b76f269caefc4932bb6eeeaded52590245fa81afad058769bb288?s=96&d=mm&r=g\",\"caption\":\"Observat\u00f3rio Social do Trabalho\"},\"url\":\"https:\/\/wp.ufpel.edu.br\/observatoriosocial\/author\/observatoriosocial\/\"}]}<\/script>\n<!-- \/ Yoast SEO plugin. -->","yoast_head_json":{"title":"CAGED - Rio Grande tem queda no estoque de v\u00ednculos de -5,11% em 2017. Perda acumulada nos \u00faltimos 3 anos \u00e9 de -21,3% &#8226; OBSERVAT\u00d3RIO SOCIAL DO TRABALHO","robots":{"index":"index","follow":"follow","max-snippet":"max-snippet:-1","max-image-preview":"max-image-preview:large","max-video-preview":"max-video-preview:-1"},"canonical":"https:\/\/wp.ufpel.edu.br\/observatoriosocial\/2018\/01\/29\/caged-rio-grande-tem-queda-no-estoque-de-vinculos-de-511-em-2017-perda-acumulada-nos-ultimos-3-anos-e-de-213\/","og_locale":"pt_BR","og_type":"article","og_title":"CAGED - Rio Grande tem perda acumulada de -21,3% nos \u00faltimos 3 anos","og_description":"O ano de 2017, com -5,11% de taxa de varia\u00e7\u00e3o do estoque total, foi o terceiro ano consecutivo a apresentar saldo negativo ao final do per\u00edodo. De 01\/jan\/2015 at\u00e9 31\/12\/2017, o estoque total acumula perda de -21,3%, em decorr\u00eancia do saldo negativo acumulado do per\u00edodo\u00a0 de -10.676 v\u00ednculos formais de emprego.","og_url":"https:\/\/wp.ufpel.edu.br\/observatoriosocial\/2018\/01\/29\/caged-rio-grande-tem-queda-no-estoque-de-vinculos-de-511-em-2017-perda-acumulada-nos-ultimos-3-anos-e-de-213\/","og_site_name":"OBSERVAT\u00d3RIO SOCIAL DO TRABALHO","article_publisher":"https:\/\/www.facebook.com\/observatoriodaufpel\/","article_published_time":"2018-01-29T14:58:40+00:00","og_image":[{"width":1280,"height":720,"url":"https:\/\/i2.wp.com\/wp.ufpel.edu.br\/observatoriosocial\/files\/2018\/01\/Boletim-Informativo-n\u00ba-12-Grafico-5-Rio-Grande.jpg?fit=1280%2C720&ssl=1","type":"image\/jpeg"}],"author":"Observat\u00f3rio Social do Trabalho","twitter_card":"summary_large_image","twitter_title":"CAGED - Rio Grande tem perda acumulada de -21,3% nos \u00faltimos 3 anos","twitter_description":"O ano de 2017, com -5,11% de taxa de varia\u00e7\u00e3o do estoque total, foi o terceiro ano consecutivo a apresentar saldo negativo ao final do per\u00edodo. De 01\/jan\/2015 at\u00e9 31\/12\/2017, o estoque total acumula perda de -21,3%, em decorr\u00eancia do saldo negativo acumulado do per\u00edodo\u00a0 de -10.676 v\u00ednculos formais de emprego.","twitter_creator":"@ufpeltrabalho","twitter_site":"@ufpeltrabalho","twitter_misc":{"Escrito por":"Observat\u00f3rio Social do Trabalho","Est. tempo de leitura":"2 minutos"},"schema":{"@context":"https:\/\/schema.org","@graph":[{"@type":"Article","@id":"https:\/\/wp.ufpel.edu.br\/observatoriosocial\/2018\/01\/29\/caged-rio-grande-tem-queda-no-estoque-de-vinculos-de-511-em-2017-perda-acumulada-nos-ultimos-3-anos-e-de-213\/#article","isPartOf":{"@id":"https:\/\/wp.ufpel.edu.br\/observatoriosocial\/2018\/01\/29\/caged-rio-grande-tem-queda-no-estoque-de-vinculos-de-511-em-2017-perda-acumulada-nos-ultimos-3-anos-e-de-213\/"},"author":{"name":"Observat\u00f3rio Social do Trabalho","@id":"https:\/\/wp.ufpel.edu.br\/observatoriosocial\/#\/schema\/person\/9425088627ff1b0cc43a06d70b5b5c26"},"headline":"CAGED &#8211; Rio Grande tem queda no estoque de v\u00ednculos de -5,11% em 2017. Perda acumulada nos \u00faltimos 3 anos \u00e9 de -21,3%","datePublished":"2018-01-29T14:58:40+00:00","mainEntityOfPage":{"@id":"https:\/\/wp.ufpel.edu.br\/observatoriosocial\/2018\/01\/29\/caged-rio-grande-tem-queda-no-estoque-de-vinculos-de-511-em-2017-perda-acumulada-nos-ultimos-3-anos-e-de-213\/"},"wordCount":409,"image":{"@id":"https:\/\/wp.ufpel.edu.br\/observatoriosocial\/2018\/01\/29\/caged-rio-grande-tem-queda-no-estoque-de-vinculos-de-511-em-2017-perda-acumulada-nos-ultimos-3-anos-e-de-213\/#primaryimage"},"thumbnailUrl":"https:\/\/wp.ufpel.edu.br\/observatoriosocial\/files\/2018\/01\/Boletim-Informativo-n\u00ba-12-Grafico-5-Rio-Grande.jpg","keywords":["CAGED","conjuntura do emprego","Emprego formal","indicadores de emprego","indicadores de mercado de trabalho","mercado de trabalho","Mercado de trabalho e ocupa\u00e7\u00e3o","mercado local de trabalho","Polo Naval"],"articleSection":["Not\u00edcias"],"inLanguage":"pt-BR"},{"@type":"WebPage","@id":"https:\/\/wp.ufpel.edu.br\/observatoriosocial\/2018\/01\/29\/caged-rio-grande-tem-queda-no-estoque-de-vinculos-de-511-em-2017-perda-acumulada-nos-ultimos-3-anos-e-de-213\/","url":"https:\/\/wp.ufpel.edu.br\/observatoriosocial\/2018\/01\/29\/caged-rio-grande-tem-queda-no-estoque-de-vinculos-de-511-em-2017-perda-acumulada-nos-ultimos-3-anos-e-de-213\/","name":"CAGED - Rio Grande tem queda no estoque de v\u00ednculos de -5,11% em 2017. Perda acumulada nos \u00faltimos 3 anos \u00e9 de -21,3% &#8226; OBSERVAT\u00d3RIO SOCIAL DO TRABALHO","isPartOf":{"@id":"https:\/\/wp.ufpel.edu.br\/observatoriosocial\/#website"},"primaryImageOfPage":{"@id":"https:\/\/wp.ufpel.edu.br\/observatoriosocial\/2018\/01\/29\/caged-rio-grande-tem-queda-no-estoque-de-vinculos-de-511-em-2017-perda-acumulada-nos-ultimos-3-anos-e-de-213\/#primaryimage"},"image":{"@id":"https:\/\/wp.ufpel.edu.br\/observatoriosocial\/2018\/01\/29\/caged-rio-grande-tem-queda-no-estoque-de-vinculos-de-511-em-2017-perda-acumulada-nos-ultimos-3-anos-e-de-213\/#primaryimage"},"thumbnailUrl":"https:\/\/wp.ufpel.edu.br\/observatoriosocial\/files\/2018\/01\/Boletim-Informativo-n\u00ba-12-Grafico-5-Rio-Grande.jpg","datePublished":"2018-01-29T14:58:40+00:00","author":{"@id":"https:\/\/wp.ufpel.edu.br\/observatoriosocial\/#\/schema\/person\/9425088627ff1b0cc43a06d70b5b5c26"},"breadcrumb":{"@id":"https:\/\/wp.ufpel.edu.br\/observatoriosocial\/2018\/01\/29\/caged-rio-grande-tem-queda-no-estoque-de-vinculos-de-511-em-2017-perda-acumulada-nos-ultimos-3-anos-e-de-213\/#breadcrumb"},"inLanguage":"pt-BR","potentialAction":[{"@type":"ReadAction","target":["https:\/\/wp.ufpel.edu.br\/observatoriosocial\/2018\/01\/29\/caged-rio-grande-tem-queda-no-estoque-de-vinculos-de-511-em-2017-perda-acumulada-nos-ultimos-3-anos-e-de-213\/"]}]},{"@type":"ImageObject","inLanguage":"pt-BR","@id":"https:\/\/wp.ufpel.edu.br\/observatoriosocial\/2018\/01\/29\/caged-rio-grande-tem-queda-no-estoque-de-vinculos-de-511-em-2017-perda-acumulada-nos-ultimos-3-anos-e-de-213\/#primaryimage","url":"https:\/\/wp.ufpel.edu.br\/observatoriosocial\/files\/2018\/01\/Boletim-Informativo-n\u00ba-12-Grafico-5-Rio-Grande.jpg","contentUrl":"https:\/\/wp.ufpel.edu.br\/observatoriosocial\/files\/2018\/01\/Boletim-Informativo-n\u00ba-12-Grafico-5-Rio-Grande.jpg","width":1280,"height":720},{"@type":"BreadcrumbList","@id":"https:\/\/wp.ufpel.edu.br\/observatoriosocial\/2018\/01\/29\/caged-rio-grande-tem-queda-no-estoque-de-vinculos-de-511-em-2017-perda-acumulada-nos-ultimos-3-anos-e-de-213\/#breadcrumb","itemListElement":[{"@type":"ListItem","position":1,"name":"In\u00edcio","item":"https:\/\/wp.ufpel.edu.br\/observatoriosocial\/"},{"@type":"ListItem","position":2,"name":"CAGED &#8211; Rio Grande tem queda no estoque de v\u00ednculos de -5,11% em 2017. Perda acumulada nos \u00faltimos 3 anos \u00e9 de -21,3%"}]},{"@type":"WebSite","@id":"https:\/\/wp.ufpel.edu.br\/observatoriosocial\/#website","url":"https:\/\/wp.ufpel.edu.br\/observatoriosocial\/","name":"OBSERVAT\u00d3RIO SOCIAL DO TRABALHO","description":"Instituto de Filosofia, Sociologia e Pol\u00edtica (IFISP) \/ Universidade Federal de Pelotas (UFPel)","potentialAction":[{"@type":"SearchAction","target":{"@type":"EntryPoint","urlTemplate":"https:\/\/wp.ufpel.edu.br\/observatoriosocial\/?s={search_term_string}"},"query-input":{"@type":"PropertyValueSpecification","valueRequired":true,"valueName":"search_term_string"}}],"inLanguage":"pt-BR"},{"@type":"Person","@id":"https:\/\/wp.ufpel.edu.br\/observatoriosocial\/#\/schema\/person\/9425088627ff1b0cc43a06d70b5b5c26","name":"Observat\u00f3rio Social do Trabalho","image":{"@type":"ImageObject","inLanguage":"pt-BR","@id":"https:\/\/wp.ufpel.edu.br\/observatoriosocial\/#\/schema\/person\/image\/","url":"https:\/\/secure.gravatar.com\/avatar\/d43e98fadb1b76f269caefc4932bb6eeeaded52590245fa81afad058769bb288?s=96&d=mm&r=g","contentUrl":"https:\/\/secure.gravatar.com\/avatar\/d43e98fadb1b76f269caefc4932bb6eeeaded52590245fa81afad058769bb288?s=96&d=mm&r=g","caption":"Observat\u00f3rio Social do Trabalho"},"url":"https:\/\/wp.ufpel.edu.br\/observatoriosocial\/author\/observatoriosocial\/"}]}},"jetpack_featured_media_url":"https:\/\/wp.ufpel.edu.br\/observatoriosocial\/files\/2018\/01\/Boletim-Informativo-n\u00ba-12-Grafico-5-Rio-Grande.jpg","_links":{"self":[{"href":"https:\/\/wp.ufpel.edu.br\/observatoriosocial\/wp-json\/wp\/v2\/posts\/1876","targetHints":{"allow":["GET"]}}],"collection":[{"href":"https:\/\/wp.ufpel.edu.br\/observatoriosocial\/wp-json\/wp\/v2\/posts"}],"about":[{"href":"https:\/\/wp.ufpel.edu.br\/observatoriosocial\/wp-json\/wp\/v2\/types\/post"}],"author":[{"embeddable":true,"href":"https:\/\/wp.ufpel.edu.br\/observatoriosocial\/wp-json\/wp\/v2\/users\/102"}],"replies":[{"embeddable":true,"href":"https:\/\/wp.ufpel.edu.br\/observatoriosocial\/wp-json\/wp\/v2\/comments?post=1876"}],"version-history":[{"count":15,"href":"https:\/\/wp.ufpel.edu.br\/observatoriosocial\/wp-json\/wp\/v2\/posts\/1876\/revisions"}],"predecessor-version":[{"id":1907,"href":"https:\/\/wp.ufpel.edu.br\/observatoriosocial\/wp-json\/wp\/v2\/posts\/1876\/revisions\/1907"}],"wp:featuredmedia":[{"embeddable":true,"href":"https:\/\/wp.ufpel.edu.br\/observatoriosocial\/wp-json\/wp\/v2\/media\/1893"}],"wp:attachment":[{"href":"https:\/\/wp.ufpel.edu.br\/observatoriosocial\/wp-json\/wp\/v2\/media?parent=1876"}],"wp:term":[{"taxonomy":"category","embeddable":true,"href":"https:\/\/wp.ufpel.edu.br\/observatoriosocial\/wp-json\/wp\/v2\/categories?post=1876"},{"taxonomy":"post_tag","embeddable":true,"href":"https:\/\/wp.ufpel.edu.br\/observatoriosocial\/wp-json\/wp\/v2\/tags?post=1876"}],"curies":[{"name":"wp","href":"https:\/\/api.w.org\/{rel}","templated":true}]}}