{"id":1845,"date":"2018-01-29T12:57:59","date_gmt":"2018-01-29T14:57:59","guid":{"rendered":"https:\/\/wp.ufpel.edu.br\/observatoriosocial\/?p=1845"},"modified":"2018-01-29T12:57:59","modified_gmt":"2018-01-29T14:57:59","slug":"caged-pelo-terceiro-ano-consecutivo-pelotas-registra-saldo-acumulado-negativo","status":"publish","type":"post","link":"https:\/\/wp.ufpel.edu.br\/observatoriosocial\/2018\/01\/29\/caged-pelo-terceiro-ano-consecutivo-pelotas-registra-saldo-acumulado-negativo\/","title":{"rendered":"CAGED &#8211; Pelo terceiro ano consecutivo Pelotas registra queda no estoque de v\u00ednculos. Perda acumulada no tri\u00eanio \u00e9 de -7,9%"},"content":{"rendered":"<h2>Taxa de varia\u00e7\u00e3o do emprego formal no m\u00eas de dezembro foi de -1,88%<\/h2>\n<p style=\"text-align: justify\">Segundo o Cadastro Geral de Empregados e Desempregados (CAGED) do Minist\u00e9rio do Trabalho (MTb), no m\u00eas de dezembro de 2017 ocorreram em Pelotas, 1.824 admiss\u00f5es e 3.010 desligamentos, resultando em um saldo negativo de -1.186 v\u00ednculos formais de emprego celetista. Com isso, a taxa de varia\u00e7\u00e3o do emprego formal foi de -1,88%, com o estoque passando de 63.426 v\u00ednculos, em novembro, para 62.240 em dezembro (com ajuste).<\/p>\n<h2>Em dezembro o Com\u00e9rcio foi o \u00fanico setor que registrou saldo positivo<\/h2>\n<p style=\"text-align: justify\">Os dados setoriais do m\u00eas de dezembro revelam que o com\u00e9rcio foi o \u00fanico setor a registrar saldo positivo com +252 v\u00ednculos formais de emprego. A ind\u00fastria foi o setor que mais contribuiu para o desempenho negativo do m\u00eas de dezembro com saldo negativo de -1.305 v\u00ednculos formais de emprego, seguida pelo setor dos servi\u00e7os (-119 v\u00ednculos). Agropecu\u00e1ria (-6 v\u00ednculos) e constru\u00e7\u00e3o civil (-8 vinculos) tiveram ligeira queda no m\u00eas.<\/p>\n<h2>Terceiro ano consecutivo com queda\u00a0do estoque de v\u00ednculos de empregos formais. Perda acumulada \u00e9 de -7,9%<\/h2>\n<p style=\"text-align: justify\">No acumulado do ano ocorreram em Pelotas 24.053 admiss\u00f5es e 24.667 desligamentos, o que resultou em um saldo de -614 v\u00ednculos formais de emprego. Nesse per\u00edodo, o estoque de empregos formais apresentou uma taxa de varia\u00e7\u00e3o de -0,98%, com o estoque reduzido de 62.854 v\u00ednculos, em dezembro de 2016, para 62.240 em dezembro de 2017.<\/p>\n<p>O ano de 2017 foi o terceiro ano consecutivo a apresentar saldo negativo ao final do per\u00edodo. De 01\/jan\/2015 at\u00e9 31\/12\/2017 o estoque total registra perda de -7,9%, em decorr\u00eancia do saldo negativo no acumulado do per\u00edodo de -5.326 v\u00ednculos formais de emprego.<\/p>\n<h2>O setor da ind\u00fastria foi o principal respons\u00e1vel pelo saldo negativo acumulado no ano<\/h2>\n<p style=\"text-align: justify\">O setor da ind\u00fastria (-884 v\u00ednculos) foi o principal respons\u00e1vel pelo saldo negativo de -614 v\u00ednculos formais de emprego registrados no acumulado do ano. O desempenho ruim do setor se deu tanto na ind\u00fastria de transforma\u00e7\u00e3o (-9,63%), quanto nos servi\u00e7os industriais de utilidade p\u00fablica (-9,59%).<\/p>\n<p style=\"text-align: justify\">A constru\u00e7\u00e3o civil tamb\u00e9m apresentou desempenho negativo (-160 v\u00ednculos). Os demais setores apresentaram desempenho positivo no per\u00edodo, liderados pelo com\u00e9rcio (+255 v\u00ednculos), seguido por servi\u00e7os (+130 v\u00ednculos) e agropecu\u00e1ria (+45 v\u00ednculos).<\/p>\n<p>Acesse o boletim de Pelotas do m\u00eas de dezembro:\u00a0<a href=\"https:\/\/wp.ufpel.edu.br\/observatoriosocial\/files\/2018\/01\/Boletim-Informativo-N\u00ba-12-Dezembro-2017-PELOTAS-RS-F.pptx\">Boletim-Informativo-N\u00ba-12-Dezembro-2017-PELOTAS-RS-F<\/a><\/p>\n","protected":false},"excerpt":{"rendered":"<p>Taxa de varia\u00e7\u00e3o do emprego formal no m\u00eas de dezembro foi de -1,88% Segundo o Cadastro Geral de Empregados e Desempregados (CAGED) do Minist\u00e9rio do Trabalho (MTb), no m\u00eas de dezembro de 2017 ocorreram em Pelotas, 1.824 admiss\u00f5es e 3.010 desligamentos, resultando em um saldo negativo de -1.186 v\u00ednculos formais de emprego celetista. Com isso, [&hellip;]<\/p>\n","protected":false},"author":102,"featured_media":1908,"comment_status":"closed","ping_status":"closed","sticky":false,"template":"","format":"standard","meta":{"footnotes":""},"categories":[4],"tags":[36471,36470,36474,36480,36473,36469,36481,36472],"class_list":["post-1845","post","type-post","status-publish","format-standard","has-post-thumbnail","hentry","category-noticias","tag-caged","tag-conjuntura-do-emprego","tag-emprego-formal","tag-indicadores-de-emprego","tag-indicadores-de-mercado-de-trabalho","tag-mercado-de-trabalho","tag-mercado-de-trabalho-e-ocupacao","tag-mercado-local-de-trabalho"],"yoast_head":"<!-- This site is optimized with the Yoast SEO plugin v26.7 - https:\/\/yoast.com\/wordpress\/plugins\/seo\/ -->\n<title>CAGED - Pelo terceiro ano consecutivo Pelotas registra queda no estoque de v\u00ednculos. Perda acumulada no tri\u00eanio \u00e9 de -7,9% &#8226; OBSERVAT\u00d3RIO SOCIAL DO TRABALHO<\/title>\n<meta name=\"robots\" content=\"index, follow, max-snippet:-1, max-image-preview:large, max-video-preview:-1\" \/>\n<link rel=\"canonical\" href=\"https:\/\/wp.ufpel.edu.br\/observatoriosocial\/2018\/01\/29\/caged-pelo-terceiro-ano-consecutivo-pelotas-registra-saldo-acumulado-negativo\/\" \/>\n<meta property=\"og:locale\" content=\"pt_BR\" \/>\n<meta property=\"og:type\" content=\"article\" \/>\n<meta property=\"og:title\" content=\"Terceiro ano consecutivo com queda\u00a0do estoque de v\u00ednculos de empregos formais. Perda acumulada \u00e9 de -7,9%\" \/>\n<meta property=\"og:description\" content=\"O ano de 2017 foi o terceiro ano consecutivo a apresentar saldo negativo ao final do per\u00edodo. De 01\/jan\/2015 at\u00e9 31\/12\/2017 o estoque total registra perda de -7,9%, em decorr\u00eancia do saldo negativo no acumulado do per\u00edodo de -5.326 v\u00ednculos formais de emprego.\" \/>\n<meta property=\"og:url\" content=\"https:\/\/wp.ufpel.edu.br\/observatoriosocial\/2018\/01\/29\/caged-pelo-terceiro-ano-consecutivo-pelotas-registra-saldo-acumulado-negativo\/\" \/>\n<meta property=\"og:site_name\" content=\"OBSERVAT\u00d3RIO SOCIAL DO TRABALHO\" \/>\n<meta property=\"article:publisher\" content=\"https:\/\/www.facebook.com\/observatoriodaufpel\/\" \/>\n<meta property=\"article:published_time\" content=\"2018-01-29T14:57:59+00:00\" \/>\n<meta name=\"author\" content=\"Observat\u00f3rio Social do Trabalho\" \/>\n<meta name=\"twitter:card\" content=\"summary_large_image\" \/>\n<meta name=\"twitter:title\" content=\"Terceiro ano consecutivo com queda\u00a0do estoque de v\u00ednculos de empregos formais. Perda acumulada \u00e9 de -7,9%\" \/>\n<meta name=\"twitter:description\" content=\"O ano de 2017 foi o terceiro ano consecutivo a apresentar saldo negativo ao final do per\u00edodo. De 01\/jan\/2015 at\u00e9 31\/12\/2017 o estoque total registra perda de -7,9%, em decorr\u00eancia do saldo negativo no acumulado do per\u00edodo de -5.326 v\u00ednculos formais de emprego.\" \/>\n<meta name=\"twitter:image\" content=\"https:\/\/wp.ufpel.edu.br\/observatoriosocial\/files\/2018\/01\/Boletim-Informativo-n\u00ba-12-Pelotas-1.jpg\" \/>\n<meta name=\"twitter:creator\" content=\"@ufpeltrabalho\" \/>\n<meta name=\"twitter:site\" content=\"@ufpeltrabalho\" \/>\n<meta name=\"twitter:label1\" content=\"Escrito por\" \/>\n\t<meta name=\"twitter:data1\" content=\"Observat\u00f3rio Social do Trabalho\" \/>\n\t<meta name=\"twitter:label2\" content=\"Est. tempo de leitura\" \/>\n\t<meta name=\"twitter:data2\" content=\"2 minutos\" \/>\n<script type=\"application\/ld+json\" class=\"yoast-schema-graph\">{\"@context\":\"https:\/\/schema.org\",\"@graph\":[{\"@type\":\"Article\",\"@id\":\"https:\/\/wp.ufpel.edu.br\/observatoriosocial\/2018\/01\/29\/caged-pelo-terceiro-ano-consecutivo-pelotas-registra-saldo-acumulado-negativo\/#article\",\"isPartOf\":{\"@id\":\"https:\/\/wp.ufpel.edu.br\/observatoriosocial\/2018\/01\/29\/caged-pelo-terceiro-ano-consecutivo-pelotas-registra-saldo-acumulado-negativo\/\"},\"author\":{\"name\":\"Observat\u00f3rio Social do Trabalho\",\"@id\":\"https:\/\/wp.ufpel.edu.br\/observatoriosocial\/#\/schema\/person\/9425088627ff1b0cc43a06d70b5b5c26\"},\"headline\":\"CAGED &#8211; Pelo terceiro ano consecutivo Pelotas registra queda no estoque de v\u00ednculos. Perda acumulada no tri\u00eanio \u00e9 de -7,9%\",\"datePublished\":\"2018-01-29T14:57:59+00:00\",\"mainEntityOfPage\":{\"@id\":\"https:\/\/wp.ufpel.edu.br\/observatoriosocial\/2018\/01\/29\/caged-pelo-terceiro-ano-consecutivo-pelotas-registra-saldo-acumulado-negativo\/\"},\"wordCount\":435,\"image\":{\"@id\":\"https:\/\/wp.ufpel.edu.br\/observatoriosocial\/2018\/01\/29\/caged-pelo-terceiro-ano-consecutivo-pelotas-registra-saldo-acumulado-negativo\/#primaryimage\"},\"thumbnailUrl\":\"https:\/\/wp.ufpel.edu.br\/observatoriosocial\/files\/2018\/01\/Boletim-Informativo-n\u00ba-12-Grafico-6-Pelotas.jpg\",\"keywords\":[\"CAGED\",\"conjuntura do emprego\",\"Emprego formal\",\"indicadores de emprego\",\"indicadores de mercado de trabalho\",\"mercado de trabalho\",\"Mercado de trabalho e ocupa\u00e7\u00e3o\",\"mercado local de trabalho\"],\"articleSection\":[\"Not\u00edcias\"],\"inLanguage\":\"pt-BR\"},{\"@type\":\"WebPage\",\"@id\":\"https:\/\/wp.ufpel.edu.br\/observatoriosocial\/2018\/01\/29\/caged-pelo-terceiro-ano-consecutivo-pelotas-registra-saldo-acumulado-negativo\/\",\"url\":\"https:\/\/wp.ufpel.edu.br\/observatoriosocial\/2018\/01\/29\/caged-pelo-terceiro-ano-consecutivo-pelotas-registra-saldo-acumulado-negativo\/\",\"name\":\"CAGED - Pelo terceiro ano consecutivo Pelotas registra queda no estoque de v\u00ednculos. Perda acumulada no tri\u00eanio \u00e9 de -7,9% &#8226; OBSERVAT\u00d3RIO SOCIAL DO TRABALHO\",\"isPartOf\":{\"@id\":\"https:\/\/wp.ufpel.edu.br\/observatoriosocial\/#website\"},\"primaryImageOfPage\":{\"@id\":\"https:\/\/wp.ufpel.edu.br\/observatoriosocial\/2018\/01\/29\/caged-pelo-terceiro-ano-consecutivo-pelotas-registra-saldo-acumulado-negativo\/#primaryimage\"},\"image\":{\"@id\":\"https:\/\/wp.ufpel.edu.br\/observatoriosocial\/2018\/01\/29\/caged-pelo-terceiro-ano-consecutivo-pelotas-registra-saldo-acumulado-negativo\/#primaryimage\"},\"thumbnailUrl\":\"https:\/\/wp.ufpel.edu.br\/observatoriosocial\/files\/2018\/01\/Boletim-Informativo-n\u00ba-12-Grafico-6-Pelotas.jpg\",\"datePublished\":\"2018-01-29T14:57:59+00:00\",\"author\":{\"@id\":\"https:\/\/wp.ufpel.edu.br\/observatoriosocial\/#\/schema\/person\/9425088627ff1b0cc43a06d70b5b5c26\"},\"breadcrumb\":{\"@id\":\"https:\/\/wp.ufpel.edu.br\/observatoriosocial\/2018\/01\/29\/caged-pelo-terceiro-ano-consecutivo-pelotas-registra-saldo-acumulado-negativo\/#breadcrumb\"},\"inLanguage\":\"pt-BR\",\"potentialAction\":[{\"@type\":\"ReadAction\",\"target\":[\"https:\/\/wp.ufpel.edu.br\/observatoriosocial\/2018\/01\/29\/caged-pelo-terceiro-ano-consecutivo-pelotas-registra-saldo-acumulado-negativo\/\"]}]},{\"@type\":\"ImageObject\",\"inLanguage\":\"pt-BR\",\"@id\":\"https:\/\/wp.ufpel.edu.br\/observatoriosocial\/2018\/01\/29\/caged-pelo-terceiro-ano-consecutivo-pelotas-registra-saldo-acumulado-negativo\/#primaryimage\",\"url\":\"https:\/\/wp.ufpel.edu.br\/observatoriosocial\/files\/2018\/01\/Boletim-Informativo-n\u00ba-12-Grafico-6-Pelotas.jpg\",\"contentUrl\":\"https:\/\/wp.ufpel.edu.br\/observatoriosocial\/files\/2018\/01\/Boletim-Informativo-n\u00ba-12-Grafico-6-Pelotas.jpg\",\"width\":1280,\"height\":720},{\"@type\":\"BreadcrumbList\",\"@id\":\"https:\/\/wp.ufpel.edu.br\/observatoriosocial\/2018\/01\/29\/caged-pelo-terceiro-ano-consecutivo-pelotas-registra-saldo-acumulado-negativo\/#breadcrumb\",\"itemListElement\":[{\"@type\":\"ListItem\",\"position\":1,\"name\":\"In\u00edcio\",\"item\":\"https:\/\/wp.ufpel.edu.br\/observatoriosocial\/\"},{\"@type\":\"ListItem\",\"position\":2,\"name\":\"CAGED &#8211; Pelo terceiro ano consecutivo Pelotas registra queda no estoque de v\u00ednculos. Perda acumulada no tri\u00eanio \u00e9 de -7,9%\"}]},{\"@type\":\"WebSite\",\"@id\":\"https:\/\/wp.ufpel.edu.br\/observatoriosocial\/#website\",\"url\":\"https:\/\/wp.ufpel.edu.br\/observatoriosocial\/\",\"name\":\"OBSERVAT\u00d3RIO SOCIAL DO TRABALHO\",\"description\":\"Instituto de Filosofia, Sociologia e Pol\u00edtica (IFISP) \/ Universidade Federal de Pelotas (UFPel)\",\"potentialAction\":[{\"@type\":\"SearchAction\",\"target\":{\"@type\":\"EntryPoint\",\"urlTemplate\":\"https:\/\/wp.ufpel.edu.br\/observatoriosocial\/?s={search_term_string}\"},\"query-input\":{\"@type\":\"PropertyValueSpecification\",\"valueRequired\":true,\"valueName\":\"search_term_string\"}}],\"inLanguage\":\"pt-BR\"},{\"@type\":\"Person\",\"@id\":\"https:\/\/wp.ufpel.edu.br\/observatoriosocial\/#\/schema\/person\/9425088627ff1b0cc43a06d70b5b5c26\",\"name\":\"Observat\u00f3rio Social do Trabalho\",\"image\":{\"@type\":\"ImageObject\",\"inLanguage\":\"pt-BR\",\"@id\":\"https:\/\/wp.ufpel.edu.br\/observatoriosocial\/#\/schema\/person\/image\/\",\"url\":\"https:\/\/secure.gravatar.com\/avatar\/d43e98fadb1b76f269caefc4932bb6eeeaded52590245fa81afad058769bb288?s=96&d=mm&r=g\",\"contentUrl\":\"https:\/\/secure.gravatar.com\/avatar\/d43e98fadb1b76f269caefc4932bb6eeeaded52590245fa81afad058769bb288?s=96&d=mm&r=g\",\"caption\":\"Observat\u00f3rio Social do Trabalho\"},\"url\":\"https:\/\/wp.ufpel.edu.br\/observatoriosocial\/author\/observatoriosocial\/\"}]}<\/script>\n<!-- \/ Yoast SEO plugin. -->","yoast_head_json":{"title":"CAGED - Pelo terceiro ano consecutivo Pelotas registra queda no estoque de v\u00ednculos. Perda acumulada no tri\u00eanio \u00e9 de -7,9% &#8226; OBSERVAT\u00d3RIO SOCIAL DO TRABALHO","robots":{"index":"index","follow":"follow","max-snippet":"max-snippet:-1","max-image-preview":"max-image-preview:large","max-video-preview":"max-video-preview:-1"},"canonical":"https:\/\/wp.ufpel.edu.br\/observatoriosocial\/2018\/01\/29\/caged-pelo-terceiro-ano-consecutivo-pelotas-registra-saldo-acumulado-negativo\/","og_locale":"pt_BR","og_type":"article","og_title":"Terceiro ano consecutivo com queda\u00a0do estoque de v\u00ednculos de empregos formais. Perda acumulada \u00e9 de -7,9%","og_description":"O ano de 2017 foi o terceiro ano consecutivo a apresentar saldo negativo ao final do per\u00edodo. De 01\/jan\/2015 at\u00e9 31\/12\/2017 o estoque total registra perda de -7,9%, em decorr\u00eancia do saldo negativo no acumulado do per\u00edodo de -5.326 v\u00ednculos formais de emprego.","og_url":"https:\/\/wp.ufpel.edu.br\/observatoriosocial\/2018\/01\/29\/caged-pelo-terceiro-ano-consecutivo-pelotas-registra-saldo-acumulado-negativo\/","og_site_name":"OBSERVAT\u00d3RIO SOCIAL DO TRABALHO","article_publisher":"https:\/\/www.facebook.com\/observatoriodaufpel\/","article_published_time":"2018-01-29T14:57:59+00:00","author":"Observat\u00f3rio Social do Trabalho","twitter_card":"summary_large_image","twitter_title":"Terceiro ano consecutivo com queda\u00a0do estoque de v\u00ednculos de empregos formais. Perda acumulada \u00e9 de -7,9%","twitter_description":"O ano de 2017 foi o terceiro ano consecutivo a apresentar saldo negativo ao final do per\u00edodo. De 01\/jan\/2015 at\u00e9 31\/12\/2017 o estoque total registra perda de -7,9%, em decorr\u00eancia do saldo negativo no acumulado do per\u00edodo de -5.326 v\u00ednculos formais de emprego.","twitter_image":"https:\/\/wp.ufpel.edu.br\/observatoriosocial\/files\/2018\/01\/Boletim-Informativo-n\u00ba-12-Pelotas-1.jpg","twitter_creator":"@ufpeltrabalho","twitter_site":"@ufpeltrabalho","twitter_misc":{"Escrito por":"Observat\u00f3rio Social do Trabalho","Est. tempo de leitura":"2 minutos"},"schema":{"@context":"https:\/\/schema.org","@graph":[{"@type":"Article","@id":"https:\/\/wp.ufpel.edu.br\/observatoriosocial\/2018\/01\/29\/caged-pelo-terceiro-ano-consecutivo-pelotas-registra-saldo-acumulado-negativo\/#article","isPartOf":{"@id":"https:\/\/wp.ufpel.edu.br\/observatoriosocial\/2018\/01\/29\/caged-pelo-terceiro-ano-consecutivo-pelotas-registra-saldo-acumulado-negativo\/"},"author":{"name":"Observat\u00f3rio Social do Trabalho","@id":"https:\/\/wp.ufpel.edu.br\/observatoriosocial\/#\/schema\/person\/9425088627ff1b0cc43a06d70b5b5c26"},"headline":"CAGED &#8211; Pelo terceiro ano consecutivo Pelotas registra queda no estoque de v\u00ednculos. Perda acumulada no tri\u00eanio \u00e9 de -7,9%","datePublished":"2018-01-29T14:57:59+00:00","mainEntityOfPage":{"@id":"https:\/\/wp.ufpel.edu.br\/observatoriosocial\/2018\/01\/29\/caged-pelo-terceiro-ano-consecutivo-pelotas-registra-saldo-acumulado-negativo\/"},"wordCount":435,"image":{"@id":"https:\/\/wp.ufpel.edu.br\/observatoriosocial\/2018\/01\/29\/caged-pelo-terceiro-ano-consecutivo-pelotas-registra-saldo-acumulado-negativo\/#primaryimage"},"thumbnailUrl":"https:\/\/wp.ufpel.edu.br\/observatoriosocial\/files\/2018\/01\/Boletim-Informativo-n\u00ba-12-Grafico-6-Pelotas.jpg","keywords":["CAGED","conjuntura do emprego","Emprego formal","indicadores de emprego","indicadores de mercado de trabalho","mercado de trabalho","Mercado de trabalho e ocupa\u00e7\u00e3o","mercado local de trabalho"],"articleSection":["Not\u00edcias"],"inLanguage":"pt-BR"},{"@type":"WebPage","@id":"https:\/\/wp.ufpel.edu.br\/observatoriosocial\/2018\/01\/29\/caged-pelo-terceiro-ano-consecutivo-pelotas-registra-saldo-acumulado-negativo\/","url":"https:\/\/wp.ufpel.edu.br\/observatoriosocial\/2018\/01\/29\/caged-pelo-terceiro-ano-consecutivo-pelotas-registra-saldo-acumulado-negativo\/","name":"CAGED - Pelo terceiro ano consecutivo Pelotas registra queda no estoque de v\u00ednculos. Perda acumulada no tri\u00eanio \u00e9 de -7,9% &#8226; OBSERVAT\u00d3RIO SOCIAL DO TRABALHO","isPartOf":{"@id":"https:\/\/wp.ufpel.edu.br\/observatoriosocial\/#website"},"primaryImageOfPage":{"@id":"https:\/\/wp.ufpel.edu.br\/observatoriosocial\/2018\/01\/29\/caged-pelo-terceiro-ano-consecutivo-pelotas-registra-saldo-acumulado-negativo\/#primaryimage"},"image":{"@id":"https:\/\/wp.ufpel.edu.br\/observatoriosocial\/2018\/01\/29\/caged-pelo-terceiro-ano-consecutivo-pelotas-registra-saldo-acumulado-negativo\/#primaryimage"},"thumbnailUrl":"https:\/\/wp.ufpel.edu.br\/observatoriosocial\/files\/2018\/01\/Boletim-Informativo-n\u00ba-12-Grafico-6-Pelotas.jpg","datePublished":"2018-01-29T14:57:59+00:00","author":{"@id":"https:\/\/wp.ufpel.edu.br\/observatoriosocial\/#\/schema\/person\/9425088627ff1b0cc43a06d70b5b5c26"},"breadcrumb":{"@id":"https:\/\/wp.ufpel.edu.br\/observatoriosocial\/2018\/01\/29\/caged-pelo-terceiro-ano-consecutivo-pelotas-registra-saldo-acumulado-negativo\/#breadcrumb"},"inLanguage":"pt-BR","potentialAction":[{"@type":"ReadAction","target":["https:\/\/wp.ufpel.edu.br\/observatoriosocial\/2018\/01\/29\/caged-pelo-terceiro-ano-consecutivo-pelotas-registra-saldo-acumulado-negativo\/"]}]},{"@type":"ImageObject","inLanguage":"pt-BR","@id":"https:\/\/wp.ufpel.edu.br\/observatoriosocial\/2018\/01\/29\/caged-pelo-terceiro-ano-consecutivo-pelotas-registra-saldo-acumulado-negativo\/#primaryimage","url":"https:\/\/wp.ufpel.edu.br\/observatoriosocial\/files\/2018\/01\/Boletim-Informativo-n\u00ba-12-Grafico-6-Pelotas.jpg","contentUrl":"https:\/\/wp.ufpel.edu.br\/observatoriosocial\/files\/2018\/01\/Boletim-Informativo-n\u00ba-12-Grafico-6-Pelotas.jpg","width":1280,"height":720},{"@type":"BreadcrumbList","@id":"https:\/\/wp.ufpel.edu.br\/observatoriosocial\/2018\/01\/29\/caged-pelo-terceiro-ano-consecutivo-pelotas-registra-saldo-acumulado-negativo\/#breadcrumb","itemListElement":[{"@type":"ListItem","position":1,"name":"In\u00edcio","item":"https:\/\/wp.ufpel.edu.br\/observatoriosocial\/"},{"@type":"ListItem","position":2,"name":"CAGED &#8211; Pelo terceiro ano consecutivo Pelotas registra queda no estoque de v\u00ednculos. Perda acumulada no tri\u00eanio \u00e9 de -7,9%"}]},{"@type":"WebSite","@id":"https:\/\/wp.ufpel.edu.br\/observatoriosocial\/#website","url":"https:\/\/wp.ufpel.edu.br\/observatoriosocial\/","name":"OBSERVAT\u00d3RIO SOCIAL DO TRABALHO","description":"Instituto de Filosofia, Sociologia e Pol\u00edtica (IFISP) \/ Universidade Federal de Pelotas (UFPel)","potentialAction":[{"@type":"SearchAction","target":{"@type":"EntryPoint","urlTemplate":"https:\/\/wp.ufpel.edu.br\/observatoriosocial\/?s={search_term_string}"},"query-input":{"@type":"PropertyValueSpecification","valueRequired":true,"valueName":"search_term_string"}}],"inLanguage":"pt-BR"},{"@type":"Person","@id":"https:\/\/wp.ufpel.edu.br\/observatoriosocial\/#\/schema\/person\/9425088627ff1b0cc43a06d70b5b5c26","name":"Observat\u00f3rio Social do Trabalho","image":{"@type":"ImageObject","inLanguage":"pt-BR","@id":"https:\/\/wp.ufpel.edu.br\/observatoriosocial\/#\/schema\/person\/image\/","url":"https:\/\/secure.gravatar.com\/avatar\/d43e98fadb1b76f269caefc4932bb6eeeaded52590245fa81afad058769bb288?s=96&d=mm&r=g","contentUrl":"https:\/\/secure.gravatar.com\/avatar\/d43e98fadb1b76f269caefc4932bb6eeeaded52590245fa81afad058769bb288?s=96&d=mm&r=g","caption":"Observat\u00f3rio Social do Trabalho"},"url":"https:\/\/wp.ufpel.edu.br\/observatoriosocial\/author\/observatoriosocial\/"}]}},"jetpack_featured_media_url":"https:\/\/wp.ufpel.edu.br\/observatoriosocial\/files\/2018\/01\/Boletim-Informativo-n\u00ba-12-Grafico-6-Pelotas.jpg","_links":{"self":[{"href":"https:\/\/wp.ufpel.edu.br\/observatoriosocial\/wp-json\/wp\/v2\/posts\/1845","targetHints":{"allow":["GET"]}}],"collection":[{"href":"https:\/\/wp.ufpel.edu.br\/observatoriosocial\/wp-json\/wp\/v2\/posts"}],"about":[{"href":"https:\/\/wp.ufpel.edu.br\/observatoriosocial\/wp-json\/wp\/v2\/types\/post"}],"author":[{"embeddable":true,"href":"https:\/\/wp.ufpel.edu.br\/observatoriosocial\/wp-json\/wp\/v2\/users\/102"}],"replies":[{"embeddable":true,"href":"https:\/\/wp.ufpel.edu.br\/observatoriosocial\/wp-json\/wp\/v2\/comments?post=1845"}],"version-history":[{"count":17,"href":"https:\/\/wp.ufpel.edu.br\/observatoriosocial\/wp-json\/wp\/v2\/posts\/1845\/revisions"}],"predecessor-version":[{"id":1906,"href":"https:\/\/wp.ufpel.edu.br\/observatoriosocial\/wp-json\/wp\/v2\/posts\/1845\/revisions\/1906"}],"wp:featuredmedia":[{"embeddable":true,"href":"https:\/\/wp.ufpel.edu.br\/observatoriosocial\/wp-json\/wp\/v2\/media\/1908"}],"wp:attachment":[{"href":"https:\/\/wp.ufpel.edu.br\/observatoriosocial\/wp-json\/wp\/v2\/media?parent=1845"}],"wp:term":[{"taxonomy":"category","embeddable":true,"href":"https:\/\/wp.ufpel.edu.br\/observatoriosocial\/wp-json\/wp\/v2\/categories?post=1845"},{"taxonomy":"post_tag","embeddable":true,"href":"https:\/\/wp.ufpel.edu.br\/observatoriosocial\/wp-json\/wp\/v2\/tags?post=1845"}],"curies":[{"name":"wp","href":"https:\/\/api.w.org\/{rel}","templated":true}]}}