{"id":1659,"date":"2017-10-30T18:44:51","date_gmt":"2017-10-30T20:44:51","guid":{"rendered":"https:\/\/wp.ufpel.edu.br\/observatoriosocial\/?p=1659"},"modified":"2017-11-06T11:21:35","modified_gmt":"2017-11-06T13:21:35","slug":"1659","status":"publish","type":"post","link":"https:\/\/wp.ufpel.edu.br\/observatoriosocial\/2017\/10\/30\/1659\/","title":{"rendered":"Segundo caderno do Observat\u00f3rio Nacional do Mercado de Trabalho \u00e9 lan\u00e7ado"},"content":{"rendered":"<p>Encontra-se dispon\u00edvel o Caderno do Observat\u00f3rio Nacional do Mercado de Trabalho \u2013 Volume 2, elaborado em parceria entre o Minist\u00e9rio do Trabalho e o Departamento Intersindical de Estat\u00edstica e Estudos Socioecon\u00f4micos (DIEESE).<\/p>\n<p>Esta segunda edi\u00e7\u00e3o do Caderno, al\u00e9m de trazer um artigo sobre a experi\u00eancia do DIEESE e do Observat\u00f3rio Nacional do Mercado de Trabalho (ONMT\/MTb) na produ\u00e7\u00e3o de informa\u00e7\u00f5es sobre o trabalho e as pol\u00edticas p\u00fablicas neste campo, re\u00fane as experi\u00eancias das parcerias estabelecidas pelo Minist\u00e9rio com cinco Universidades Federais para implanta\u00e7\u00e3o de unidades de observa\u00e7\u00e3o do Mercado de Trabalho e o processo de implementa\u00e7\u00e3o do Painel de Monitoramento do Mercado de Trabalho pelo MTb.<\/p>\n<p>Link para acesso:<\/p>\n<p><a href=\"https:\/\/wp.ufpel.edu.br\/observatoriosocial\/files\/2017\/10\/Caderno-Observatorio-Vol.2.pdf\">Caderno do Observat\u00f3rio Nacional do Mercado de Trabalho &#8211; Volume 2<\/a><\/p>\n","protected":false},"excerpt":{"rendered":"<p>Encontra-se dispon\u00edvel o Caderno do Observat\u00f3rio Nacional do Mercado de Trabalho \u2013 Volume 2, elaborado em parceria entre o Minist\u00e9rio do Trabalho e o Departamento Intersindical de Estat\u00edstica e Estudos Socioecon\u00f4micos (DIEESE). Esta segunda edi\u00e7\u00e3o do Caderno, al\u00e9m de trazer um artigo sobre a experi\u00eancia do DIEESE e do Observat\u00f3rio Nacional do Mercado de Trabalho [&hellip;]<\/p>\n","protected":false},"author":102,"featured_media":1662,"comment_status":"closed","ping_status":"closed","sticky":false,"template":"","format":"standard","meta":{"footnotes":""},"categories":[4],"tags":[36492,36489,36469,36491,36490,36483],"class_list":["post-1659","post","type-post","status-publish","format-standard","has-post-thumbnail","hentry","category-noticias","tag-caderno-mercado-de-trabalho","tag-dieese","tag-mercado-de-trabalho","tag-ministerio-do-trabalho","tag-observatorio-nacional-do-mercado-de-trabalho","tag-politicas-publicas"],"yoast_head":"<!-- This site is optimized with the Yoast SEO plugin v26.7 - https:\/\/yoast.com\/wordpress\/plugins\/seo\/ -->\n<title>Segundo caderno do Observat\u00f3rio Nacional do Mercado de Trabalho \u00e9 lan\u00e7ado &#8226; OBSERVAT\u00d3RIO SOCIAL DO TRABALHO<\/title>\n<meta name=\"robots\" content=\"index, follow, max-snippet:-1, max-image-preview:large, max-video-preview:-1\" \/>\n<link rel=\"canonical\" href=\"https:\/\/wp.ufpel.edu.br\/observatoriosocial\/2017\/10\/30\/1659\/\" \/>\n<meta property=\"og:locale\" content=\"pt_BR\" \/>\n<meta property=\"og:type\" content=\"article\" \/>\n<meta property=\"og:title\" content=\"Segundo caderno do Observat\u00f3rio Nacional do Mercado de Trabalho \u00e9 lan\u00e7ado &#8226; OBSERVAT\u00d3RIO SOCIAL DO TRABALHO\" \/>\n<meta property=\"og:description\" content=\"Encontra-se dispon\u00edvel o Caderno do Observat\u00f3rio Nacional do Mercado de Trabalho \u2013 Volume 2, elaborado em parceria entre o Minist\u00e9rio do Trabalho e o Departamento Intersindical de Estat\u00edstica e Estudos Socioecon\u00f4micos (DIEESE). Esta segunda edi\u00e7\u00e3o do Caderno, al\u00e9m de trazer um artigo sobre a experi\u00eancia do DIEESE e do Observat\u00f3rio Nacional do Mercado de Trabalho [&hellip;]\" \/>\n<meta property=\"og:url\" content=\"https:\/\/wp.ufpel.edu.br\/observatoriosocial\/2017\/10\/30\/1659\/\" \/>\n<meta property=\"og:site_name\" content=\"OBSERVAT\u00d3RIO SOCIAL DO TRABALHO\" \/>\n<meta property=\"article:publisher\" content=\"https:\/\/www.facebook.com\/observatoriodaufpel\/\" \/>\n<meta property=\"article:published_time\" content=\"2017-10-30T20:44:51+00:00\" \/>\n<meta property=\"article:modified_time\" content=\"2017-11-06T13:21:35+00:00\" \/>\n<meta property=\"og:image\" content=\"https:\/\/i0.wp.com\/wp.ufpel.edu.br\/observatoriosocial\/files\/2017\/10\/caderno-vol.2.jpg?fit=457%2C649&ssl=1\" \/>\n\t<meta property=\"og:image:width\" content=\"457\" \/>\n\t<meta property=\"og:image:height\" content=\"649\" \/>\n\t<meta property=\"og:image:type\" content=\"image\/jpeg\" \/>\n<meta name=\"author\" content=\"Observat\u00f3rio Social do Trabalho\" \/>\n<meta name=\"twitter:card\" content=\"summary_large_image\" \/>\n<meta name=\"twitter:creator\" content=\"@ufpeltrabalho\" \/>\n<meta name=\"twitter:site\" content=\"@ufpeltrabalho\" \/>\n<meta name=\"twitter:label1\" content=\"Escrito por\" \/>\n\t<meta name=\"twitter:data1\" content=\"Observat\u00f3rio Social do Trabalho\" \/>\n\t<meta name=\"twitter:label2\" content=\"Est. tempo de leitura\" \/>\n\t<meta name=\"twitter:data2\" content=\"1 minuto\" \/>\n<script type=\"application\/ld+json\" class=\"yoast-schema-graph\">{\"@context\":\"https:\/\/schema.org\",\"@graph\":[{\"@type\":\"Article\",\"@id\":\"https:\/\/wp.ufpel.edu.br\/observatoriosocial\/2017\/10\/30\/1659\/#article\",\"isPartOf\":{\"@id\":\"https:\/\/wp.ufpel.edu.br\/observatoriosocial\/2017\/10\/30\/1659\/\"},\"author\":{\"name\":\"Observat\u00f3rio Social do Trabalho\",\"@id\":\"https:\/\/wp.ufpel.edu.br\/observatoriosocial\/#\/schema\/person\/9425088627ff1b0cc43a06d70b5b5c26\"},\"headline\":\"Segundo caderno do Observat\u00f3rio Nacional do Mercado de Trabalho \u00e9 lan\u00e7ado\",\"datePublished\":\"2017-10-30T20:44:51+00:00\",\"dateModified\":\"2017-11-06T13:21:35+00:00\",\"mainEntityOfPage\":{\"@id\":\"https:\/\/wp.ufpel.edu.br\/observatoriosocial\/2017\/10\/30\/1659\/\"},\"wordCount\":150,\"image\":{\"@id\":\"https:\/\/wp.ufpel.edu.br\/observatoriosocial\/2017\/10\/30\/1659\/#primaryimage\"},\"thumbnailUrl\":\"https:\/\/wp.ufpel.edu.br\/observatoriosocial\/files\/2017\/10\/caderno-vol.2.jpg\",\"keywords\":[\"Caderno mercado de trabalho\",\"DIEESE\",\"mercado de trabalho\",\"Minist\u00e9rio do trabalho\",\"Observat\u00f3rio Nacional do Mercado de Trabalho\",\"Pol\u00edticas p\u00fablicas\"],\"articleSection\":[\"Not\u00edcias\"],\"inLanguage\":\"pt-BR\"},{\"@type\":\"WebPage\",\"@id\":\"https:\/\/wp.ufpel.edu.br\/observatoriosocial\/2017\/10\/30\/1659\/\",\"url\":\"https:\/\/wp.ufpel.edu.br\/observatoriosocial\/2017\/10\/30\/1659\/\",\"name\":\"Segundo caderno do Observat\u00f3rio Nacional do Mercado de Trabalho \u00e9 lan\u00e7ado &#8226; OBSERVAT\u00d3RIO SOCIAL DO TRABALHO\",\"isPartOf\":{\"@id\":\"https:\/\/wp.ufpel.edu.br\/observatoriosocial\/#website\"},\"primaryImageOfPage\":{\"@id\":\"https:\/\/wp.ufpel.edu.br\/observatoriosocial\/2017\/10\/30\/1659\/#primaryimage\"},\"image\":{\"@id\":\"https:\/\/wp.ufpel.edu.br\/observatoriosocial\/2017\/10\/30\/1659\/#primaryimage\"},\"thumbnailUrl\":\"https:\/\/wp.ufpel.edu.br\/observatoriosocial\/files\/2017\/10\/caderno-vol.2.jpg\",\"datePublished\":\"2017-10-30T20:44:51+00:00\",\"dateModified\":\"2017-11-06T13:21:35+00:00\",\"author\":{\"@id\":\"https:\/\/wp.ufpel.edu.br\/observatoriosocial\/#\/schema\/person\/9425088627ff1b0cc43a06d70b5b5c26\"},\"breadcrumb\":{\"@id\":\"https:\/\/wp.ufpel.edu.br\/observatoriosocial\/2017\/10\/30\/1659\/#breadcrumb\"},\"inLanguage\":\"pt-BR\",\"potentialAction\":[{\"@type\":\"ReadAction\",\"target\":[\"https:\/\/wp.ufpel.edu.br\/observatoriosocial\/2017\/10\/30\/1659\/\"]}]},{\"@type\":\"ImageObject\",\"inLanguage\":\"pt-BR\",\"@id\":\"https:\/\/wp.ufpel.edu.br\/observatoriosocial\/2017\/10\/30\/1659\/#primaryimage\",\"url\":\"https:\/\/wp.ufpel.edu.br\/observatoriosocial\/files\/2017\/10\/caderno-vol.2.jpg\",\"contentUrl\":\"https:\/\/wp.ufpel.edu.br\/observatoriosocial\/files\/2017\/10\/caderno-vol.2.jpg\",\"width\":457,\"height\":649},{\"@type\":\"BreadcrumbList\",\"@id\":\"https:\/\/wp.ufpel.edu.br\/observatoriosocial\/2017\/10\/30\/1659\/#breadcrumb\",\"itemListElement\":[{\"@type\":\"ListItem\",\"position\":1,\"name\":\"In\u00edcio\",\"item\":\"https:\/\/wp.ufpel.edu.br\/observatoriosocial\/\"},{\"@type\":\"ListItem\",\"position\":2,\"name\":\"Segundo caderno do Observat\u00f3rio Nacional do Mercado de Trabalho \u00e9 lan\u00e7ado\"}]},{\"@type\":\"WebSite\",\"@id\":\"https:\/\/wp.ufpel.edu.br\/observatoriosocial\/#website\",\"url\":\"https:\/\/wp.ufpel.edu.br\/observatoriosocial\/\",\"name\":\"OBSERVAT\u00d3RIO SOCIAL DO TRABALHO\",\"description\":\"Instituto de Filosofia, Sociologia e Pol\u00edtica (IFISP) \/ Universidade Federal de Pelotas (UFPel)\",\"potentialAction\":[{\"@type\":\"SearchAction\",\"target\":{\"@type\":\"EntryPoint\",\"urlTemplate\":\"https:\/\/wp.ufpel.edu.br\/observatoriosocial\/?s={search_term_string}\"},\"query-input\":{\"@type\":\"PropertyValueSpecification\",\"valueRequired\":true,\"valueName\":\"search_term_string\"}}],\"inLanguage\":\"pt-BR\"},{\"@type\":\"Person\",\"@id\":\"https:\/\/wp.ufpel.edu.br\/observatoriosocial\/#\/schema\/person\/9425088627ff1b0cc43a06d70b5b5c26\",\"name\":\"Observat\u00f3rio Social do Trabalho\",\"image\":{\"@type\":\"ImageObject\",\"inLanguage\":\"pt-BR\",\"@id\":\"https:\/\/wp.ufpel.edu.br\/observatoriosocial\/#\/schema\/person\/image\/\",\"url\":\"https:\/\/secure.gravatar.com\/avatar\/d43e98fadb1b76f269caefc4932bb6eeeaded52590245fa81afad058769bb288?s=96&d=mm&r=g\",\"contentUrl\":\"https:\/\/secure.gravatar.com\/avatar\/d43e98fadb1b76f269caefc4932bb6eeeaded52590245fa81afad058769bb288?s=96&d=mm&r=g\",\"caption\":\"Observat\u00f3rio Social do Trabalho\"},\"url\":\"https:\/\/wp.ufpel.edu.br\/observatoriosocial\/author\/observatoriosocial\/\"}]}<\/script>\n<!-- \/ Yoast SEO plugin. -->","yoast_head_json":{"title":"Segundo caderno do Observat\u00f3rio Nacional do Mercado de Trabalho \u00e9 lan\u00e7ado &#8226; OBSERVAT\u00d3RIO SOCIAL DO TRABALHO","robots":{"index":"index","follow":"follow","max-snippet":"max-snippet:-1","max-image-preview":"max-image-preview:large","max-video-preview":"max-video-preview:-1"},"canonical":"https:\/\/wp.ufpel.edu.br\/observatoriosocial\/2017\/10\/30\/1659\/","og_locale":"pt_BR","og_type":"article","og_title":"Segundo caderno do Observat\u00f3rio Nacional do Mercado de Trabalho \u00e9 lan\u00e7ado &#8226; OBSERVAT\u00d3RIO SOCIAL DO TRABALHO","og_description":"Encontra-se dispon\u00edvel o Caderno do Observat\u00f3rio Nacional do Mercado de Trabalho \u2013 Volume 2, elaborado em parceria entre o Minist\u00e9rio do Trabalho e o Departamento Intersindical de Estat\u00edstica e Estudos Socioecon\u00f4micos (DIEESE). Esta segunda edi\u00e7\u00e3o do Caderno, al\u00e9m de trazer um artigo sobre a experi\u00eancia do DIEESE e do Observat\u00f3rio Nacional do Mercado de Trabalho [&hellip;]","og_url":"https:\/\/wp.ufpel.edu.br\/observatoriosocial\/2017\/10\/30\/1659\/","og_site_name":"OBSERVAT\u00d3RIO SOCIAL DO TRABALHO","article_publisher":"https:\/\/www.facebook.com\/observatoriodaufpel\/","article_published_time":"2017-10-30T20:44:51+00:00","article_modified_time":"2017-11-06T13:21:35+00:00","og_image":[{"width":457,"height":649,"url":"https:\/\/i0.wp.com\/wp.ufpel.edu.br\/observatoriosocial\/files\/2017\/10\/caderno-vol.2.jpg?fit=457%2C649&ssl=1","type":"image\/jpeg"}],"author":"Observat\u00f3rio Social do Trabalho","twitter_card":"summary_large_image","twitter_creator":"@ufpeltrabalho","twitter_site":"@ufpeltrabalho","twitter_misc":{"Escrito por":"Observat\u00f3rio Social do Trabalho","Est. tempo de leitura":"1 minuto"},"schema":{"@context":"https:\/\/schema.org","@graph":[{"@type":"Article","@id":"https:\/\/wp.ufpel.edu.br\/observatoriosocial\/2017\/10\/30\/1659\/#article","isPartOf":{"@id":"https:\/\/wp.ufpel.edu.br\/observatoriosocial\/2017\/10\/30\/1659\/"},"author":{"name":"Observat\u00f3rio Social do Trabalho","@id":"https:\/\/wp.ufpel.edu.br\/observatoriosocial\/#\/schema\/person\/9425088627ff1b0cc43a06d70b5b5c26"},"headline":"Segundo caderno do Observat\u00f3rio Nacional do Mercado de Trabalho \u00e9 lan\u00e7ado","datePublished":"2017-10-30T20:44:51+00:00","dateModified":"2017-11-06T13:21:35+00:00","mainEntityOfPage":{"@id":"https:\/\/wp.ufpel.edu.br\/observatoriosocial\/2017\/10\/30\/1659\/"},"wordCount":150,"image":{"@id":"https:\/\/wp.ufpel.edu.br\/observatoriosocial\/2017\/10\/30\/1659\/#primaryimage"},"thumbnailUrl":"https:\/\/wp.ufpel.edu.br\/observatoriosocial\/files\/2017\/10\/caderno-vol.2.jpg","keywords":["Caderno mercado de trabalho","DIEESE","mercado de trabalho","Minist\u00e9rio do trabalho","Observat\u00f3rio Nacional do Mercado de Trabalho","Pol\u00edticas p\u00fablicas"],"articleSection":["Not\u00edcias"],"inLanguage":"pt-BR"},{"@type":"WebPage","@id":"https:\/\/wp.ufpel.edu.br\/observatoriosocial\/2017\/10\/30\/1659\/","url":"https:\/\/wp.ufpel.edu.br\/observatoriosocial\/2017\/10\/30\/1659\/","name":"Segundo caderno do Observat\u00f3rio Nacional do Mercado de Trabalho \u00e9 lan\u00e7ado &#8226; OBSERVAT\u00d3RIO SOCIAL DO TRABALHO","isPartOf":{"@id":"https:\/\/wp.ufpel.edu.br\/observatoriosocial\/#website"},"primaryImageOfPage":{"@id":"https:\/\/wp.ufpel.edu.br\/observatoriosocial\/2017\/10\/30\/1659\/#primaryimage"},"image":{"@id":"https:\/\/wp.ufpel.edu.br\/observatoriosocial\/2017\/10\/30\/1659\/#primaryimage"},"thumbnailUrl":"https:\/\/wp.ufpel.edu.br\/observatoriosocial\/files\/2017\/10\/caderno-vol.2.jpg","datePublished":"2017-10-30T20:44:51+00:00","dateModified":"2017-11-06T13:21:35+00:00","author":{"@id":"https:\/\/wp.ufpel.edu.br\/observatoriosocial\/#\/schema\/person\/9425088627ff1b0cc43a06d70b5b5c26"},"breadcrumb":{"@id":"https:\/\/wp.ufpel.edu.br\/observatoriosocial\/2017\/10\/30\/1659\/#breadcrumb"},"inLanguage":"pt-BR","potentialAction":[{"@type":"ReadAction","target":["https:\/\/wp.ufpel.edu.br\/observatoriosocial\/2017\/10\/30\/1659\/"]}]},{"@type":"ImageObject","inLanguage":"pt-BR","@id":"https:\/\/wp.ufpel.edu.br\/observatoriosocial\/2017\/10\/30\/1659\/#primaryimage","url":"https:\/\/wp.ufpel.edu.br\/observatoriosocial\/files\/2017\/10\/caderno-vol.2.jpg","contentUrl":"https:\/\/wp.ufpel.edu.br\/observatoriosocial\/files\/2017\/10\/caderno-vol.2.jpg","width":457,"height":649},{"@type":"BreadcrumbList","@id":"https:\/\/wp.ufpel.edu.br\/observatoriosocial\/2017\/10\/30\/1659\/#breadcrumb","itemListElement":[{"@type":"ListItem","position":1,"name":"In\u00edcio","item":"https:\/\/wp.ufpel.edu.br\/observatoriosocial\/"},{"@type":"ListItem","position":2,"name":"Segundo caderno do Observat\u00f3rio Nacional do Mercado de Trabalho \u00e9 lan\u00e7ado"}]},{"@type":"WebSite","@id":"https:\/\/wp.ufpel.edu.br\/observatoriosocial\/#website","url":"https:\/\/wp.ufpel.edu.br\/observatoriosocial\/","name":"OBSERVAT\u00d3RIO SOCIAL DO TRABALHO","description":"Instituto de Filosofia, Sociologia e Pol\u00edtica (IFISP) \/ Universidade Federal de Pelotas (UFPel)","potentialAction":[{"@type":"SearchAction","target":{"@type":"EntryPoint","urlTemplate":"https:\/\/wp.ufpel.edu.br\/observatoriosocial\/?s={search_term_string}"},"query-input":{"@type":"PropertyValueSpecification","valueRequired":true,"valueName":"search_term_string"}}],"inLanguage":"pt-BR"},{"@type":"Person","@id":"https:\/\/wp.ufpel.edu.br\/observatoriosocial\/#\/schema\/person\/9425088627ff1b0cc43a06d70b5b5c26","name":"Observat\u00f3rio Social do Trabalho","image":{"@type":"ImageObject","inLanguage":"pt-BR","@id":"https:\/\/wp.ufpel.edu.br\/observatoriosocial\/#\/schema\/person\/image\/","url":"https:\/\/secure.gravatar.com\/avatar\/d43e98fadb1b76f269caefc4932bb6eeeaded52590245fa81afad058769bb288?s=96&d=mm&r=g","contentUrl":"https:\/\/secure.gravatar.com\/avatar\/d43e98fadb1b76f269caefc4932bb6eeeaded52590245fa81afad058769bb288?s=96&d=mm&r=g","caption":"Observat\u00f3rio Social do Trabalho"},"url":"https:\/\/wp.ufpel.edu.br\/observatoriosocial\/author\/observatoriosocial\/"}]}},"jetpack_featured_media_url":"https:\/\/wp.ufpel.edu.br\/observatoriosocial\/files\/2017\/10\/caderno-vol.2.jpg","_links":{"self":[{"href":"https:\/\/wp.ufpel.edu.br\/observatoriosocial\/wp-json\/wp\/v2\/posts\/1659","targetHints":{"allow":["GET"]}}],"collection":[{"href":"https:\/\/wp.ufpel.edu.br\/observatoriosocial\/wp-json\/wp\/v2\/posts"}],"about":[{"href":"https:\/\/wp.ufpel.edu.br\/observatoriosocial\/wp-json\/wp\/v2\/types\/post"}],"author":[{"embeddable":true,"href":"https:\/\/wp.ufpel.edu.br\/observatoriosocial\/wp-json\/wp\/v2\/users\/102"}],"replies":[{"embeddable":true,"href":"https:\/\/wp.ufpel.edu.br\/observatoriosocial\/wp-json\/wp\/v2\/comments?post=1659"}],"version-history":[{"count":6,"href":"https:\/\/wp.ufpel.edu.br\/observatoriosocial\/wp-json\/wp\/v2\/posts\/1659\/revisions"}],"predecessor-version":[{"id":1687,"href":"https:\/\/wp.ufpel.edu.br\/observatoriosocial\/wp-json\/wp\/v2\/posts\/1659\/revisions\/1687"}],"wp:featuredmedia":[{"embeddable":true,"href":"https:\/\/wp.ufpel.edu.br\/observatoriosocial\/wp-json\/wp\/v2\/media\/1662"}],"wp:attachment":[{"href":"https:\/\/wp.ufpel.edu.br\/observatoriosocial\/wp-json\/wp\/v2\/media?parent=1659"}],"wp:term":[{"taxonomy":"category","embeddable":true,"href":"https:\/\/wp.ufpel.edu.br\/observatoriosocial\/wp-json\/wp\/v2\/categories?post=1659"},{"taxonomy":"post_tag","embeddable":true,"href":"https:\/\/wp.ufpel.edu.br\/observatoriosocial\/wp-json\/wp\/v2\/tags?post=1659"}],"curies":[{"name":"wp","href":"https:\/\/api.w.org\/{rel}","templated":true}]}}