{"id":1627,"date":"2017-10-13T09:49:27","date_gmt":"2017-10-13T12:49:27","guid":{"rendered":"https:\/\/wp.ufpel.edu.br\/observatoriosocial\/?p=1627"},"modified":"2017-10-16T10:13:54","modified_gmt":"2017-10-16T12:13:54","slug":"abertas-as-submissoes-de-trabalhos-para-o-vi-sepome","status":"publish","type":"post","link":"https:\/\/wp.ufpel.edu.br\/observatoriosocial\/2017\/10\/13\/abertas-as-submissoes-de-trabalhos-para-o-vi-sepome\/","title":{"rendered":"Aberta a submiss\u00e3o de trabalhos para o VI SEPOME"},"content":{"rendered":"<p>Estar\u00e1 aberta, at\u00e9 o pr\u00f3ximo dia 25 de outubro, a submiss\u00e3o de trabalhos para o VI Semin\u00e1rio de Pol\u00edticas Sociais no MERCOSUL.<\/p>\n<p>O Prof. Francisco E. B. Vargas, do Observat\u00f3rio Social do Trabalho (IFISP\/UFPel) e o Prof. Tiago Nunes, do N\u00facleo de Economia Solid\u00e1ria e Incuba\u00e7\u00e3o de Cooperativas (NESIC\/UCPel) coordenam o Grupo de Trabalho denominado &#8220;Transforma\u00e7\u00f5es do Mundo do Trabalho: Novas Morfologias, Trabalho Associado e Pol\u00edticas P\u00fablicas de Emprego e Renda&#8221;.<\/p>\n<p>O VI SEPOME se realizar\u00e1 no Audit\u00f3rio Dom Ant\u00f4nio Zattera da Universidade Cat\u00f3lica de Pelotas (UCPel) no per\u00edodo de 28 de novembro a 01 de dezembro de 2017. Tamb\u00e9m est\u00e3o abertas as inscri\u00e7\u00f5es para participa\u00e7\u00e3o no evento, bem como dispon\u00edvel sua programa\u00e7\u00e3o. Maiores informa\u00e7\u00f5es podem ser acessadas no portal do evento: \u00a0<a href=\"http:\/\/sepome.ucpel.edu.br\/\">http:\/\/sepome.ucpel.edu.br\/<\/a><\/p>\n<p>&nbsp;<\/p>\n","protected":false},"excerpt":{"rendered":"<p>Estar\u00e1 aberta, at\u00e9 o pr\u00f3ximo dia 25 de outubro, a submiss\u00e3o de trabalhos para o VI Semin\u00e1rio de Pol\u00edticas Sociais no MERCOSUL. O Prof. Francisco E. B. Vargas, do Observat\u00f3rio Social do Trabalho (IFISP\/UFPel) e o Prof. Tiago Nunes, do N\u00facleo de Economia Solid\u00e1ria e Incuba\u00e7\u00e3o de Cooperativas (NESIC\/UCPel) coordenam o Grupo de Trabalho denominado [&hellip;]<\/p>\n","protected":false},"author":102,"featured_media":236,"comment_status":"closed","ping_status":"closed","sticky":false,"template":"","format":"standard","meta":{"footnotes":""},"categories":[4],"tags":[],"class_list":["post-1627","post","type-post","status-publish","format-standard","has-post-thumbnail","hentry","category-noticias"],"yoast_head":"<!-- This site is optimized with the Yoast SEO plugin v26.7 - https:\/\/yoast.com\/wordpress\/plugins\/seo\/ -->\n<title>Aberta a submiss\u00e3o de trabalhos para o VI SEPOME &#8226; OBSERVAT\u00d3RIO SOCIAL DO TRABALHO<\/title>\n<meta name=\"robots\" content=\"index, follow, max-snippet:-1, max-image-preview:large, max-video-preview:-1\" \/>\n<link rel=\"canonical\" href=\"https:\/\/wp.ufpel.edu.br\/observatoriosocial\/2017\/10\/13\/abertas-as-submissoes-de-trabalhos-para-o-vi-sepome\/\" \/>\n<meta property=\"og:locale\" content=\"pt_BR\" \/>\n<meta property=\"og:type\" content=\"article\" \/>\n<meta property=\"og:title\" content=\"Aberta a submiss\u00e3o de trabalhos para o VI SEPOME &#8226; OBSERVAT\u00d3RIO SOCIAL DO TRABALHO\" \/>\n<meta property=\"og:description\" content=\"Estar\u00e1 aberta, at\u00e9 o pr\u00f3ximo dia 25 de outubro, a submiss\u00e3o de trabalhos para o VI Semin\u00e1rio de Pol\u00edticas Sociais no MERCOSUL. O Prof. Francisco E. B. Vargas, do Observat\u00f3rio Social do Trabalho (IFISP\/UFPel) e o Prof. Tiago Nunes, do N\u00facleo de Economia Solid\u00e1ria e Incuba\u00e7\u00e3o de Cooperativas (NESIC\/UCPel) coordenam o Grupo de Trabalho denominado [&hellip;]\" \/>\n<meta property=\"og:url\" content=\"https:\/\/wp.ufpel.edu.br\/observatoriosocial\/2017\/10\/13\/abertas-as-submissoes-de-trabalhos-para-o-vi-sepome\/\" \/>\n<meta property=\"og:site_name\" content=\"OBSERVAT\u00d3RIO SOCIAL DO TRABALHO\" \/>\n<meta property=\"article:publisher\" content=\"https:\/\/www.facebook.com\/observatoriodaufpel\/\" \/>\n<meta property=\"article:published_time\" content=\"2017-10-13T12:49:27+00:00\" \/>\n<meta property=\"article:modified_time\" content=\"2017-10-16T12:13:54+00:00\" \/>\n<meta property=\"og:image\" content=\"https:\/\/i0.wp.com\/wp.ufpel.edu.br\/observatoriosocial\/files\/2013\/01\/Foto-01-Zona-Sul-do-Estado-do-Rio-Grande-do-Sul.jpg?fit=980%2C729&ssl=1\" \/>\n\t<meta property=\"og:image:width\" content=\"980\" \/>\n\t<meta property=\"og:image:height\" content=\"729\" \/>\n\t<meta property=\"og:image:type\" content=\"image\/jpeg\" \/>\n<meta name=\"author\" content=\"Observat\u00f3rio Social do Trabalho\" \/>\n<meta name=\"twitter:card\" content=\"summary_large_image\" \/>\n<meta name=\"twitter:creator\" content=\"@ufpeltrabalho\" \/>\n<meta name=\"twitter:site\" content=\"@ufpeltrabalho\" \/>\n<meta name=\"twitter:label1\" content=\"Escrito por\" \/>\n\t<meta name=\"twitter:data1\" content=\"Observat\u00f3rio Social do Trabalho\" \/>\n\t<meta name=\"twitter:label2\" content=\"Est. tempo de leitura\" \/>\n\t<meta name=\"twitter:data2\" content=\"1 minuto\" \/>\n<script type=\"application\/ld+json\" class=\"yoast-schema-graph\">{\"@context\":\"https:\/\/schema.org\",\"@graph\":[{\"@type\":\"Article\",\"@id\":\"https:\/\/wp.ufpel.edu.br\/observatoriosocial\/2017\/10\/13\/abertas-as-submissoes-de-trabalhos-para-o-vi-sepome\/#article\",\"isPartOf\":{\"@id\":\"https:\/\/wp.ufpel.edu.br\/observatoriosocial\/2017\/10\/13\/abertas-as-submissoes-de-trabalhos-para-o-vi-sepome\/\"},\"author\":{\"name\":\"Observat\u00f3rio Social do Trabalho\",\"@id\":\"https:\/\/wp.ufpel.edu.br\/observatoriosocial\/#\/schema\/person\/9425088627ff1b0cc43a06d70b5b5c26\"},\"headline\":\"Aberta a submiss\u00e3o de trabalhos para o VI SEPOME\",\"datePublished\":\"2017-10-13T12:49:27+00:00\",\"dateModified\":\"2017-10-16T12:13:54+00:00\",\"mainEntityOfPage\":{\"@id\":\"https:\/\/wp.ufpel.edu.br\/observatoriosocial\/2017\/10\/13\/abertas-as-submissoes-de-trabalhos-para-o-vi-sepome\/\"},\"wordCount\":158,\"image\":{\"@id\":\"https:\/\/wp.ufpel.edu.br\/observatoriosocial\/2017\/10\/13\/abertas-as-submissoes-de-trabalhos-para-o-vi-sepome\/#primaryimage\"},\"thumbnailUrl\":\"https:\/\/wp.ufpel.edu.br\/observatoriosocial\/files\/2013\/01\/Foto-01-Zona-Sul-do-Estado-do-Rio-Grande-do-Sul.jpg\",\"articleSection\":[\"Not\u00edcias\"],\"inLanguage\":\"pt-BR\"},{\"@type\":\"WebPage\",\"@id\":\"https:\/\/wp.ufpel.edu.br\/observatoriosocial\/2017\/10\/13\/abertas-as-submissoes-de-trabalhos-para-o-vi-sepome\/\",\"url\":\"https:\/\/wp.ufpel.edu.br\/observatoriosocial\/2017\/10\/13\/abertas-as-submissoes-de-trabalhos-para-o-vi-sepome\/\",\"name\":\"Aberta a submiss\u00e3o de trabalhos para o VI SEPOME &#8226; OBSERVAT\u00d3RIO SOCIAL DO TRABALHO\",\"isPartOf\":{\"@id\":\"https:\/\/wp.ufpel.edu.br\/observatoriosocial\/#website\"},\"primaryImageOfPage\":{\"@id\":\"https:\/\/wp.ufpel.edu.br\/observatoriosocial\/2017\/10\/13\/abertas-as-submissoes-de-trabalhos-para-o-vi-sepome\/#primaryimage\"},\"image\":{\"@id\":\"https:\/\/wp.ufpel.edu.br\/observatoriosocial\/2017\/10\/13\/abertas-as-submissoes-de-trabalhos-para-o-vi-sepome\/#primaryimage\"},\"thumbnailUrl\":\"https:\/\/wp.ufpel.edu.br\/observatoriosocial\/files\/2013\/01\/Foto-01-Zona-Sul-do-Estado-do-Rio-Grande-do-Sul.jpg\",\"datePublished\":\"2017-10-13T12:49:27+00:00\",\"dateModified\":\"2017-10-16T12:13:54+00:00\",\"author\":{\"@id\":\"https:\/\/wp.ufpel.edu.br\/observatoriosocial\/#\/schema\/person\/9425088627ff1b0cc43a06d70b5b5c26\"},\"breadcrumb\":{\"@id\":\"https:\/\/wp.ufpel.edu.br\/observatoriosocial\/2017\/10\/13\/abertas-as-submissoes-de-trabalhos-para-o-vi-sepome\/#breadcrumb\"},\"inLanguage\":\"pt-BR\",\"potentialAction\":[{\"@type\":\"ReadAction\",\"target\":[\"https:\/\/wp.ufpel.edu.br\/observatoriosocial\/2017\/10\/13\/abertas-as-submissoes-de-trabalhos-para-o-vi-sepome\/\"]}]},{\"@type\":\"ImageObject\",\"inLanguage\":\"pt-BR\",\"@id\":\"https:\/\/wp.ufpel.edu.br\/observatoriosocial\/2017\/10\/13\/abertas-as-submissoes-de-trabalhos-para-o-vi-sepome\/#primaryimage\",\"url\":\"https:\/\/wp.ufpel.edu.br\/observatoriosocial\/files\/2013\/01\/Foto-01-Zona-Sul-do-Estado-do-Rio-Grande-do-Sul.jpg\",\"contentUrl\":\"https:\/\/wp.ufpel.edu.br\/observatoriosocial\/files\/2013\/01\/Foto-01-Zona-Sul-do-Estado-do-Rio-Grande-do-Sul.jpg\",\"width\":\"980\",\"height\":\"729\",\"caption\":\"Zona Sul do Estado do Rio Grande do Sul\"},{\"@type\":\"BreadcrumbList\",\"@id\":\"https:\/\/wp.ufpel.edu.br\/observatoriosocial\/2017\/10\/13\/abertas-as-submissoes-de-trabalhos-para-o-vi-sepome\/#breadcrumb\",\"itemListElement\":[{\"@type\":\"ListItem\",\"position\":1,\"name\":\"In\u00edcio\",\"item\":\"https:\/\/wp.ufpel.edu.br\/observatoriosocial\/\"},{\"@type\":\"ListItem\",\"position\":2,\"name\":\"Aberta a submiss\u00e3o de trabalhos para o VI SEPOME\"}]},{\"@type\":\"WebSite\",\"@id\":\"https:\/\/wp.ufpel.edu.br\/observatoriosocial\/#website\",\"url\":\"https:\/\/wp.ufpel.edu.br\/observatoriosocial\/\",\"name\":\"OBSERVAT\u00d3RIO SOCIAL DO TRABALHO\",\"description\":\"Instituto de Filosofia, Sociologia e Pol\u00edtica (IFISP) \/ Universidade Federal de Pelotas (UFPel)\",\"potentialAction\":[{\"@type\":\"SearchAction\",\"target\":{\"@type\":\"EntryPoint\",\"urlTemplate\":\"https:\/\/wp.ufpel.edu.br\/observatoriosocial\/?s={search_term_string}\"},\"query-input\":{\"@type\":\"PropertyValueSpecification\",\"valueRequired\":true,\"valueName\":\"search_term_string\"}}],\"inLanguage\":\"pt-BR\"},{\"@type\":\"Person\",\"@id\":\"https:\/\/wp.ufpel.edu.br\/observatoriosocial\/#\/schema\/person\/9425088627ff1b0cc43a06d70b5b5c26\",\"name\":\"Observat\u00f3rio Social do Trabalho\",\"image\":{\"@type\":\"ImageObject\",\"inLanguage\":\"pt-BR\",\"@id\":\"https:\/\/wp.ufpel.edu.br\/observatoriosocial\/#\/schema\/person\/image\/\",\"url\":\"https:\/\/secure.gravatar.com\/avatar\/d43e98fadb1b76f269caefc4932bb6eeeaded52590245fa81afad058769bb288?s=96&d=mm&r=g\",\"contentUrl\":\"https:\/\/secure.gravatar.com\/avatar\/d43e98fadb1b76f269caefc4932bb6eeeaded52590245fa81afad058769bb288?s=96&d=mm&r=g\",\"caption\":\"Observat\u00f3rio Social do Trabalho\"},\"url\":\"https:\/\/wp.ufpel.edu.br\/observatoriosocial\/author\/observatoriosocial\/\"}]}<\/script>\n<!-- \/ Yoast SEO plugin. -->","yoast_head_json":{"title":"Aberta a submiss\u00e3o de trabalhos para o VI SEPOME &#8226; OBSERVAT\u00d3RIO SOCIAL DO TRABALHO","robots":{"index":"index","follow":"follow","max-snippet":"max-snippet:-1","max-image-preview":"max-image-preview:large","max-video-preview":"max-video-preview:-1"},"canonical":"https:\/\/wp.ufpel.edu.br\/observatoriosocial\/2017\/10\/13\/abertas-as-submissoes-de-trabalhos-para-o-vi-sepome\/","og_locale":"pt_BR","og_type":"article","og_title":"Aberta a submiss\u00e3o de trabalhos para o VI SEPOME &#8226; OBSERVAT\u00d3RIO SOCIAL DO TRABALHO","og_description":"Estar\u00e1 aberta, at\u00e9 o pr\u00f3ximo dia 25 de outubro, a submiss\u00e3o de trabalhos para o VI Semin\u00e1rio de Pol\u00edticas Sociais no MERCOSUL. O Prof. Francisco E. B. Vargas, do Observat\u00f3rio Social do Trabalho (IFISP\/UFPel) e o Prof. Tiago Nunes, do N\u00facleo de Economia Solid\u00e1ria e Incuba\u00e7\u00e3o de Cooperativas (NESIC\/UCPel) coordenam o Grupo de Trabalho denominado [&hellip;]","og_url":"https:\/\/wp.ufpel.edu.br\/observatoriosocial\/2017\/10\/13\/abertas-as-submissoes-de-trabalhos-para-o-vi-sepome\/","og_site_name":"OBSERVAT\u00d3RIO SOCIAL DO TRABALHO","article_publisher":"https:\/\/www.facebook.com\/observatoriodaufpel\/","article_published_time":"2017-10-13T12:49:27+00:00","article_modified_time":"2017-10-16T12:13:54+00:00","og_image":[{"width":980,"height":729,"url":"https:\/\/i0.wp.com\/wp.ufpel.edu.br\/observatoriosocial\/files\/2013\/01\/Foto-01-Zona-Sul-do-Estado-do-Rio-Grande-do-Sul.jpg?fit=980%2C729&ssl=1","type":"image\/jpeg"}],"author":"Observat\u00f3rio Social do Trabalho","twitter_card":"summary_large_image","twitter_creator":"@ufpeltrabalho","twitter_site":"@ufpeltrabalho","twitter_misc":{"Escrito por":"Observat\u00f3rio Social do Trabalho","Est. tempo de leitura":"1 minuto"},"schema":{"@context":"https:\/\/schema.org","@graph":[{"@type":"Article","@id":"https:\/\/wp.ufpel.edu.br\/observatoriosocial\/2017\/10\/13\/abertas-as-submissoes-de-trabalhos-para-o-vi-sepome\/#article","isPartOf":{"@id":"https:\/\/wp.ufpel.edu.br\/observatoriosocial\/2017\/10\/13\/abertas-as-submissoes-de-trabalhos-para-o-vi-sepome\/"},"author":{"name":"Observat\u00f3rio Social do Trabalho","@id":"https:\/\/wp.ufpel.edu.br\/observatoriosocial\/#\/schema\/person\/9425088627ff1b0cc43a06d70b5b5c26"},"headline":"Aberta a submiss\u00e3o de trabalhos para o VI SEPOME","datePublished":"2017-10-13T12:49:27+00:00","dateModified":"2017-10-16T12:13:54+00:00","mainEntityOfPage":{"@id":"https:\/\/wp.ufpel.edu.br\/observatoriosocial\/2017\/10\/13\/abertas-as-submissoes-de-trabalhos-para-o-vi-sepome\/"},"wordCount":158,"image":{"@id":"https:\/\/wp.ufpel.edu.br\/observatoriosocial\/2017\/10\/13\/abertas-as-submissoes-de-trabalhos-para-o-vi-sepome\/#primaryimage"},"thumbnailUrl":"https:\/\/wp.ufpel.edu.br\/observatoriosocial\/files\/2013\/01\/Foto-01-Zona-Sul-do-Estado-do-Rio-Grande-do-Sul.jpg","articleSection":["Not\u00edcias"],"inLanguage":"pt-BR"},{"@type":"WebPage","@id":"https:\/\/wp.ufpel.edu.br\/observatoriosocial\/2017\/10\/13\/abertas-as-submissoes-de-trabalhos-para-o-vi-sepome\/","url":"https:\/\/wp.ufpel.edu.br\/observatoriosocial\/2017\/10\/13\/abertas-as-submissoes-de-trabalhos-para-o-vi-sepome\/","name":"Aberta a submiss\u00e3o de trabalhos para o VI SEPOME &#8226; OBSERVAT\u00d3RIO SOCIAL DO TRABALHO","isPartOf":{"@id":"https:\/\/wp.ufpel.edu.br\/observatoriosocial\/#website"},"primaryImageOfPage":{"@id":"https:\/\/wp.ufpel.edu.br\/observatoriosocial\/2017\/10\/13\/abertas-as-submissoes-de-trabalhos-para-o-vi-sepome\/#primaryimage"},"image":{"@id":"https:\/\/wp.ufpel.edu.br\/observatoriosocial\/2017\/10\/13\/abertas-as-submissoes-de-trabalhos-para-o-vi-sepome\/#primaryimage"},"thumbnailUrl":"https:\/\/wp.ufpel.edu.br\/observatoriosocial\/files\/2013\/01\/Foto-01-Zona-Sul-do-Estado-do-Rio-Grande-do-Sul.jpg","datePublished":"2017-10-13T12:49:27+00:00","dateModified":"2017-10-16T12:13:54+00:00","author":{"@id":"https:\/\/wp.ufpel.edu.br\/observatoriosocial\/#\/schema\/person\/9425088627ff1b0cc43a06d70b5b5c26"},"breadcrumb":{"@id":"https:\/\/wp.ufpel.edu.br\/observatoriosocial\/2017\/10\/13\/abertas-as-submissoes-de-trabalhos-para-o-vi-sepome\/#breadcrumb"},"inLanguage":"pt-BR","potentialAction":[{"@type":"ReadAction","target":["https:\/\/wp.ufpel.edu.br\/observatoriosocial\/2017\/10\/13\/abertas-as-submissoes-de-trabalhos-para-o-vi-sepome\/"]}]},{"@type":"ImageObject","inLanguage":"pt-BR","@id":"https:\/\/wp.ufpel.edu.br\/observatoriosocial\/2017\/10\/13\/abertas-as-submissoes-de-trabalhos-para-o-vi-sepome\/#primaryimage","url":"https:\/\/wp.ufpel.edu.br\/observatoriosocial\/files\/2013\/01\/Foto-01-Zona-Sul-do-Estado-do-Rio-Grande-do-Sul.jpg","contentUrl":"https:\/\/wp.ufpel.edu.br\/observatoriosocial\/files\/2013\/01\/Foto-01-Zona-Sul-do-Estado-do-Rio-Grande-do-Sul.jpg","width":"980","height":"729","caption":"Zona Sul do Estado do Rio Grande do Sul"},{"@type":"BreadcrumbList","@id":"https:\/\/wp.ufpel.edu.br\/observatoriosocial\/2017\/10\/13\/abertas-as-submissoes-de-trabalhos-para-o-vi-sepome\/#breadcrumb","itemListElement":[{"@type":"ListItem","position":1,"name":"In\u00edcio","item":"https:\/\/wp.ufpel.edu.br\/observatoriosocial\/"},{"@type":"ListItem","position":2,"name":"Aberta a submiss\u00e3o de trabalhos para o VI SEPOME"}]},{"@type":"WebSite","@id":"https:\/\/wp.ufpel.edu.br\/observatoriosocial\/#website","url":"https:\/\/wp.ufpel.edu.br\/observatoriosocial\/","name":"OBSERVAT\u00d3RIO SOCIAL DO TRABALHO","description":"Instituto de Filosofia, Sociologia e Pol\u00edtica (IFISP) \/ Universidade Federal de Pelotas (UFPel)","potentialAction":[{"@type":"SearchAction","target":{"@type":"EntryPoint","urlTemplate":"https:\/\/wp.ufpel.edu.br\/observatoriosocial\/?s={search_term_string}"},"query-input":{"@type":"PropertyValueSpecification","valueRequired":true,"valueName":"search_term_string"}}],"inLanguage":"pt-BR"},{"@type":"Person","@id":"https:\/\/wp.ufpel.edu.br\/observatoriosocial\/#\/schema\/person\/9425088627ff1b0cc43a06d70b5b5c26","name":"Observat\u00f3rio Social do Trabalho","image":{"@type":"ImageObject","inLanguage":"pt-BR","@id":"https:\/\/wp.ufpel.edu.br\/observatoriosocial\/#\/schema\/person\/image\/","url":"https:\/\/secure.gravatar.com\/avatar\/d43e98fadb1b76f269caefc4932bb6eeeaded52590245fa81afad058769bb288?s=96&d=mm&r=g","contentUrl":"https:\/\/secure.gravatar.com\/avatar\/d43e98fadb1b76f269caefc4932bb6eeeaded52590245fa81afad058769bb288?s=96&d=mm&r=g","caption":"Observat\u00f3rio Social do Trabalho"},"url":"https:\/\/wp.ufpel.edu.br\/observatoriosocial\/author\/observatoriosocial\/"}]}},"jetpack_featured_media_url":"https:\/\/wp.ufpel.edu.br\/observatoriosocial\/files\/2013\/01\/Foto-01-Zona-Sul-do-Estado-do-Rio-Grande-do-Sul.jpg","_links":{"self":[{"href":"https:\/\/wp.ufpel.edu.br\/observatoriosocial\/wp-json\/wp\/v2\/posts\/1627","targetHints":{"allow":["GET"]}}],"collection":[{"href":"https:\/\/wp.ufpel.edu.br\/observatoriosocial\/wp-json\/wp\/v2\/posts"}],"about":[{"href":"https:\/\/wp.ufpel.edu.br\/observatoriosocial\/wp-json\/wp\/v2\/types\/post"}],"author":[{"embeddable":true,"href":"https:\/\/wp.ufpel.edu.br\/observatoriosocial\/wp-json\/wp\/v2\/users\/102"}],"replies":[{"embeddable":true,"href":"https:\/\/wp.ufpel.edu.br\/observatoriosocial\/wp-json\/wp\/v2\/comments?post=1627"}],"version-history":[{"count":7,"href":"https:\/\/wp.ufpel.edu.br\/observatoriosocial\/wp-json\/wp\/v2\/posts\/1627\/revisions"}],"predecessor-version":[{"id":1636,"href":"https:\/\/wp.ufpel.edu.br\/observatoriosocial\/wp-json\/wp\/v2\/posts\/1627\/revisions\/1636"}],"wp:featuredmedia":[{"embeddable":true,"href":"https:\/\/wp.ufpel.edu.br\/observatoriosocial\/wp-json\/wp\/v2\/media\/236"}],"wp:attachment":[{"href":"https:\/\/wp.ufpel.edu.br\/observatoriosocial\/wp-json\/wp\/v2\/media?parent=1627"}],"wp:term":[{"taxonomy":"category","embeddable":true,"href":"https:\/\/wp.ufpel.edu.br\/observatoriosocial\/wp-json\/wp\/v2\/categories?post=1627"},{"taxonomy":"post_tag","embeddable":true,"href":"https:\/\/wp.ufpel.edu.br\/observatoriosocial\/wp-json\/wp\/v2\/tags?post=1627"}],"curies":[{"name":"wp","href":"https:\/\/api.w.org\/{rel}","templated":true}]}}