{"id":1404,"date":"2017-05-24T14:36:31","date_gmt":"2017-05-24T17:36:31","guid":{"rendered":"https:\/\/wp.ufpel.edu.br\/observatoriosocial\/?p=1404"},"modified":"2017-06-29T16:23:55","modified_gmt":"2017-06-29T19:23:55","slug":"cresce-o-desemprego-no-rio-grande-do-sul","status":"publish","type":"post","link":"https:\/\/wp.ufpel.edu.br\/observatoriosocial\/2017\/05\/24\/cresce-o-desemprego-no-rio-grande-do-sul\/","title":{"rendered":"Cresce o desemprego no Rio Grande do Sul"},"content":{"rendered":"<p>Segundo os resultados trimestrais da Pesquisa Nacional por Amostras de Domic\u00edlios Cont\u00ednua, recentemente publicados pelo IBGE, referentes ao \u00faltimo trimestre fixo (janeiro-fevereiro-mar\u00e7o de 2017), foram contabilizados, no Rio Grande do Sul, 560 mil desocupados. Esse volume corresponde a uma taxa de desocupa\u00e7\u00e3o\u00a0de 9,1%.<\/p>\n<p>Portanto, houve um aumento da desocupa\u00e7\u00e3o em termos absolutos em rela\u00e7\u00e3o ao trimestre anterior (outubro-novembro-dezembro de 2016), quando foram registrados 502 mil desocupados (+58 mil desocupados). Nesse mesmo per\u00edodo, a taxa de desocupa\u00e7\u00e3o cresceu, em termos absolutos, 0,8 ponto percentual, uma vez que no trimestre anterior essa taxa era de 8,3%.<\/p>\n<p>Em compara\u00e7\u00e3o com o mesmo trimestre do ano anterior (janeiro-fevereiro-mar\u00e7o de 2016), observa-se que houve um forte aumento da popula\u00e7\u00e3o desocupada, de 23,08%, sendo contabilizados 105 mil desocupados a mais. Naquele trimestre m\u00f3vel de 2016, haviam 455 mil pessoas desocupadas. A taxa de desocupa\u00e7\u00e3o, que era de 7,5%, cresceu, em termos absolutos, 1,6 pontos percentuais.<\/p>\n<p><a href=\"#_ftnref1\" name=\"_ftn1\"><\/a><\/p>\n<p>Clique no link abaixo para ler o boletim completo:<\/p>\n<p><a href=\"https:\/\/wp.ufpel.edu.br\/observatoriosocial\/files\/2017\/05\/A-Evolucao-do-Desemprego-no-RIO-GRANDE-DO-SUL-PNADC-Jan-Fev-Mar-2017-22.05.pdf\">A Evolucao do Desemprego no RIO GRANDE DO SUL PNADC Jan-Fev-Mar 2017<\/a><\/p>\n<p>&nbsp;<\/p>\n","protected":false},"excerpt":{"rendered":"<p>Segundo os resultados trimestrais da Pesquisa Nacional por Amostras de Domic\u00edlios Cont\u00ednua, recentemente publicados pelo IBGE, referentes ao \u00faltimo trimestre fixo (janeiro-fevereiro-mar\u00e7o de 2017), foram contabilizados, no Rio Grande do Sul, 560 mil desocupados. Esse volume corresponde a uma taxa de desocupa\u00e7\u00e3o\u00a0de 9,1%. Portanto, houve um aumento da desocupa\u00e7\u00e3o em termos absolutos em rela\u00e7\u00e3o ao [&hellip;]<\/p>\n","protected":false},"author":102,"featured_media":1460,"comment_status":"closed","ping_status":"closed","sticky":false,"template":"","format":"standard","meta":{"footnotes":""},"categories":[4],"tags":[36466,36477,36469,36476],"class_list":["post-1404","post","type-post","status-publish","format-standard","has-post-thumbnail","hentry","category-noticias","tag-desemprego","tag-indicadores-de-desemprego","tag-mercado-de-trabalho","tag-mercado-de-trabalho-no-rio-grande-do-sul"],"yoast_head":"<!-- This site is optimized with the Yoast SEO plugin v26.7 - https:\/\/yoast.com\/wordpress\/plugins\/seo\/ -->\n<title>Cresce o desemprego no Rio Grande do Sul &#8226; OBSERVAT\u00d3RIO SOCIAL DO TRABALHO<\/title>\n<meta name=\"robots\" content=\"index, follow, max-snippet:-1, max-image-preview:large, max-video-preview:-1\" \/>\n<link rel=\"canonical\" href=\"https:\/\/wp.ufpel.edu.br\/observatoriosocial\/2017\/05\/24\/cresce-o-desemprego-no-rio-grande-do-sul\/\" \/>\n<meta property=\"og:locale\" content=\"pt_BR\" \/>\n<meta property=\"og:type\" content=\"article\" \/>\n<meta property=\"og:title\" content=\"Cresce o desemprego no Rio Grande do Sul &#8226; OBSERVAT\u00d3RIO SOCIAL DO TRABALHO\" \/>\n<meta property=\"og:description\" content=\"Segundo os resultados trimestrais da Pesquisa Nacional por Amostras de Domic\u00edlios Cont\u00ednua, recentemente publicados pelo IBGE, referentes ao \u00faltimo trimestre fixo (janeiro-fevereiro-mar\u00e7o de 2017), foram contabilizados, no Rio Grande do Sul, 560 mil desocupados. Esse volume corresponde a uma taxa de desocupa\u00e7\u00e3o\u00a0de 9,1%. Portanto, houve um aumento da desocupa\u00e7\u00e3o em termos absolutos em rela\u00e7\u00e3o ao [&hellip;]\" \/>\n<meta property=\"og:url\" content=\"https:\/\/wp.ufpel.edu.br\/observatoriosocial\/2017\/05\/24\/cresce-o-desemprego-no-rio-grande-do-sul\/\" \/>\n<meta property=\"og:site_name\" content=\"OBSERVAT\u00d3RIO SOCIAL DO TRABALHO\" \/>\n<meta property=\"article:publisher\" content=\"https:\/\/www.facebook.com\/observatoriodaufpel\/\" \/>\n<meta property=\"article:published_time\" content=\"2017-05-24T17:36:31+00:00\" \/>\n<meta property=\"article:modified_time\" content=\"2017-06-29T19:23:55+00:00\" \/>\n<meta property=\"og:image\" content=\"https:\/\/i2.wp.com\/wp.ufpel.edu.br\/observatoriosocial\/files\/2017\/06\/Francisco-e-Hilbert-2.jpg?fit=1410%2C1006&ssl=1\" \/>\n\t<meta property=\"og:image:width\" content=\"1410\" \/>\n\t<meta property=\"og:image:height\" content=\"1006\" \/>\n\t<meta property=\"og:image:type\" content=\"image\/jpeg\" \/>\n<meta name=\"author\" content=\"Observat\u00f3rio Social do Trabalho\" \/>\n<meta name=\"twitter:card\" content=\"summary_large_image\" \/>\n<meta name=\"twitter:creator\" content=\"@ufpeltrabalho\" \/>\n<meta name=\"twitter:site\" content=\"@ufpeltrabalho\" \/>\n<meta name=\"twitter:label1\" content=\"Escrito por\" \/>\n\t<meta name=\"twitter:data1\" content=\"Observat\u00f3rio Social do Trabalho\" \/>\n\t<meta name=\"twitter:label2\" content=\"Est. tempo de leitura\" \/>\n\t<meta name=\"twitter:data2\" content=\"1 minuto\" \/>\n<script type=\"application\/ld+json\" class=\"yoast-schema-graph\">{\"@context\":\"https:\/\/schema.org\",\"@graph\":[{\"@type\":\"Article\",\"@id\":\"https:\/\/wp.ufpel.edu.br\/observatoriosocial\/2017\/05\/24\/cresce-o-desemprego-no-rio-grande-do-sul\/#article\",\"isPartOf\":{\"@id\":\"https:\/\/wp.ufpel.edu.br\/observatoriosocial\/2017\/05\/24\/cresce-o-desemprego-no-rio-grande-do-sul\/\"},\"author\":{\"name\":\"Observat\u00f3rio Social do Trabalho\",\"@id\":\"https:\/\/wp.ufpel.edu.br\/observatoriosocial\/#\/schema\/person\/9425088627ff1b0cc43a06d70b5b5c26\"},\"headline\":\"Cresce o desemprego no Rio Grande do Sul\",\"datePublished\":\"2017-05-24T17:36:31+00:00\",\"dateModified\":\"2017-06-29T19:23:55+00:00\",\"mainEntityOfPage\":{\"@id\":\"https:\/\/wp.ufpel.edu.br\/observatoriosocial\/2017\/05\/24\/cresce-o-desemprego-no-rio-grande-do-sul\/\"},\"wordCount\":177,\"image\":{\"@id\":\"https:\/\/wp.ufpel.edu.br\/observatoriosocial\/2017\/05\/24\/cresce-o-desemprego-no-rio-grande-do-sul\/#primaryimage\"},\"thumbnailUrl\":\"https:\/\/wp.ufpel.edu.br\/observatoriosocial\/files\/2017\/06\/Francisco-e-Hilbert-2.jpg\",\"keywords\":[\"Desemprego\",\"indicadores de desemprego\",\"mercado de trabalho\",\"mercado de trabalho no Rio Grande do Sul\"],\"articleSection\":[\"Not\u00edcias\"],\"inLanguage\":\"pt-BR\"},{\"@type\":\"WebPage\",\"@id\":\"https:\/\/wp.ufpel.edu.br\/observatoriosocial\/2017\/05\/24\/cresce-o-desemprego-no-rio-grande-do-sul\/\",\"url\":\"https:\/\/wp.ufpel.edu.br\/observatoriosocial\/2017\/05\/24\/cresce-o-desemprego-no-rio-grande-do-sul\/\",\"name\":\"Cresce o desemprego no Rio Grande do Sul &#8226; OBSERVAT\u00d3RIO SOCIAL DO TRABALHO\",\"isPartOf\":{\"@id\":\"https:\/\/wp.ufpel.edu.br\/observatoriosocial\/#website\"},\"primaryImageOfPage\":{\"@id\":\"https:\/\/wp.ufpel.edu.br\/observatoriosocial\/2017\/05\/24\/cresce-o-desemprego-no-rio-grande-do-sul\/#primaryimage\"},\"image\":{\"@id\":\"https:\/\/wp.ufpel.edu.br\/observatoriosocial\/2017\/05\/24\/cresce-o-desemprego-no-rio-grande-do-sul\/#primaryimage\"},\"thumbnailUrl\":\"https:\/\/wp.ufpel.edu.br\/observatoriosocial\/files\/2017\/06\/Francisco-e-Hilbert-2.jpg\",\"datePublished\":\"2017-05-24T17:36:31+00:00\",\"dateModified\":\"2017-06-29T19:23:55+00:00\",\"author\":{\"@id\":\"https:\/\/wp.ufpel.edu.br\/observatoriosocial\/#\/schema\/person\/9425088627ff1b0cc43a06d70b5b5c26\"},\"breadcrumb\":{\"@id\":\"https:\/\/wp.ufpel.edu.br\/observatoriosocial\/2017\/05\/24\/cresce-o-desemprego-no-rio-grande-do-sul\/#breadcrumb\"},\"inLanguage\":\"pt-BR\",\"potentialAction\":[{\"@type\":\"ReadAction\",\"target\":[\"https:\/\/wp.ufpel.edu.br\/observatoriosocial\/2017\/05\/24\/cresce-o-desemprego-no-rio-grande-do-sul\/\"]}]},{\"@type\":\"ImageObject\",\"inLanguage\":\"pt-BR\",\"@id\":\"https:\/\/wp.ufpel.edu.br\/observatoriosocial\/2017\/05\/24\/cresce-o-desemprego-no-rio-grande-do-sul\/#primaryimage\",\"url\":\"https:\/\/wp.ufpel.edu.br\/observatoriosocial\/files\/2017\/06\/Francisco-e-Hilbert-2.jpg\",\"contentUrl\":\"https:\/\/wp.ufpel.edu.br\/observatoriosocial\/files\/2017\/06\/Francisco-e-Hilbert-2.jpg\",\"width\":1410,\"height\":1006},{\"@type\":\"BreadcrumbList\",\"@id\":\"https:\/\/wp.ufpel.edu.br\/observatoriosocial\/2017\/05\/24\/cresce-o-desemprego-no-rio-grande-do-sul\/#breadcrumb\",\"itemListElement\":[{\"@type\":\"ListItem\",\"position\":1,\"name\":\"In\u00edcio\",\"item\":\"https:\/\/wp.ufpel.edu.br\/observatoriosocial\/\"},{\"@type\":\"ListItem\",\"position\":2,\"name\":\"Cresce o desemprego no Rio Grande do Sul\"}]},{\"@type\":\"WebSite\",\"@id\":\"https:\/\/wp.ufpel.edu.br\/observatoriosocial\/#website\",\"url\":\"https:\/\/wp.ufpel.edu.br\/observatoriosocial\/\",\"name\":\"OBSERVAT\u00d3RIO SOCIAL DO TRABALHO\",\"description\":\"Instituto de Filosofia, Sociologia e Pol\u00edtica (IFISP) \/ Universidade Federal de Pelotas (UFPel)\",\"potentialAction\":[{\"@type\":\"SearchAction\",\"target\":{\"@type\":\"EntryPoint\",\"urlTemplate\":\"https:\/\/wp.ufpel.edu.br\/observatoriosocial\/?s={search_term_string}\"},\"query-input\":{\"@type\":\"PropertyValueSpecification\",\"valueRequired\":true,\"valueName\":\"search_term_string\"}}],\"inLanguage\":\"pt-BR\"},{\"@type\":\"Person\",\"@id\":\"https:\/\/wp.ufpel.edu.br\/observatoriosocial\/#\/schema\/person\/9425088627ff1b0cc43a06d70b5b5c26\",\"name\":\"Observat\u00f3rio Social do Trabalho\",\"image\":{\"@type\":\"ImageObject\",\"inLanguage\":\"pt-BR\",\"@id\":\"https:\/\/wp.ufpel.edu.br\/observatoriosocial\/#\/schema\/person\/image\/\",\"url\":\"https:\/\/secure.gravatar.com\/avatar\/d43e98fadb1b76f269caefc4932bb6eeeaded52590245fa81afad058769bb288?s=96&d=mm&r=g\",\"contentUrl\":\"https:\/\/secure.gravatar.com\/avatar\/d43e98fadb1b76f269caefc4932bb6eeeaded52590245fa81afad058769bb288?s=96&d=mm&r=g\",\"caption\":\"Observat\u00f3rio Social do Trabalho\"},\"url\":\"https:\/\/wp.ufpel.edu.br\/observatoriosocial\/author\/observatoriosocial\/\"}]}<\/script>\n<!-- \/ Yoast SEO plugin. -->","yoast_head_json":{"title":"Cresce o desemprego no Rio Grande do Sul &#8226; OBSERVAT\u00d3RIO SOCIAL DO TRABALHO","robots":{"index":"index","follow":"follow","max-snippet":"max-snippet:-1","max-image-preview":"max-image-preview:large","max-video-preview":"max-video-preview:-1"},"canonical":"https:\/\/wp.ufpel.edu.br\/observatoriosocial\/2017\/05\/24\/cresce-o-desemprego-no-rio-grande-do-sul\/","og_locale":"pt_BR","og_type":"article","og_title":"Cresce o desemprego no Rio Grande do Sul &#8226; OBSERVAT\u00d3RIO SOCIAL DO TRABALHO","og_description":"Segundo os resultados trimestrais da Pesquisa Nacional por Amostras de Domic\u00edlios Cont\u00ednua, recentemente publicados pelo IBGE, referentes ao \u00faltimo trimestre fixo (janeiro-fevereiro-mar\u00e7o de 2017), foram contabilizados, no Rio Grande do Sul, 560 mil desocupados. Esse volume corresponde a uma taxa de desocupa\u00e7\u00e3o\u00a0de 9,1%. Portanto, houve um aumento da desocupa\u00e7\u00e3o em termos absolutos em rela\u00e7\u00e3o ao [&hellip;]","og_url":"https:\/\/wp.ufpel.edu.br\/observatoriosocial\/2017\/05\/24\/cresce-o-desemprego-no-rio-grande-do-sul\/","og_site_name":"OBSERVAT\u00d3RIO SOCIAL DO TRABALHO","article_publisher":"https:\/\/www.facebook.com\/observatoriodaufpel\/","article_published_time":"2017-05-24T17:36:31+00:00","article_modified_time":"2017-06-29T19:23:55+00:00","og_image":[{"width":1410,"height":1006,"url":"https:\/\/i2.wp.com\/wp.ufpel.edu.br\/observatoriosocial\/files\/2017\/06\/Francisco-e-Hilbert-2.jpg?fit=1410%2C1006&ssl=1","type":"image\/jpeg"}],"author":"Observat\u00f3rio Social do Trabalho","twitter_card":"summary_large_image","twitter_creator":"@ufpeltrabalho","twitter_site":"@ufpeltrabalho","twitter_misc":{"Escrito por":"Observat\u00f3rio Social do Trabalho","Est. tempo de leitura":"1 minuto"},"schema":{"@context":"https:\/\/schema.org","@graph":[{"@type":"Article","@id":"https:\/\/wp.ufpel.edu.br\/observatoriosocial\/2017\/05\/24\/cresce-o-desemprego-no-rio-grande-do-sul\/#article","isPartOf":{"@id":"https:\/\/wp.ufpel.edu.br\/observatoriosocial\/2017\/05\/24\/cresce-o-desemprego-no-rio-grande-do-sul\/"},"author":{"name":"Observat\u00f3rio Social do Trabalho","@id":"https:\/\/wp.ufpel.edu.br\/observatoriosocial\/#\/schema\/person\/9425088627ff1b0cc43a06d70b5b5c26"},"headline":"Cresce o desemprego no Rio Grande do Sul","datePublished":"2017-05-24T17:36:31+00:00","dateModified":"2017-06-29T19:23:55+00:00","mainEntityOfPage":{"@id":"https:\/\/wp.ufpel.edu.br\/observatoriosocial\/2017\/05\/24\/cresce-o-desemprego-no-rio-grande-do-sul\/"},"wordCount":177,"image":{"@id":"https:\/\/wp.ufpel.edu.br\/observatoriosocial\/2017\/05\/24\/cresce-o-desemprego-no-rio-grande-do-sul\/#primaryimage"},"thumbnailUrl":"https:\/\/wp.ufpel.edu.br\/observatoriosocial\/files\/2017\/06\/Francisco-e-Hilbert-2.jpg","keywords":["Desemprego","indicadores de desemprego","mercado de trabalho","mercado de trabalho no Rio Grande do Sul"],"articleSection":["Not\u00edcias"],"inLanguage":"pt-BR"},{"@type":"WebPage","@id":"https:\/\/wp.ufpel.edu.br\/observatoriosocial\/2017\/05\/24\/cresce-o-desemprego-no-rio-grande-do-sul\/","url":"https:\/\/wp.ufpel.edu.br\/observatoriosocial\/2017\/05\/24\/cresce-o-desemprego-no-rio-grande-do-sul\/","name":"Cresce o desemprego no Rio Grande do Sul &#8226; OBSERVAT\u00d3RIO SOCIAL DO TRABALHO","isPartOf":{"@id":"https:\/\/wp.ufpel.edu.br\/observatoriosocial\/#website"},"primaryImageOfPage":{"@id":"https:\/\/wp.ufpel.edu.br\/observatoriosocial\/2017\/05\/24\/cresce-o-desemprego-no-rio-grande-do-sul\/#primaryimage"},"image":{"@id":"https:\/\/wp.ufpel.edu.br\/observatoriosocial\/2017\/05\/24\/cresce-o-desemprego-no-rio-grande-do-sul\/#primaryimage"},"thumbnailUrl":"https:\/\/wp.ufpel.edu.br\/observatoriosocial\/files\/2017\/06\/Francisco-e-Hilbert-2.jpg","datePublished":"2017-05-24T17:36:31+00:00","dateModified":"2017-06-29T19:23:55+00:00","author":{"@id":"https:\/\/wp.ufpel.edu.br\/observatoriosocial\/#\/schema\/person\/9425088627ff1b0cc43a06d70b5b5c26"},"breadcrumb":{"@id":"https:\/\/wp.ufpel.edu.br\/observatoriosocial\/2017\/05\/24\/cresce-o-desemprego-no-rio-grande-do-sul\/#breadcrumb"},"inLanguage":"pt-BR","potentialAction":[{"@type":"ReadAction","target":["https:\/\/wp.ufpel.edu.br\/observatoriosocial\/2017\/05\/24\/cresce-o-desemprego-no-rio-grande-do-sul\/"]}]},{"@type":"ImageObject","inLanguage":"pt-BR","@id":"https:\/\/wp.ufpel.edu.br\/observatoriosocial\/2017\/05\/24\/cresce-o-desemprego-no-rio-grande-do-sul\/#primaryimage","url":"https:\/\/wp.ufpel.edu.br\/observatoriosocial\/files\/2017\/06\/Francisco-e-Hilbert-2.jpg","contentUrl":"https:\/\/wp.ufpel.edu.br\/observatoriosocial\/files\/2017\/06\/Francisco-e-Hilbert-2.jpg","width":1410,"height":1006},{"@type":"BreadcrumbList","@id":"https:\/\/wp.ufpel.edu.br\/observatoriosocial\/2017\/05\/24\/cresce-o-desemprego-no-rio-grande-do-sul\/#breadcrumb","itemListElement":[{"@type":"ListItem","position":1,"name":"In\u00edcio","item":"https:\/\/wp.ufpel.edu.br\/observatoriosocial\/"},{"@type":"ListItem","position":2,"name":"Cresce o desemprego no Rio Grande do Sul"}]},{"@type":"WebSite","@id":"https:\/\/wp.ufpel.edu.br\/observatoriosocial\/#website","url":"https:\/\/wp.ufpel.edu.br\/observatoriosocial\/","name":"OBSERVAT\u00d3RIO SOCIAL DO TRABALHO","description":"Instituto de Filosofia, Sociologia e Pol\u00edtica (IFISP) \/ Universidade Federal de Pelotas (UFPel)","potentialAction":[{"@type":"SearchAction","target":{"@type":"EntryPoint","urlTemplate":"https:\/\/wp.ufpel.edu.br\/observatoriosocial\/?s={search_term_string}"},"query-input":{"@type":"PropertyValueSpecification","valueRequired":true,"valueName":"search_term_string"}}],"inLanguage":"pt-BR"},{"@type":"Person","@id":"https:\/\/wp.ufpel.edu.br\/observatoriosocial\/#\/schema\/person\/9425088627ff1b0cc43a06d70b5b5c26","name":"Observat\u00f3rio Social do Trabalho","image":{"@type":"ImageObject","inLanguage":"pt-BR","@id":"https:\/\/wp.ufpel.edu.br\/observatoriosocial\/#\/schema\/person\/image\/","url":"https:\/\/secure.gravatar.com\/avatar\/d43e98fadb1b76f269caefc4932bb6eeeaded52590245fa81afad058769bb288?s=96&d=mm&r=g","contentUrl":"https:\/\/secure.gravatar.com\/avatar\/d43e98fadb1b76f269caefc4932bb6eeeaded52590245fa81afad058769bb288?s=96&d=mm&r=g","caption":"Observat\u00f3rio Social do Trabalho"},"url":"https:\/\/wp.ufpel.edu.br\/observatoriosocial\/author\/observatoriosocial\/"}]}},"jetpack_featured_media_url":"https:\/\/wp.ufpel.edu.br\/observatoriosocial\/files\/2017\/06\/Francisco-e-Hilbert-2.jpg","_links":{"self":[{"href":"https:\/\/wp.ufpel.edu.br\/observatoriosocial\/wp-json\/wp\/v2\/posts\/1404","targetHints":{"allow":["GET"]}}],"collection":[{"href":"https:\/\/wp.ufpel.edu.br\/observatoriosocial\/wp-json\/wp\/v2\/posts"}],"about":[{"href":"https:\/\/wp.ufpel.edu.br\/observatoriosocial\/wp-json\/wp\/v2\/types\/post"}],"author":[{"embeddable":true,"href":"https:\/\/wp.ufpel.edu.br\/observatoriosocial\/wp-json\/wp\/v2\/users\/102"}],"replies":[{"embeddable":true,"href":"https:\/\/wp.ufpel.edu.br\/observatoriosocial\/wp-json\/wp\/v2\/comments?post=1404"}],"version-history":[{"count":2,"href":"https:\/\/wp.ufpel.edu.br\/observatoriosocial\/wp-json\/wp\/v2\/posts\/1404\/revisions"}],"predecessor-version":[{"id":1409,"href":"https:\/\/wp.ufpel.edu.br\/observatoriosocial\/wp-json\/wp\/v2\/posts\/1404\/revisions\/1409"}],"wp:featuredmedia":[{"embeddable":true,"href":"https:\/\/wp.ufpel.edu.br\/observatoriosocial\/wp-json\/wp\/v2\/media\/1460"}],"wp:attachment":[{"href":"https:\/\/wp.ufpel.edu.br\/observatoriosocial\/wp-json\/wp\/v2\/media?parent=1404"}],"wp:term":[{"taxonomy":"category","embeddable":true,"href":"https:\/\/wp.ufpel.edu.br\/observatoriosocial\/wp-json\/wp\/v2\/categories?post=1404"},{"taxonomy":"post_tag","embeddable":true,"href":"https:\/\/wp.ufpel.edu.br\/observatoriosocial\/wp-json\/wp\/v2\/tags?post=1404"}],"curies":[{"name":"wp","href":"https:\/\/api.w.org\/{rel}","templated":true}]}}