{"id":1186,"date":"2016-08-31T11:20:07","date_gmt":"2016-08-31T14:20:07","guid":{"rendered":"https:\/\/wp.ufpel.edu.br\/observatoriosocial\/?p=1186"},"modified":"2016-11-15T12:36:12","modified_gmt":"2016-11-15T14:36:12","slug":"balanco-do-emprego-formal-em-pelotas-e-rio-grande-julho-de-2016-e-acumulado-do-ano","status":"publish","type":"post","link":"https:\/\/wp.ufpel.edu.br\/observatoriosocial\/2016\/08\/31\/balanco-do-emprego-formal-em-pelotas-e-rio-grande-julho-de-2016-e-acumulado-do-ano\/","title":{"rendered":"Balan\u00e7o do emprego formal em Pelotas e Rio Grande: Julho de 2016"},"content":{"rendered":"<p><strong>O balan\u00e7o do emprego formal em julho de 2016<\/strong><\/p>\n<p>Segundo o Minist\u00e9rio do Trabalho, com base no Cadastro Geral de Empregados e Desempregados (CAGED), em julho de 2016, ocorreram em Pelotas 1.551 admiss\u00f5es e 2.016 desligamentos, o que resultou num saldo de -465 empregos formais celetistas. Observa-se, pois, uma taxa de varia\u00e7\u00e3o de -0,72% em rela\u00e7\u00e3o ao estoque de empregos do m\u00eas anterior.<!--more--><\/p>\n<p>Em Rio Grande, esse desempenho foi igualmente negativo no m\u00eas de julho. Ocorreram 1.087 admiss\u00f5es e 1.390 desligamentos no mercado local de trabalho. O saldo foi de -303 v\u00ednculos, o que corresponde a uma taxa de varia\u00e7\u00e3o de -0,65%.<\/p>\n<p>Esse desempenho negativo no m\u00eas de julho \u00e9 igualmente observado no conjunto do pa\u00eds e no estado do Rio Grande do Sul. No Brasil, o saldo da movimenta\u00e7\u00e3o de admiss\u00f5es e desligamentos foi de -94.724 empregos formais. No estado, foi de -12.166 v\u00ednculos. As taxas respectivas de varia\u00e7\u00e3o do estoque de empregos em rela\u00e7\u00e3o ao m\u00eas anterior foram de -0,24% e -0,47%. O desempenho do mercado formal de emprego foi, portanto, mais negativo em Pelotas e em Rio Grande do que as m\u00e9dias nacional e estadual.<\/p>\n<p><strong>\u00a0<\/strong><\/p>\n<p><strong>O balan\u00e7o do emprego formal no acumulado do ano<\/strong><\/p>\n<p>O balan\u00e7o do emprego formal celetista no acumulado do ano tamb\u00e9m \u00e9 negativo em todos os n\u00edveis geogr\u00e1ficos. Em Pelotas, o saldo de empregos de janeiro a julho foi de -1.975 v\u00ednculos, o que corresponde a uma taxa de varia\u00e7\u00e3o de -3,01%. Em Rio Grande, foram -357 v\u00ednculos, com uma taxa de varia\u00e7\u00e3o de -0,77%. Portanto, a perda de empregos formais no per\u00edodo, tanto em termos absolutos como relativos, \u00e9 mais acentuada em Pelotas que em Rio Grande.<\/p>\n<p>O desempenho negativo \u00e9 observado, ainda, no conjunto do pa\u00eds e no estado do Rio Grande do Sul. No pa\u00eds, o saldo no acumulado do ano foi de -623.520 empregos formais e no estado foi de -25.891, o que corresponde \u00e0s taxas de varia\u00e7\u00e3o do emprego de -1,57% e de -1,0%, respectivamente. O desempenho do mercado de trabalho formal de Pelotas foi pior que o do pa\u00eds e do estado. O desempenho do mercado de trabalho formal de Rio Grande, ao contr\u00e1rio, foi melhor.<\/p>\n<p>&nbsp;<\/p>\n<p><strong>O balan\u00e7o setorial do emprego em Pelotas<\/strong><\/p>\n<p>No m\u00eas de julho, os setores que mais contribu\u00edram para o saldo negativo do emprego formal foram a ind\u00fastria de transforma\u00e7\u00e3o (-169 v\u00ednculos), os servi\u00e7os industriais de utilidade p\u00fablica (-124 v\u00ednculos), o com\u00e9rcio (-80 v\u00ednculos) e os servi\u00e7os (-60 v\u00ednculos). De qualquer forma, observa-se que a perda de empregos formais foi generalizada nesse m\u00eas.<\/p>\n<p>No acumulado do ano, o com\u00e9rcio e a ind\u00fastria de transforma\u00e7\u00e3o lideram o ranking dos setores que mais perderam postos formais de trabalho, com saldos de -672 e -489 v\u00ednculos, respectivamente. O desempenho negativo tamb\u00e9m foi generalizado durante esse per\u00edodo, com perdas expressivas de empregos formais nos servi\u00e7os (-323), na constru\u00e7\u00e3o civil (-226), nos servi\u00e7os industriais de utilidade p\u00fablica (-164) e na agropecu\u00e1ria (-107).<\/p>\n<p><strong>\u00a0<\/strong><\/p>\n<p><strong>O balan\u00e7o setorial do emprego em Rio Grande<\/strong><\/p>\n<p>No m\u00eas de julho, os setores que mais contribu\u00edram para o saldo negativo do emprego formal no munic\u00edpio de Rio Grande foram a ind\u00fastria de transforma\u00e7\u00e3o (-177 v\u00ednculos) e o com\u00e9rcio (-88 v\u00ednculos), vindo a seguir a constru\u00e7\u00e3o civil (-19 v\u00ednculos) e os servi\u00e7os (-18 v\u00ednculos).<\/p>\n<p>No acumulado do ano, o setor que contribuiu decisivamente para o desempenho negativo do mercado formal de trabalho do munic\u00edpio foi o com\u00e9rcio, que apresentou um saldo de -631 v\u00ednculos formais. Nesse per\u00edodo de janeiro a julho, os desempenhos da ind\u00fastria de transforma\u00e7\u00e3o (261 v\u00ednculos) e dos servi\u00e7os (125 v\u00ednculos) foram positivos, apresentando mais admiss\u00f5es que desligamentos.<\/p>\n<p><strong>\u00a0<\/strong><\/p>\n<p><strong>Nota metodol\u00f3gica:<\/strong><\/p>\n<p>Os dados do CAGED referem-se apenas aos empregos formais celetistas registrados, declarados pelos estabelecimentos ao Minist\u00e9rio do Trabalho (MTb), estando exclu\u00eddos os empregos estatut\u00e1rios e os empregos e ocupa\u00e7\u00f5es informais. \u00c9 importante sublinhar, ainda, que estes dados est\u00e3o sujeitos a ajustes, tendo em vista as declara\u00e7\u00f5es realizadas fora do prazo regular.<\/p>\n<p><strong>Equipe do Observat\u00f3rio Social do Trabalho<\/strong><\/p>\n","protected":false},"excerpt":{"rendered":"<p>O balan\u00e7o do emprego formal em julho de 2016 Segundo o Minist\u00e9rio do Trabalho, com base no Cadastro Geral de Empregados e Desempregados (CAGED), em julho de 2016, ocorreram em Pelotas 1.551 admiss\u00f5es e 2.016 desligamentos, o que resultou num saldo de -465 empregos formais celetistas. Observa-se, pois, uma taxa de varia\u00e7\u00e3o de -0,72% em [&hellip;]<\/p>\n","protected":false},"author":102,"featured_media":0,"comment_status":"closed","ping_status":"closed","sticky":false,"template":"","format":"standard","meta":{"footnotes":""},"categories":[4],"tags":[],"class_list":["post-1186","post","type-post","status-publish","format-standard","hentry","category-noticias"],"yoast_head":"<!-- This site is optimized with the Yoast SEO plugin v26.7 - https:\/\/yoast.com\/wordpress\/plugins\/seo\/ -->\n<title>Balan\u00e7o do emprego formal em Pelotas e Rio Grande: Julho de 2016 &#8226; OBSERVAT\u00d3RIO SOCIAL DO TRABALHO<\/title>\n<meta name=\"robots\" content=\"index, follow, max-snippet:-1, max-image-preview:large, max-video-preview:-1\" \/>\n<link rel=\"canonical\" href=\"https:\/\/wp.ufpel.edu.br\/observatoriosocial\/2016\/08\/31\/balanco-do-emprego-formal-em-pelotas-e-rio-grande-julho-de-2016-e-acumulado-do-ano\/\" \/>\n<meta property=\"og:locale\" content=\"pt_BR\" \/>\n<meta property=\"og:type\" content=\"article\" \/>\n<meta property=\"og:title\" content=\"Balan\u00e7o do emprego formal em Pelotas e Rio Grande: Julho de 2016 &#8226; OBSERVAT\u00d3RIO SOCIAL DO TRABALHO\" \/>\n<meta property=\"og:description\" content=\"O balan\u00e7o do emprego formal em julho de 2016 Segundo o Minist\u00e9rio do Trabalho, com base no Cadastro Geral de Empregados e Desempregados (CAGED), em julho de 2016, ocorreram em Pelotas 1.551 admiss\u00f5es e 2.016 desligamentos, o que resultou num saldo de -465 empregos formais celetistas. Observa-se, pois, uma taxa de varia\u00e7\u00e3o de -0,72% em [&hellip;]\" \/>\n<meta property=\"og:url\" content=\"https:\/\/wp.ufpel.edu.br\/observatoriosocial\/2016\/08\/31\/balanco-do-emprego-formal-em-pelotas-e-rio-grande-julho-de-2016-e-acumulado-do-ano\/\" \/>\n<meta property=\"og:site_name\" content=\"OBSERVAT\u00d3RIO SOCIAL DO TRABALHO\" \/>\n<meta property=\"article:publisher\" content=\"https:\/\/www.facebook.com\/observatoriodaufpel\/\" \/>\n<meta property=\"article:published_time\" content=\"2016-08-31T14:20:07+00:00\" \/>\n<meta property=\"article:modified_time\" content=\"2016-11-15T14:36:12+00:00\" \/>\n<meta name=\"author\" content=\"Observat\u00f3rio Social do Trabalho\" \/>\n<meta name=\"twitter:card\" content=\"summary_large_image\" \/>\n<meta name=\"twitter:creator\" content=\"@ufpeltrabalho\" \/>\n<meta name=\"twitter:site\" content=\"@ufpeltrabalho\" \/>\n<meta name=\"twitter:label1\" content=\"Escrito por\" \/>\n\t<meta name=\"twitter:data1\" content=\"Observat\u00f3rio Social do Trabalho\" \/>\n\t<meta name=\"twitter:label2\" content=\"Est. tempo de leitura\" \/>\n\t<meta name=\"twitter:data2\" content=\"4 minutos\" \/>\n<script type=\"application\/ld+json\" class=\"yoast-schema-graph\">{\"@context\":\"https:\/\/schema.org\",\"@graph\":[{\"@type\":\"Article\",\"@id\":\"https:\/\/wp.ufpel.edu.br\/observatoriosocial\/2016\/08\/31\/balanco-do-emprego-formal-em-pelotas-e-rio-grande-julho-de-2016-e-acumulado-do-ano\/#article\",\"isPartOf\":{\"@id\":\"https:\/\/wp.ufpel.edu.br\/observatoriosocial\/2016\/08\/31\/balanco-do-emprego-formal-em-pelotas-e-rio-grande-julho-de-2016-e-acumulado-do-ano\/\"},\"author\":{\"name\":\"Observat\u00f3rio Social do Trabalho\",\"@id\":\"https:\/\/wp.ufpel.edu.br\/observatoriosocial\/#\/schema\/person\/9425088627ff1b0cc43a06d70b5b5c26\"},\"headline\":\"Balan\u00e7o do emprego formal em Pelotas e Rio Grande: Julho de 2016\",\"datePublished\":\"2016-08-31T14:20:07+00:00\",\"dateModified\":\"2016-11-15T14:36:12+00:00\",\"mainEntityOfPage\":{\"@id\":\"https:\/\/wp.ufpel.edu.br\/observatoriosocial\/2016\/08\/31\/balanco-do-emprego-formal-em-pelotas-e-rio-grande-julho-de-2016-e-acumulado-do-ano\/\"},\"wordCount\":744,\"articleSection\":[\"Not\u00edcias\"],\"inLanguage\":\"pt-BR\"},{\"@type\":\"WebPage\",\"@id\":\"https:\/\/wp.ufpel.edu.br\/observatoriosocial\/2016\/08\/31\/balanco-do-emprego-formal-em-pelotas-e-rio-grande-julho-de-2016-e-acumulado-do-ano\/\",\"url\":\"https:\/\/wp.ufpel.edu.br\/observatoriosocial\/2016\/08\/31\/balanco-do-emprego-formal-em-pelotas-e-rio-grande-julho-de-2016-e-acumulado-do-ano\/\",\"name\":\"Balan\u00e7o do emprego formal em Pelotas e Rio Grande: Julho de 2016 &#8226; OBSERVAT\u00d3RIO SOCIAL DO TRABALHO\",\"isPartOf\":{\"@id\":\"https:\/\/wp.ufpel.edu.br\/observatoriosocial\/#website\"},\"datePublished\":\"2016-08-31T14:20:07+00:00\",\"dateModified\":\"2016-11-15T14:36:12+00:00\",\"author\":{\"@id\":\"https:\/\/wp.ufpel.edu.br\/observatoriosocial\/#\/schema\/person\/9425088627ff1b0cc43a06d70b5b5c26\"},\"breadcrumb\":{\"@id\":\"https:\/\/wp.ufpel.edu.br\/observatoriosocial\/2016\/08\/31\/balanco-do-emprego-formal-em-pelotas-e-rio-grande-julho-de-2016-e-acumulado-do-ano\/#breadcrumb\"},\"inLanguage\":\"pt-BR\",\"potentialAction\":[{\"@type\":\"ReadAction\",\"target\":[\"https:\/\/wp.ufpel.edu.br\/observatoriosocial\/2016\/08\/31\/balanco-do-emprego-formal-em-pelotas-e-rio-grande-julho-de-2016-e-acumulado-do-ano\/\"]}]},{\"@type\":\"BreadcrumbList\",\"@id\":\"https:\/\/wp.ufpel.edu.br\/observatoriosocial\/2016\/08\/31\/balanco-do-emprego-formal-em-pelotas-e-rio-grande-julho-de-2016-e-acumulado-do-ano\/#breadcrumb\",\"itemListElement\":[{\"@type\":\"ListItem\",\"position\":1,\"name\":\"In\u00edcio\",\"item\":\"https:\/\/wp.ufpel.edu.br\/observatoriosocial\/\"},{\"@type\":\"ListItem\",\"position\":2,\"name\":\"Balan\u00e7o do emprego formal em Pelotas e Rio Grande: Julho de 2016\"}]},{\"@type\":\"WebSite\",\"@id\":\"https:\/\/wp.ufpel.edu.br\/observatoriosocial\/#website\",\"url\":\"https:\/\/wp.ufpel.edu.br\/observatoriosocial\/\",\"name\":\"OBSERVAT\u00d3RIO SOCIAL DO TRABALHO\",\"description\":\"Instituto de Filosofia, Sociologia e Pol\u00edtica (IFISP) \/ Universidade Federal de Pelotas (UFPel)\",\"potentialAction\":[{\"@type\":\"SearchAction\",\"target\":{\"@type\":\"EntryPoint\",\"urlTemplate\":\"https:\/\/wp.ufpel.edu.br\/observatoriosocial\/?s={search_term_string}\"},\"query-input\":{\"@type\":\"PropertyValueSpecification\",\"valueRequired\":true,\"valueName\":\"search_term_string\"}}],\"inLanguage\":\"pt-BR\"},{\"@type\":\"Person\",\"@id\":\"https:\/\/wp.ufpel.edu.br\/observatoriosocial\/#\/schema\/person\/9425088627ff1b0cc43a06d70b5b5c26\",\"name\":\"Observat\u00f3rio Social do Trabalho\",\"image\":{\"@type\":\"ImageObject\",\"inLanguage\":\"pt-BR\",\"@id\":\"https:\/\/wp.ufpel.edu.br\/observatoriosocial\/#\/schema\/person\/image\/\",\"url\":\"https:\/\/secure.gravatar.com\/avatar\/d43e98fadb1b76f269caefc4932bb6eeeaded52590245fa81afad058769bb288?s=96&d=mm&r=g\",\"contentUrl\":\"https:\/\/secure.gravatar.com\/avatar\/d43e98fadb1b76f269caefc4932bb6eeeaded52590245fa81afad058769bb288?s=96&d=mm&r=g\",\"caption\":\"Observat\u00f3rio Social do Trabalho\"},\"url\":\"https:\/\/wp.ufpel.edu.br\/observatoriosocial\/author\/observatoriosocial\/\"}]}<\/script>\n<!-- \/ Yoast SEO plugin. -->","yoast_head_json":{"title":"Balan\u00e7o do emprego formal em Pelotas e Rio Grande: Julho de 2016 &#8226; OBSERVAT\u00d3RIO SOCIAL DO TRABALHO","robots":{"index":"index","follow":"follow","max-snippet":"max-snippet:-1","max-image-preview":"max-image-preview:large","max-video-preview":"max-video-preview:-1"},"canonical":"https:\/\/wp.ufpel.edu.br\/observatoriosocial\/2016\/08\/31\/balanco-do-emprego-formal-em-pelotas-e-rio-grande-julho-de-2016-e-acumulado-do-ano\/","og_locale":"pt_BR","og_type":"article","og_title":"Balan\u00e7o do emprego formal em Pelotas e Rio Grande: Julho de 2016 &#8226; OBSERVAT\u00d3RIO SOCIAL DO TRABALHO","og_description":"O balan\u00e7o do emprego formal em julho de 2016 Segundo o Minist\u00e9rio do Trabalho, com base no Cadastro Geral de Empregados e Desempregados (CAGED), em julho de 2016, ocorreram em Pelotas 1.551 admiss\u00f5es e 2.016 desligamentos, o que resultou num saldo de -465 empregos formais celetistas. Observa-se, pois, uma taxa de varia\u00e7\u00e3o de -0,72% em [&hellip;]","og_url":"https:\/\/wp.ufpel.edu.br\/observatoriosocial\/2016\/08\/31\/balanco-do-emprego-formal-em-pelotas-e-rio-grande-julho-de-2016-e-acumulado-do-ano\/","og_site_name":"OBSERVAT\u00d3RIO SOCIAL DO TRABALHO","article_publisher":"https:\/\/www.facebook.com\/observatoriodaufpel\/","article_published_time":"2016-08-31T14:20:07+00:00","article_modified_time":"2016-11-15T14:36:12+00:00","author":"Observat\u00f3rio Social do Trabalho","twitter_card":"summary_large_image","twitter_creator":"@ufpeltrabalho","twitter_site":"@ufpeltrabalho","twitter_misc":{"Escrito por":"Observat\u00f3rio Social do Trabalho","Est. tempo de leitura":"4 minutos"},"schema":{"@context":"https:\/\/schema.org","@graph":[{"@type":"Article","@id":"https:\/\/wp.ufpel.edu.br\/observatoriosocial\/2016\/08\/31\/balanco-do-emprego-formal-em-pelotas-e-rio-grande-julho-de-2016-e-acumulado-do-ano\/#article","isPartOf":{"@id":"https:\/\/wp.ufpel.edu.br\/observatoriosocial\/2016\/08\/31\/balanco-do-emprego-formal-em-pelotas-e-rio-grande-julho-de-2016-e-acumulado-do-ano\/"},"author":{"name":"Observat\u00f3rio Social do Trabalho","@id":"https:\/\/wp.ufpel.edu.br\/observatoriosocial\/#\/schema\/person\/9425088627ff1b0cc43a06d70b5b5c26"},"headline":"Balan\u00e7o do emprego formal em Pelotas e Rio Grande: Julho de 2016","datePublished":"2016-08-31T14:20:07+00:00","dateModified":"2016-11-15T14:36:12+00:00","mainEntityOfPage":{"@id":"https:\/\/wp.ufpel.edu.br\/observatoriosocial\/2016\/08\/31\/balanco-do-emprego-formal-em-pelotas-e-rio-grande-julho-de-2016-e-acumulado-do-ano\/"},"wordCount":744,"articleSection":["Not\u00edcias"],"inLanguage":"pt-BR"},{"@type":"WebPage","@id":"https:\/\/wp.ufpel.edu.br\/observatoriosocial\/2016\/08\/31\/balanco-do-emprego-formal-em-pelotas-e-rio-grande-julho-de-2016-e-acumulado-do-ano\/","url":"https:\/\/wp.ufpel.edu.br\/observatoriosocial\/2016\/08\/31\/balanco-do-emprego-formal-em-pelotas-e-rio-grande-julho-de-2016-e-acumulado-do-ano\/","name":"Balan\u00e7o do emprego formal em Pelotas e Rio Grande: Julho de 2016 &#8226; OBSERVAT\u00d3RIO SOCIAL DO TRABALHO","isPartOf":{"@id":"https:\/\/wp.ufpel.edu.br\/observatoriosocial\/#website"},"datePublished":"2016-08-31T14:20:07+00:00","dateModified":"2016-11-15T14:36:12+00:00","author":{"@id":"https:\/\/wp.ufpel.edu.br\/observatoriosocial\/#\/schema\/person\/9425088627ff1b0cc43a06d70b5b5c26"},"breadcrumb":{"@id":"https:\/\/wp.ufpel.edu.br\/observatoriosocial\/2016\/08\/31\/balanco-do-emprego-formal-em-pelotas-e-rio-grande-julho-de-2016-e-acumulado-do-ano\/#breadcrumb"},"inLanguage":"pt-BR","potentialAction":[{"@type":"ReadAction","target":["https:\/\/wp.ufpel.edu.br\/observatoriosocial\/2016\/08\/31\/balanco-do-emprego-formal-em-pelotas-e-rio-grande-julho-de-2016-e-acumulado-do-ano\/"]}]},{"@type":"BreadcrumbList","@id":"https:\/\/wp.ufpel.edu.br\/observatoriosocial\/2016\/08\/31\/balanco-do-emprego-formal-em-pelotas-e-rio-grande-julho-de-2016-e-acumulado-do-ano\/#breadcrumb","itemListElement":[{"@type":"ListItem","position":1,"name":"In\u00edcio","item":"https:\/\/wp.ufpel.edu.br\/observatoriosocial\/"},{"@type":"ListItem","position":2,"name":"Balan\u00e7o do emprego formal em Pelotas e Rio Grande: Julho de 2016"}]},{"@type":"WebSite","@id":"https:\/\/wp.ufpel.edu.br\/observatoriosocial\/#website","url":"https:\/\/wp.ufpel.edu.br\/observatoriosocial\/","name":"OBSERVAT\u00d3RIO SOCIAL DO TRABALHO","description":"Instituto de Filosofia, Sociologia e Pol\u00edtica (IFISP) \/ Universidade Federal de Pelotas (UFPel)","potentialAction":[{"@type":"SearchAction","target":{"@type":"EntryPoint","urlTemplate":"https:\/\/wp.ufpel.edu.br\/observatoriosocial\/?s={search_term_string}"},"query-input":{"@type":"PropertyValueSpecification","valueRequired":true,"valueName":"search_term_string"}}],"inLanguage":"pt-BR"},{"@type":"Person","@id":"https:\/\/wp.ufpel.edu.br\/observatoriosocial\/#\/schema\/person\/9425088627ff1b0cc43a06d70b5b5c26","name":"Observat\u00f3rio Social do Trabalho","image":{"@type":"ImageObject","inLanguage":"pt-BR","@id":"https:\/\/wp.ufpel.edu.br\/observatoriosocial\/#\/schema\/person\/image\/","url":"https:\/\/secure.gravatar.com\/avatar\/d43e98fadb1b76f269caefc4932bb6eeeaded52590245fa81afad058769bb288?s=96&d=mm&r=g","contentUrl":"https:\/\/secure.gravatar.com\/avatar\/d43e98fadb1b76f269caefc4932bb6eeeaded52590245fa81afad058769bb288?s=96&d=mm&r=g","caption":"Observat\u00f3rio Social do Trabalho"},"url":"https:\/\/wp.ufpel.edu.br\/observatoriosocial\/author\/observatoriosocial\/"}]}},"jetpack_featured_media_url":"","_links":{"self":[{"href":"https:\/\/wp.ufpel.edu.br\/observatoriosocial\/wp-json\/wp\/v2\/posts\/1186","targetHints":{"allow":["GET"]}}],"collection":[{"href":"https:\/\/wp.ufpel.edu.br\/observatoriosocial\/wp-json\/wp\/v2\/posts"}],"about":[{"href":"https:\/\/wp.ufpel.edu.br\/observatoriosocial\/wp-json\/wp\/v2\/types\/post"}],"author":[{"embeddable":true,"href":"https:\/\/wp.ufpel.edu.br\/observatoriosocial\/wp-json\/wp\/v2\/users\/102"}],"replies":[{"embeddable":true,"href":"https:\/\/wp.ufpel.edu.br\/observatoriosocial\/wp-json\/wp\/v2\/comments?post=1186"}],"version-history":[{"count":7,"href":"https:\/\/wp.ufpel.edu.br\/observatoriosocial\/wp-json\/wp\/v2\/posts\/1186\/revisions"}],"predecessor-version":[{"id":1264,"href":"https:\/\/wp.ufpel.edu.br\/observatoriosocial\/wp-json\/wp\/v2\/posts\/1186\/revisions\/1264"}],"wp:attachment":[{"href":"https:\/\/wp.ufpel.edu.br\/observatoriosocial\/wp-json\/wp\/v2\/media?parent=1186"}],"wp:term":[{"taxonomy":"category","embeddable":true,"href":"https:\/\/wp.ufpel.edu.br\/observatoriosocial\/wp-json\/wp\/v2\/categories?post=1186"},{"taxonomy":"post_tag","embeddable":true,"href":"https:\/\/wp.ufpel.edu.br\/observatoriosocial\/wp-json\/wp\/v2\/tags?post=1186"}],"curies":[{"name":"wp","href":"https:\/\/api.w.org\/{rel}","templated":true}]}}