{"id":303,"date":"2020-11-13T19:14:14","date_gmt":"2020-11-13T22:14:14","guid":{"rendered":"https:\/\/wp.ufpel.edu.br\/observasul\/?p=303"},"modified":"2024-04-07T19:34:13","modified_gmt":"2024-04-07T22:34:13","slug":"biden-eleito-o-que-esperar","status":"publish","type":"post","link":"https:\/\/wp.ufpel.edu.br\/observasul\/2020\/11\/13\/biden-eleito-o-que-esperar\/","title":{"rendered":"Palestra: Biden presidente eleito nos EUA: o que esperar?"},"content":{"rendered":"<div id=\"pl-303\" class=\"panel-layout\">\n<div id=\"pg-303-0\" class=\"panel-grid panel-no-style\">\n<div id=\"pgc-303-0-0\" class=\"panel-grid-cell\" data-weight=\"1\">\n<div id=\"panel-303-0-0-0\" class=\"so-panel widget widget_sow-editor panel-first-child\" data-index=\"0\">\n<div class=\"so-widget-sow-editor so-widget-sow-editor-base\">\n<div class=\"siteorigin-widget-tinymce textwidget\">\n<p>Palestrante: Prof. Dr. Lucas Leite<br \/>\nTema: Biden presidente eleito nos EUA: o que esperar?<br \/>\nData: 13\/11\/2020<\/p>\n<p>Palestra realizada pelo projeto \u201cPara al\u00e9m das Fronteiras: Videoconfer\u00eancias em RI\u201d, uma iniciativa do Grupo de Pesquisa Economia Pol\u00edtica e Desenvolvimento Internacional ligado ao curso de gradua\u00e7\u00e3o em Rela\u00e7\u00f5es Internacionais da Universidade Federal de Pelotas (UFPel) e com o apoio do Programa de P\u00f3s-Gradua\u00e7\u00e3o em Ci\u00eancia Pol\u00edtica da UFPel.<\/p>\n<p>Assista em: <a href=\"https:\/\/www.youtube.com\/watch?v=x78WvZiL9G8\">https:\/\/www.youtube.com\/watch?v=x78WvZiL9G8<\/a><\/p>\n<\/div>\n<\/div>\n<\/div>\n<div id=\"panel-303-0-0-1\" class=\"so-panel widget widget_media_video panel-last-child\" data-index=\"1\" data-style=\"{&quot;background_image_attachment&quot;:false,&quot;background_display&quot;:&quot;tile&quot;,&quot;background_image_size&quot;:&quot;full&quot;,&quot;background_image_opacity&quot;:&quot;100&quot;,&quot;border_thickness&quot;:&quot;1px&quot;}\"><\/div>\n<\/div>\n<\/div>\n<\/div>\n","protected":false},"excerpt":{"rendered":"<p>Palestrante: Prof. Dr. Lucas Leite Tema: Biden presidente eleito nos EUA: o que esperar? Data: 13\/11\/2020 Palestra realizada pelo projeto \u201cPara al\u00e9m das Fronteiras: Videoconfer\u00eancias em RI\u201d, uma iniciativa do Grupo de Pesquisa Economia Pol\u00edtica e Desenvolvimento Internacional ligado ao curso de gradua\u00e7\u00e3o em Rela\u00e7\u00f5es Internacionais da Universidade Federal de Pelotas (UFPel) e com o [&hellip;]<\/p>\n","protected":false},"author":1351,"featured_media":307,"comment_status":"closed","ping_status":"closed","sticky":false,"template":"","format":"standard","meta":{"_jetpack_memberships_contains_paid_content":false,"footnotes":""},"categories":[16],"tags":[],"class_list":{"0":"post-303","1":"post","2":"type-post","3":"status-publish","4":"format-standard","5":"has-post-thumbnail","6":"hentry","7":"category-material-audiovisual","9":"post-with-thumbnail","10":"post-with-thumbnail-large"},"jetpack_featured_media_url":"https:\/\/wp.ufpel.edu.br\/observasul\/files\/2024\/04\/13-e1712528254371.png","jetpack_sharing_enabled":true,"_links":{"self":[{"href":"https:\/\/wp.ufpel.edu.br\/observasul\/wp-json\/wp\/v2\/posts\/303","targetHints":{"allow":["GET"]}}],"collection":[{"href":"https:\/\/wp.ufpel.edu.br\/observasul\/wp-json\/wp\/v2\/posts"}],"about":[{"href":"https:\/\/wp.ufpel.edu.br\/observasul\/wp-json\/wp\/v2\/types\/post"}],"author":[{"embeddable":true,"href":"https:\/\/wp.ufpel.edu.br\/observasul\/wp-json\/wp\/v2\/users\/1351"}],"replies":[{"embeddable":true,"href":"https:\/\/wp.ufpel.edu.br\/observasul\/wp-json\/wp\/v2\/comments?post=303"}],"version-history":[{"count":4,"href":"https:\/\/wp.ufpel.edu.br\/observasul\/wp-json\/wp\/v2\/posts\/303\/revisions"}],"predecessor-version":[{"id":313,"href":"https:\/\/wp.ufpel.edu.br\/observasul\/wp-json\/wp\/v2\/posts\/303\/revisions\/313"}],"wp:featuredmedia":[{"embeddable":true,"href":"https:\/\/wp.ufpel.edu.br\/observasul\/wp-json\/wp\/v2\/media\/307"}],"wp:attachment":[{"href":"https:\/\/wp.ufpel.edu.br\/observasul\/wp-json\/wp\/v2\/media?parent=303"}],"wp:term":[{"taxonomy":"category","embeddable":true,"href":"https:\/\/wp.ufpel.edu.br\/observasul\/wp-json\/wp\/v2\/categories?post=303"},{"taxonomy":"post_tag","embeddable":true,"href":"https:\/\/wp.ufpel.edu.br\/observasul\/wp-json\/wp\/v2\/tags?post=303"}],"curies":[{"name":"wp","href":"https:\/\/api.w.org\/{rel}","templated":true}]}}