{"id":222,"date":"2019-08-26T16:39:00","date_gmt":"2019-08-26T19:39:00","guid":{"rendered":"https:\/\/wp.ufpel.edu.br\/obsersevatoriointerinstacoesafirmativas\/?p=222"},"modified":"2019-08-26T17:06:20","modified_gmt":"2019-08-26T20:06:20","slug":"roda-de-conversa-processos-da-resistencia-negra","status":"publish","type":"post","link":"https:\/\/wp.ufpel.edu.br\/obsersevatoriointerinstacoesafirmativas\/2019\/08\/26\/roda-de-conversa-processos-da-resistencia-negra\/","title":{"rendered":"Roda de Conversa: Processos da Resist\u00eancia Negra"},"content":{"rendered":"<p style=\"text-align: justify\">Integrando as atividades em comemora\u00e7\u00e3o aos 50 anos da UFPEL, o OBVERSSASUL,\u00a0 em parceria com o NUAAD,\u00a0 promoveu, no dia 20 de julho de 2019, uma roda de conversa intitulada &#8220;Processos de Resist\u00eancia Negra&#8221;. A atividade contou com a presen\u00e7a do Prof. Dr. Carlos Benedito Rodrigues da Silva, professor da Universidade Federal do Maranh\u00e3o, que contou a sua trajet\u00f3ria nos movimentos negros brasileiras e discorreu sobre a resist\u00eancia cultural e identidade.<\/p>\n<p><img loading=\"lazy\" decoding=\"async\" class=\"alignnone size-medium wp-image-224\" src=\"https:\/\/wp.ufpel.edu.br\/obsersevatoriointerinstacoesafirmativas\/files\/2019\/08\/WhatsApp-Image-2019-07-19-at-18.19.35-400x335.jpeg\" alt=\"\" width=\"400\" height=\"335\" srcset=\"https:\/\/wp.ufpel.edu.br\/obsersevatoriointerinstacoesafirmativas\/files\/2019\/08\/WhatsApp-Image-2019-07-19-at-18.19.35-400x335.jpeg 400w, https:\/\/wp.ufpel.edu.br\/obsersevatoriointerinstacoesafirmativas\/files\/2019\/08\/WhatsApp-Image-2019-07-19-at-18.19.35-768x644.jpeg 768w, https:\/\/wp.ufpel.edu.br\/obsersevatoriointerinstacoesafirmativas\/files\/2019\/08\/WhatsApp-Image-2019-07-19-at-18.19.35-358x300.jpeg 358w, https:\/\/wp.ufpel.edu.br\/obsersevatoriointerinstacoesafirmativas\/files\/2019\/08\/WhatsApp-Image-2019-07-19-at-18.19.35.jpeg 940w\" sizes=\"auto, (max-width: 400px) 100vw, 400px\" \/> <img loading=\"lazy\" decoding=\"async\" class=\"alignnone size-medium wp-image-225\" src=\"https:\/\/wp.ufpel.edu.br\/obsersevatoriointerinstacoesafirmativas\/files\/2019\/08\/WhatsApp-Image-2019-07-20-at-21.12.07-300x400.jpeg\" alt=\"\" width=\"300\" height=\"400\" srcset=\"https:\/\/wp.ufpel.edu.br\/obsersevatoriointerinstacoesafirmativas\/files\/2019\/08\/WhatsApp-Image-2019-07-20-at-21.12.07-300x400.jpeg 300w, https:\/\/wp.ufpel.edu.br\/obsersevatoriointerinstacoesafirmativas\/files\/2019\/08\/WhatsApp-Image-2019-07-20-at-21.12.07-768x1024.jpeg 768w, https:\/\/wp.ufpel.edu.br\/obsersevatoriointerinstacoesafirmativas\/files\/2019\/08\/WhatsApp-Image-2019-07-20-at-21.12.07-630x840.jpeg 630w, https:\/\/wp.ufpel.edu.br\/obsersevatoriointerinstacoesafirmativas\/files\/2019\/08\/WhatsApp-Image-2019-07-20-at-21.12.07-225x300.jpeg 225w, https:\/\/wp.ufpel.edu.br\/obsersevatoriointerinstacoesafirmativas\/files\/2019\/08\/WhatsApp-Image-2019-07-20-at-21.12.07.jpeg 774w\" sizes=\"auto, (max-width: 300px) 100vw, 300px\" \/> <img loading=\"lazy\" decoding=\"async\" class=\"alignnone size-medium wp-image-226\" src=\"https:\/\/wp.ufpel.edu.br\/obsersevatoriointerinstacoesafirmativas\/files\/2019\/08\/WhatsApp-Image-2019-08-26-at-16.35.51-1-400x300.jpeg\" alt=\"\" width=\"400\" height=\"300\" srcset=\"https:\/\/wp.ufpel.edu.br\/obsersevatoriointerinstacoesafirmativas\/files\/2019\/08\/WhatsApp-Image-2019-08-26-at-16.35.51-1-400x300.jpeg 400w, https:\/\/wp.ufpel.edu.br\/obsersevatoriointerinstacoesafirmativas\/files\/2019\/08\/WhatsApp-Image-2019-08-26-at-16.35.51-1-768x576.jpeg 768w, https:\/\/wp.ufpel.edu.br\/obsersevatoriointerinstacoesafirmativas\/files\/2019\/08\/WhatsApp-Image-2019-08-26-at-16.35.51-1-1024x768.jpeg 1024w, https:\/\/wp.ufpel.edu.br\/obsersevatoriointerinstacoesafirmativas\/files\/2019\/08\/WhatsApp-Image-2019-08-26-at-16.35.51-1.jpeg 1280w\" sizes=\"auto, (max-width: 400px) 100vw, 400px\" \/><\/p>\n","protected":false},"excerpt":{"rendered":"<p>Integrando as atividades em comemora\u00e7\u00e3o aos 50 anos da UFPEL, o OBVERSSASUL,\u00a0 em parceria com o NUAAD,\u00a0 promoveu, no dia 20 de julho de 2019, uma roda de conversa intitulada &#8220;Processos de Resist\u00eancia Negra&#8221;. A atividade contou com a presen\u00e7a do Prof. Dr. Carlos Benedito Rodrigues da Silva, professor da Universidade Federal do Maranh\u00e3o, que&#8230; <\/p>\n<div class=\"link-more\"><a href=\"https:\/\/wp.ufpel.edu.br\/obsersevatoriointerinstacoesafirmativas\/2019\/08\/26\/roda-de-conversa-processos-da-resistencia-negra\/\">Leia mais<\/a><\/div>\n","protected":false},"author":894,"featured_media":0,"comment_status":"closed","ping_status":"closed","sticky":false,"template":"","format":"standard","meta":{"footnotes":""},"categories":[1],"tags":[],"class_list":["post-222","post","type-post","status-publish","format-standard","hentry","category-noticias"],"jetpack_featured_media_url":"","_links":{"self":[{"href":"https:\/\/wp.ufpel.edu.br\/obsersevatoriointerinstacoesafirmativas\/wp-json\/wp\/v2\/posts\/222","targetHints":{"allow":["GET"]}}],"collection":[{"href":"https:\/\/wp.ufpel.edu.br\/obsersevatoriointerinstacoesafirmativas\/wp-json\/wp\/v2\/posts"}],"about":[{"href":"https:\/\/wp.ufpel.edu.br\/obsersevatoriointerinstacoesafirmativas\/wp-json\/wp\/v2\/types\/post"}],"author":[{"embeddable":true,"href":"https:\/\/wp.ufpel.edu.br\/obsersevatoriointerinstacoesafirmativas\/wp-json\/wp\/v2\/users\/894"}],"replies":[{"embeddable":true,"href":"https:\/\/wp.ufpel.edu.br\/obsersevatoriointerinstacoesafirmativas\/wp-json\/wp\/v2\/comments?post=222"}],"version-history":[{"count":3,"href":"https:\/\/wp.ufpel.edu.br\/obsersevatoriointerinstacoesafirmativas\/wp-json\/wp\/v2\/posts\/222\/revisions"}],"predecessor-version":[{"id":237,"href":"https:\/\/wp.ufpel.edu.br\/obsersevatoriointerinstacoesafirmativas\/wp-json\/wp\/v2\/posts\/222\/revisions\/237"}],"wp:attachment":[{"href":"https:\/\/wp.ufpel.edu.br\/obsersevatoriointerinstacoesafirmativas\/wp-json\/wp\/v2\/media?parent=222"}],"wp:term":[{"taxonomy":"category","embeddable":true,"href":"https:\/\/wp.ufpel.edu.br\/obsersevatoriointerinstacoesafirmativas\/wp-json\/wp\/v2\/categories?post=222"},{"taxonomy":"post_tag","embeddable":true,"href":"https:\/\/wp.ufpel.edu.br\/obsersevatoriointerinstacoesafirmativas\/wp-json\/wp\/v2\/tags?post=222"}],"curies":[{"name":"wp","href":"https:\/\/api.w.org\/{rel}","templated":true}]}}