{"id":217,"date":"2019-08-26T16:14:31","date_gmt":"2019-08-26T19:14:31","guid":{"rendered":"https:\/\/wp.ufpel.edu.br\/obsersevatoriointerinstacoesafirmativas\/?p=217"},"modified":"2019-08-26T17:06:04","modified_gmt":"2019-08-26T20:06:04","slug":"observaasul-participa-do-iv-copene","status":"publish","type":"post","link":"https:\/\/wp.ufpel.edu.br\/obsersevatoriointerinstacoesafirmativas\/2019\/08\/26\/observaasul-participa-do-iv-copene\/","title":{"rendered":"OBSERVAASUL participa do IV COPENE"},"content":{"rendered":"<p style=\"text-align: justify\">No dia 17 de julho de 2019 o Prof. Dr. Gilson Sim\u00f5es Porci\u00fancula, participou, representando o OBSERVAASUL, da Mesa Redonda &#8220;Racismo Institucional e Estrutural&#8221;, atividade que integrou a programa\u00e7\u00e3o do IV Congresso de Pesquisadores\/as Negros\/as da Regi\u00e3o Sul &#8211; IV COPENE SUL. Al\u00e9m do prof. Gilson, a mesa foi composta por Victor de Carli, integrante do Observat\u00f3rio de Direitos Humanos\/UFSM, Profa. Dra. Luciana Garcia de Mello (UFRGS) e Prof. Dr. Edilson Nabarro. (UFRGS\/F\u00d3RUM DE A\u00c7\u00d5ES AFIRMATIVAS).<img loading=\"lazy\" decoding=\"async\" class=\"alignnone size-medium wp-image-219\" src=\"https:\/\/wp.ufpel.edu.br\/obsersevatoriointerinstacoesafirmativas\/files\/2019\/08\/WhatsApp-Image-2019-07-17-at-13.59.06-400x304.jpeg\" alt=\"\" width=\"400\" height=\"304\" srcset=\"https:\/\/wp.ufpel.edu.br\/obsersevatoriointerinstacoesafirmativas\/files\/2019\/08\/WhatsApp-Image-2019-07-17-at-13.59.06-400x304.jpeg 400w, https:\/\/wp.ufpel.edu.br\/obsersevatoriointerinstacoesafirmativas\/files\/2019\/08\/WhatsApp-Image-2019-07-17-at-13.59.06-394x300.jpeg 394w, https:\/\/wp.ufpel.edu.br\/obsersevatoriointerinstacoesafirmativas\/files\/2019\/08\/WhatsApp-Image-2019-07-17-at-13.59.06.jpeg 720w\" sizes=\"auto, (max-width: 400px) 100vw, 400px\" \/><\/p>\n","protected":false},"excerpt":{"rendered":"<p>No dia 17 de julho de 2019 o Prof. Dr. Gilson Sim\u00f5es Porci\u00fancula, participou, representando o OBSERVAASUL, da Mesa Redonda &#8220;Racismo Institucional e Estrutural&#8221;, atividade que integrou a programa\u00e7\u00e3o do IV Congresso de Pesquisadores\/as Negros\/as da Regi\u00e3o Sul &#8211; IV COPENE SUL. Al\u00e9m do prof. Gilson, a mesa foi composta por Victor de Carli, integrante&#8230; <\/p>\n<div class=\"link-more\"><a href=\"https:\/\/wp.ufpel.edu.br\/obsersevatoriointerinstacoesafirmativas\/2019\/08\/26\/observaasul-participa-do-iv-copene\/\">Leia mais<\/a><\/div>\n","protected":false},"author":894,"featured_media":0,"comment_status":"closed","ping_status":"closed","sticky":false,"template":"","format":"standard","meta":{"footnotes":""},"categories":[1],"tags":[],"class_list":["post-217","post","type-post","status-publish","format-standard","hentry","category-noticias"],"jetpack_featured_media_url":"","_links":{"self":[{"href":"https:\/\/wp.ufpel.edu.br\/obsersevatoriointerinstacoesafirmativas\/wp-json\/wp\/v2\/posts\/217","targetHints":{"allow":["GET"]}}],"collection":[{"href":"https:\/\/wp.ufpel.edu.br\/obsersevatoriointerinstacoesafirmativas\/wp-json\/wp\/v2\/posts"}],"about":[{"href":"https:\/\/wp.ufpel.edu.br\/obsersevatoriointerinstacoesafirmativas\/wp-json\/wp\/v2\/types\/post"}],"author":[{"embeddable":true,"href":"https:\/\/wp.ufpel.edu.br\/obsersevatoriointerinstacoesafirmativas\/wp-json\/wp\/v2\/users\/894"}],"replies":[{"embeddable":true,"href":"https:\/\/wp.ufpel.edu.br\/obsersevatoriointerinstacoesafirmativas\/wp-json\/wp\/v2\/comments?post=217"}],"version-history":[{"count":3,"href":"https:\/\/wp.ufpel.edu.br\/obsersevatoriointerinstacoesafirmativas\/wp-json\/wp\/v2\/posts\/217\/revisions"}],"predecessor-version":[{"id":236,"href":"https:\/\/wp.ufpel.edu.br\/obsersevatoriointerinstacoesafirmativas\/wp-json\/wp\/v2\/posts\/217\/revisions\/236"}],"wp:attachment":[{"href":"https:\/\/wp.ufpel.edu.br\/obsersevatoriointerinstacoesafirmativas\/wp-json\/wp\/v2\/media?parent=217"}],"wp:term":[{"taxonomy":"category","embeddable":true,"href":"https:\/\/wp.ufpel.edu.br\/obsersevatoriointerinstacoesafirmativas\/wp-json\/wp\/v2\/categories?post=217"},{"taxonomy":"post_tag","embeddable":true,"href":"https:\/\/wp.ufpel.edu.br\/obsersevatoriointerinstacoesafirmativas\/wp-json\/wp\/v2\/tags?post=217"}],"curies":[{"name":"wp","href":"https:\/\/api.w.org\/{rel}","templated":true}]}}