{"id":779,"date":"2016-08-24T10:17:35","date_gmt":"2016-08-24T13:17:35","guid":{"rendered":"https:\/\/wp.ufpel.edu.br\/obeducpacto\/?p=779"},"modified":"2016-08-24T10:17:35","modified_gmt":"2016-08-24T13:17:35","slug":"expediente-2","status":"publish","type":"post","link":"https:\/\/wp.ufpel.edu.br\/obeducpacto\/2016\/08\/expediente-2\/","title":{"rendered":"Expediente"},"content":{"rendered":"<p><strong>Corpo editorial:<\/strong><\/p>\n<p>Coordenador Geral<\/p>\n<p>Ant\u00f4nio Maur\u00edcio Medeiros Alves<\/p>\n<p>Coordenadoras Adjuntas<\/p>\n<p>Ana Paula Nobre da Cunha<\/p>\n<p>Marta N\u00f6rnberg<\/p>\n<p>Supervisores<\/p>\n<p>Eliane Kiss de Souza<\/p>\n<p>Gilceane Caetano Porto<\/p>\n<p>Jana\u00edna Soares Martins Lapuente<\/p>\n<p>Patr\u00edcia dos Santos Moura<\/p>\n<p>Rose Lemos de Pinho<\/p>\n<p>Apoio T\u00e9cnico<\/p>\n<p>Cristiane Rodrigues de Rodrigues<\/p>\n<p>Milena Medeiros de Mattos<\/p>\n<p>Rita do Carmo Bortolotti Lemos<\/p>\n<p>Identidade Visual e Diagrama\u00e7\u00e3o<\/p>\n<p>Chris de Azevedo Ramil<\/p>\n<p>P\u00e1gina Web<\/p>\n<p>Leroi Floriano de Oliveira<\/p>\n<p>&nbsp;<\/p>\n<p>Formadores<\/p>\n<p>Alexander Severo Cordoba<\/p>\n<p>Aline Vieira da Cunha<\/p>\n<p>Ana Carolina dos Santos Alves<\/p>\n<p>Carmen Regina Gon\u00e7alves Ferreira<\/p>\n<p>Cristiane de \u00c1vila Lopes<\/p>\n<p>Daiani de Jesus Garcia<\/p>\n<p>Darlise Nunes Ferreira<\/p>\n<p>Denise Garcia Maia<\/p>\n<p>Eliane Helena Menegotti<\/p>\n<p>Elisangela Krafichinski Trentin<\/p>\n<p>Eunice Souza Couto<\/p>\n<p>Fabiana Caldeira Damasco<\/p>\n<p>Fabiane Rodrigues Viana<\/p>\n<p>Fabr\u00edcio Monte Freitas<\/p>\n<p>Fernanda Pinheiro Leite Pereira<\/p>\n<p>Francine Fernandes Ribeiro<\/p>\n<p>Girlei dos Santos<\/p>\n<p>Gisele Ramos Lima<\/p>\n<p>Lenise Maraschin Nunes<\/p>\n<p>Let\u00edcia de Queiroz Maffei<\/p>\n<p>Luana de Gusm\u00e3o Silveira<\/p>\n<p>Luciane Tavares Pinheiro<\/p>\n<p>Marcia Souza da Rosa<\/p>\n<p>Maria Laura Pinto e Rosa<\/p>\n<p>Mirela Stef\u00e2nea Pacheco<\/p>\n<p>Nilza Teresinha Ribeiro Xavier<\/p>\n<p>Patr\u00edcia Bonow Fassbender<\/p>\n<p>Patr\u00edcia de Faria Ferreira<\/p>\n<p>Patr\u00edcia Pinho Contreira<\/p>\n<p>Ruhena Kelber Abr\u00e3o Ferreira<\/p>\n<p>Silvia Raquel Islab\u00e3o da Silveira<\/p>\n<p><strong>Periodicidade:\u00a0<\/strong><\/p>\n<p>Anual enquanto foram realizados eventos.<\/p>\n<p><strong>Idiomas aceitos:\u00a0<\/strong><\/p>\n<p>Portugu\u00eas.<\/p>\n<p><strong>Autor corporativo:\u00a0<\/strong><\/p>\n<p>Universidade Federal de Pelotas \u2013 Observat\u00f3rio da Educa\u00e7\u00e3o \u2013 Pacto. Faculdade da Educa\u00e7\u00e3o, Pelotas, RS.<\/p>\n","protected":false},"excerpt":{"rendered":"<p>Corpo editorial: Coordenador Geral Ant\u00f4nio Maur\u00edcio Medeiros Alves Coordenadoras Adjuntas Ana Paula Nobre da Cunha Marta N\u00f6rnberg Supervisores Eliane Kiss de Souza Gilceane Caetano Porto Jana\u00edna Soares Martins Lapuente Patr\u00edcia dos Santos Moura Rose Lemos de Pinho Apoio T\u00e9cnico Cristiane Rodrigues de Rodrigues Milena Medeiros de Mattos Rita do Carmo Bortolotti Lemos Identidade Visual e [&hellip;]<\/p>\n","protected":false},"author":329,"featured_media":0,"comment_status":"closed","ping_status":"closed","sticky":false,"template":"","format":"standard","meta":{"footnotes":""},"categories":[51123],"tags":[],"class_list":["post-779","post","type-post","status-publish","format-standard","hentry","category-expediente-2"],"yoast_head":"<!-- This site is optimized with the Yoast SEO plugin v26.7 - https:\/\/yoast.com\/wordpress\/plugins\/seo\/ -->\n<title>Expediente - OBEDUC - Pacto<\/title>\n<meta name=\"robots\" content=\"index, follow, max-snippet:-1, max-image-preview:large, max-video-preview:-1\" \/>\n<link rel=\"canonical\" href=\"https:\/\/wp.ufpel.edu.br\/obeducpacto\/2016\/08\/expediente-2\/\" \/>\n<meta property=\"og:locale\" content=\"pt_BR\" \/>\n<meta property=\"og:type\" content=\"article\" \/>\n<meta property=\"og:title\" content=\"Expediente - OBEDUC - Pacto\" \/>\n<meta property=\"og:description\" content=\"Corpo editorial: Coordenador Geral Ant\u00f4nio Maur\u00edcio Medeiros Alves Coordenadoras Adjuntas Ana Paula Nobre da Cunha Marta N\u00f6rnberg Supervisores Eliane Kiss de Souza Gilceane Caetano Porto Jana\u00edna Soares Martins Lapuente Patr\u00edcia dos Santos Moura Rose Lemos de Pinho Apoio T\u00e9cnico Cristiane Rodrigues de Rodrigues Milena Medeiros de Mattos Rita do Carmo Bortolotti Lemos Identidade Visual e [&hellip;]\" \/>\n<meta property=\"og:url\" content=\"https:\/\/wp.ufpel.edu.br\/obeducpacto\/2016\/08\/expediente-2\/\" \/>\n<meta property=\"og:site_name\" content=\"OBEDUC - Pacto\" \/>\n<meta property=\"article:published_time\" content=\"2016-08-24T13:17:35+00:00\" \/>\n<meta name=\"author\" content=\"obeducpacto\" \/>\n<meta name=\"twitter:card\" content=\"summary_large_image\" \/>\n<meta name=\"twitter:label1\" content=\"Escrito por\" \/>\n\t<meta name=\"twitter:data1\" content=\"obeducpacto\" \/>\n\t<meta name=\"twitter:label2\" content=\"Est. tempo de leitura\" \/>\n\t<meta name=\"twitter:data2\" content=\"1 minuto\" \/>\n<script type=\"application\/ld+json\" class=\"yoast-schema-graph\">{\"@context\":\"https:\/\/schema.org\",\"@graph\":[{\"@type\":\"Article\",\"@id\":\"https:\/\/wp.ufpel.edu.br\/obeducpacto\/2016\/08\/expediente-2\/#article\",\"isPartOf\":{\"@id\":\"https:\/\/wp.ufpel.edu.br\/obeducpacto\/2016\/08\/expediente-2\/\"},\"author\":{\"name\":\"obeducpacto\",\"@id\":\"https:\/\/wp.ufpel.edu.br\/obeducpacto\/#\/schema\/person\/36ac37e4742a6c6409cc58d618de2650\"},\"headline\":\"Expediente\",\"datePublished\":\"2016-08-24T13:17:35+00:00\",\"mainEntityOfPage\":{\"@id\":\"https:\/\/wp.ufpel.edu.br\/obeducpacto\/2016\/08\/expediente-2\/\"},\"wordCount\":225,\"publisher\":{\"@id\":\"https:\/\/wp.ufpel.edu.br\/obeducpacto\/#organization\"},\"articleSection\":[\"Expediente.\"],\"inLanguage\":\"pt-BR\"},{\"@type\":\"WebPage\",\"@id\":\"https:\/\/wp.ufpel.edu.br\/obeducpacto\/2016\/08\/expediente-2\/\",\"url\":\"https:\/\/wp.ufpel.edu.br\/obeducpacto\/2016\/08\/expediente-2\/\",\"name\":\"Expediente - OBEDUC - Pacto\",\"isPartOf\":{\"@id\":\"https:\/\/wp.ufpel.edu.br\/obeducpacto\/#website\"},\"datePublished\":\"2016-08-24T13:17:35+00:00\",\"breadcrumb\":{\"@id\":\"https:\/\/wp.ufpel.edu.br\/obeducpacto\/2016\/08\/expediente-2\/#breadcrumb\"},\"inLanguage\":\"pt-BR\",\"potentialAction\":[{\"@type\":\"ReadAction\",\"target\":[\"https:\/\/wp.ufpel.edu.br\/obeducpacto\/2016\/08\/expediente-2\/\"]}]},{\"@type\":\"BreadcrumbList\",\"@id\":\"https:\/\/wp.ufpel.edu.br\/obeducpacto\/2016\/08\/expediente-2\/#breadcrumb\",\"itemListElement\":[{\"@type\":\"ListItem\",\"position\":1,\"name\":\"In\u00edcio\",\"item\":\"https:\/\/wp.ufpel.edu.br\/obeducpacto\/\"},{\"@type\":\"ListItem\",\"position\":2,\"name\":\"Expediente\"}]},{\"@type\":\"WebSite\",\"@id\":\"https:\/\/wp.ufpel.edu.br\/obeducpacto\/#website\",\"url\":\"https:\/\/wp.ufpel.edu.br\/obeducpacto\/\",\"name\":\"OBEDUC - Pacto\",\"description\":\"Universidade Federal de Pelotas\",\"publisher\":{\"@id\":\"https:\/\/wp.ufpel.edu.br\/obeducpacto\/#organization\"},\"potentialAction\":[{\"@type\":\"SearchAction\",\"target\":{\"@type\":\"EntryPoint\",\"urlTemplate\":\"https:\/\/wp.ufpel.edu.br\/obeducpacto\/?s={search_term_string}\"},\"query-input\":{\"@type\":\"PropertyValueSpecification\",\"valueRequired\":true,\"valueName\":\"search_term_string\"}}],\"inLanguage\":\"pt-BR\"},{\"@type\":\"Organization\",\"@id\":\"https:\/\/wp.ufpel.edu.br\/obeducpacto\/#organization\",\"name\":\"OBEDUC - Pacto\",\"url\":\"https:\/\/wp.ufpel.edu.br\/obeducpacto\/\",\"logo\":{\"@type\":\"ImageObject\",\"inLanguage\":\"pt-BR\",\"@id\":\"https:\/\/wp.ufpel.edu.br\/obeducpacto\/#\/schema\/logo\/image\/\",\"url\":\"https:\/\/wp.ufpel.edu.br\/obeducpacto\/files\/2025\/08\/OBEDUC-Pacto-Marca-G-TRANPARENTE.png\",\"contentUrl\":\"https:\/\/wp.ufpel.edu.br\/obeducpacto\/files\/2025\/08\/OBEDUC-Pacto-Marca-G-TRANPARENTE.png\",\"width\":1000,\"height\":906,\"caption\":\"OBEDUC - Pacto\"},\"image\":{\"@id\":\"https:\/\/wp.ufpel.edu.br\/obeducpacto\/#\/schema\/logo\/image\/\"}},{\"@type\":\"Person\",\"@id\":\"https:\/\/wp.ufpel.edu.br\/obeducpacto\/#\/schema\/person\/36ac37e4742a6c6409cc58d618de2650\",\"name\":\"obeducpacto\",\"image\":{\"@type\":\"ImageObject\",\"inLanguage\":\"pt-BR\",\"@id\":\"https:\/\/wp.ufpel.edu.br\/obeducpacto\/#\/schema\/person\/image\/\",\"url\":\"https:\/\/secure.gravatar.com\/avatar\/2cf9f00bba1f365609f0f6b6e3098266c436e83d3432212e89e427de78689880?s=96&d=mm&r=g\",\"contentUrl\":\"https:\/\/secure.gravatar.com\/avatar\/2cf9f00bba1f365609f0f6b6e3098266c436e83d3432212e89e427de78689880?s=96&d=mm&r=g\",\"caption\":\"obeducpacto\"},\"url\":\"https:\/\/wp.ufpel.edu.br\/obeducpacto\/author\/obeducpacto\/\"}]}<\/script>\n<!-- \/ Yoast SEO plugin. -->","yoast_head_json":{"title":"Expediente - OBEDUC - Pacto","robots":{"index":"index","follow":"follow","max-snippet":"max-snippet:-1","max-image-preview":"max-image-preview:large","max-video-preview":"max-video-preview:-1"},"canonical":"https:\/\/wp.ufpel.edu.br\/obeducpacto\/2016\/08\/expediente-2\/","og_locale":"pt_BR","og_type":"article","og_title":"Expediente - OBEDUC - Pacto","og_description":"Corpo editorial: Coordenador Geral Ant\u00f4nio Maur\u00edcio Medeiros Alves Coordenadoras Adjuntas Ana Paula Nobre da Cunha Marta N\u00f6rnberg Supervisores Eliane Kiss de Souza Gilceane Caetano Porto Jana\u00edna Soares Martins Lapuente Patr\u00edcia dos Santos Moura Rose Lemos de Pinho Apoio T\u00e9cnico Cristiane Rodrigues de Rodrigues Milena Medeiros de Mattos Rita do Carmo Bortolotti Lemos Identidade Visual e [&hellip;]","og_url":"https:\/\/wp.ufpel.edu.br\/obeducpacto\/2016\/08\/expediente-2\/","og_site_name":"OBEDUC - Pacto","article_published_time":"2016-08-24T13:17:35+00:00","author":"obeducpacto","twitter_card":"summary_large_image","twitter_misc":{"Escrito por":"obeducpacto","Est. tempo de leitura":"1 minuto"},"schema":{"@context":"https:\/\/schema.org","@graph":[{"@type":"Article","@id":"https:\/\/wp.ufpel.edu.br\/obeducpacto\/2016\/08\/expediente-2\/#article","isPartOf":{"@id":"https:\/\/wp.ufpel.edu.br\/obeducpacto\/2016\/08\/expediente-2\/"},"author":{"name":"obeducpacto","@id":"https:\/\/wp.ufpel.edu.br\/obeducpacto\/#\/schema\/person\/36ac37e4742a6c6409cc58d618de2650"},"headline":"Expediente","datePublished":"2016-08-24T13:17:35+00:00","mainEntityOfPage":{"@id":"https:\/\/wp.ufpel.edu.br\/obeducpacto\/2016\/08\/expediente-2\/"},"wordCount":225,"publisher":{"@id":"https:\/\/wp.ufpel.edu.br\/obeducpacto\/#organization"},"articleSection":["Expediente."],"inLanguage":"pt-BR"},{"@type":"WebPage","@id":"https:\/\/wp.ufpel.edu.br\/obeducpacto\/2016\/08\/expediente-2\/","url":"https:\/\/wp.ufpel.edu.br\/obeducpacto\/2016\/08\/expediente-2\/","name":"Expediente - OBEDUC - Pacto","isPartOf":{"@id":"https:\/\/wp.ufpel.edu.br\/obeducpacto\/#website"},"datePublished":"2016-08-24T13:17:35+00:00","breadcrumb":{"@id":"https:\/\/wp.ufpel.edu.br\/obeducpacto\/2016\/08\/expediente-2\/#breadcrumb"},"inLanguage":"pt-BR","potentialAction":[{"@type":"ReadAction","target":["https:\/\/wp.ufpel.edu.br\/obeducpacto\/2016\/08\/expediente-2\/"]}]},{"@type":"BreadcrumbList","@id":"https:\/\/wp.ufpel.edu.br\/obeducpacto\/2016\/08\/expediente-2\/#breadcrumb","itemListElement":[{"@type":"ListItem","position":1,"name":"In\u00edcio","item":"https:\/\/wp.ufpel.edu.br\/obeducpacto\/"},{"@type":"ListItem","position":2,"name":"Expediente"}]},{"@type":"WebSite","@id":"https:\/\/wp.ufpel.edu.br\/obeducpacto\/#website","url":"https:\/\/wp.ufpel.edu.br\/obeducpacto\/","name":"OBEDUC - Pacto","description":"Universidade Federal de Pelotas","publisher":{"@id":"https:\/\/wp.ufpel.edu.br\/obeducpacto\/#organization"},"potentialAction":[{"@type":"SearchAction","target":{"@type":"EntryPoint","urlTemplate":"https:\/\/wp.ufpel.edu.br\/obeducpacto\/?s={search_term_string}"},"query-input":{"@type":"PropertyValueSpecification","valueRequired":true,"valueName":"search_term_string"}}],"inLanguage":"pt-BR"},{"@type":"Organization","@id":"https:\/\/wp.ufpel.edu.br\/obeducpacto\/#organization","name":"OBEDUC - Pacto","url":"https:\/\/wp.ufpel.edu.br\/obeducpacto\/","logo":{"@type":"ImageObject","inLanguage":"pt-BR","@id":"https:\/\/wp.ufpel.edu.br\/obeducpacto\/#\/schema\/logo\/image\/","url":"https:\/\/wp.ufpel.edu.br\/obeducpacto\/files\/2025\/08\/OBEDUC-Pacto-Marca-G-TRANPARENTE.png","contentUrl":"https:\/\/wp.ufpel.edu.br\/obeducpacto\/files\/2025\/08\/OBEDUC-Pacto-Marca-G-TRANPARENTE.png","width":1000,"height":906,"caption":"OBEDUC - Pacto"},"image":{"@id":"https:\/\/wp.ufpel.edu.br\/obeducpacto\/#\/schema\/logo\/image\/"}},{"@type":"Person","@id":"https:\/\/wp.ufpel.edu.br\/obeducpacto\/#\/schema\/person\/36ac37e4742a6c6409cc58d618de2650","name":"obeducpacto","image":{"@type":"ImageObject","inLanguage":"pt-BR","@id":"https:\/\/wp.ufpel.edu.br\/obeducpacto\/#\/schema\/person\/image\/","url":"https:\/\/secure.gravatar.com\/avatar\/2cf9f00bba1f365609f0f6b6e3098266c436e83d3432212e89e427de78689880?s=96&d=mm&r=g","contentUrl":"https:\/\/secure.gravatar.com\/avatar\/2cf9f00bba1f365609f0f6b6e3098266c436e83d3432212e89e427de78689880?s=96&d=mm&r=g","caption":"obeducpacto"},"url":"https:\/\/wp.ufpel.edu.br\/obeducpacto\/author\/obeducpacto\/"}]}},"jetpack_featured_media_url":"","_links":{"self":[{"href":"https:\/\/wp.ufpel.edu.br\/obeducpacto\/wp-json\/wp\/v2\/posts\/779","targetHints":{"allow":["GET"]}}],"collection":[{"href":"https:\/\/wp.ufpel.edu.br\/obeducpacto\/wp-json\/wp\/v2\/posts"}],"about":[{"href":"https:\/\/wp.ufpel.edu.br\/obeducpacto\/wp-json\/wp\/v2\/types\/post"}],"author":[{"embeddable":true,"href":"https:\/\/wp.ufpel.edu.br\/obeducpacto\/wp-json\/wp\/v2\/users\/329"}],"replies":[{"embeddable":true,"href":"https:\/\/wp.ufpel.edu.br\/obeducpacto\/wp-json\/wp\/v2\/comments?post=779"}],"version-history":[{"count":1,"href":"https:\/\/wp.ufpel.edu.br\/obeducpacto\/wp-json\/wp\/v2\/posts\/779\/revisions"}],"predecessor-version":[{"id":781,"href":"https:\/\/wp.ufpel.edu.br\/obeducpacto\/wp-json\/wp\/v2\/posts\/779\/revisions\/781"}],"wp:attachment":[{"href":"https:\/\/wp.ufpel.edu.br\/obeducpacto\/wp-json\/wp\/v2\/media?parent=779"}],"wp:term":[{"taxonomy":"category","embeddable":true,"href":"https:\/\/wp.ufpel.edu.br\/obeducpacto\/wp-json\/wp\/v2\/categories?post=779"},{"taxonomy":"post_tag","embeddable":true,"href":"https:\/\/wp.ufpel.edu.br\/obeducpacto\/wp-json\/wp\/v2\/tags?post=779"}],"curies":[{"name":"wp","href":"https:\/\/api.w.org\/{rel}","templated":true}]}}