{"id":755,"date":"2016-08-24T09:30:26","date_gmt":"2016-08-24T12:30:26","guid":{"rendered":"https:\/\/wp.ufpel.edu.br\/obeducpacto\/?p=755"},"modified":"2016-08-24T09:33:47","modified_gmt":"2016-08-24T12:33:47","slug":"expediente","status":"publish","type":"post","link":"https:\/\/wp.ufpel.edu.br\/obeducpacto\/2016\/08\/expediente\/","title":{"rendered":"Expediente"},"content":{"rendered":"<p><strong>Corpo editorial:\u00a0<\/strong><\/p>\n<p>COMISS\u00c3O ORGANIZADORA<\/p>\n<p>Concei\u00e7\u00e3o Paludo Denise Nascimento Silveira<\/p>\n<p>Marta N\u00f6rnberg<\/p>\n<p>COORDENA\u00c7\u00c3O GERAL<\/p>\n<p>Marta N\u00f6rnberg<\/p>\n<p>COMISS\u00c3O CIENT\u00cdFICA<\/p>\n<p>Ana Ruth Moresco Miranda<\/p>\n<p>Concei\u00e7\u00e3o Paludo<\/p>\n<p>Denise Nascimento Silveira<\/p>\n<p>Dinora Tereza Zucchetti<\/p>\n<p>Edgar Kirchof<\/p>\n<p>Gilceane Caetano Porto<\/p>\n<p>Maira Ferreira<\/p>\n<p>Marta N\u00f6rnberg<\/p>\n<p>Patr\u00edcia Moura Pinho<\/p>\n<p>Rita de C\u00e1ssia Morem C\u00f3ssio Rodriguez<\/p>\n<p>Robledo Lima Gil<\/p>\n<p>Verno Kruger<\/p>\n<p>ORGANIZA\u00c7\u00c3O DO CADERNO DE RESUMOS<\/p>\n<p>Marta N\u00f6rnberg<\/p>\n<p>Gabriela Schander Braga<\/p>\n<p>PROJETO GR\u00c1FICO-IDENTIDADE VISUAL DO EVENTO<\/p>\n<p>Marcus Neves<\/p>\n<p>DIAGRAMA\u00c7\u00c3O DO CADERNO DE RESUMOS<\/p>\n<p>Chris de Azevedo Ramil<\/p>\n<p>FINANCIAMENTO<\/p>\n<p>Programa Observat\u00f3rio da Educa\u00e7\u00e3o &#8211; CAPES<\/p>\n<p><strong>Periodicidade:\u00a0<\/strong><\/p>\n<p>Quando houver novos semin\u00e1rios integradores, ser\u00e1 lan\u00e7ada uma nova edi\u00e7\u00e3o.<\/p>\n<p><strong>Idiomas aceitos:\u00a0<\/strong><\/p>\n<p>Portugu\u00eas.<\/p>\n<p><strong>Autor corporativo:\u00a0<\/strong><\/p>\n<p>Universidade Federal de Pelotas &#8211; Observat\u00f3rio da Educa\u00e7\u00e3o &#8211; Pacto. Faculdade da Educa\u00e7\u00e3o, Pelotas, RS.<\/p>\n","protected":false},"excerpt":{"rendered":"<p>Corpo editorial:\u00a0 COMISS\u00c3O ORGANIZADORA Concei\u00e7\u00e3o Paludo Denise Nascimento Silveira Marta N\u00f6rnberg COORDENA\u00c7\u00c3O GERAL Marta N\u00f6rnberg COMISS\u00c3O CIENT\u00cdFICA Ana Ruth Moresco Miranda Concei\u00e7\u00e3o Paludo Denise Nascimento Silveira Dinora Tereza Zucchetti Edgar Kirchof Gilceane Caetano Porto Maira Ferreira Marta N\u00f6rnberg Patr\u00edcia Moura Pinho Rita de C\u00e1ssia Morem C\u00f3ssio Rodriguez Robledo Lima Gil Verno Kruger ORGANIZA\u00c7\u00c3O DO CADERNO [&hellip;]<\/p>\n","protected":false},"author":329,"featured_media":0,"comment_status":"closed","ping_status":"closed","sticky":false,"template":"","format":"standard","meta":{"footnotes":""},"categories":[51113],"tags":[],"class_list":["post-755","post","type-post","status-publish","format-standard","hentry","category-expediente"],"yoast_head":"<!-- This site is optimized with the Yoast SEO plugin v26.7 - https:\/\/yoast.com\/wordpress\/plugins\/seo\/ -->\n<title>Expediente - OBEDUC - Pacto<\/title>\n<meta name=\"robots\" content=\"index, follow, max-snippet:-1, max-image-preview:large, max-video-preview:-1\" \/>\n<link rel=\"canonical\" href=\"https:\/\/wp.ufpel.edu.br\/obeducpacto\/2016\/08\/expediente\/\" \/>\n<meta property=\"og:locale\" content=\"pt_BR\" \/>\n<meta property=\"og:type\" content=\"article\" \/>\n<meta property=\"og:title\" content=\"Expediente - OBEDUC - Pacto\" \/>\n<meta property=\"og:description\" content=\"Corpo editorial:\u00a0 COMISS\u00c3O ORGANIZADORA Concei\u00e7\u00e3o Paludo Denise Nascimento Silveira Marta N\u00f6rnberg COORDENA\u00c7\u00c3O GERAL Marta N\u00f6rnberg COMISS\u00c3O CIENT\u00cdFICA Ana Ruth Moresco Miranda Concei\u00e7\u00e3o Paludo Denise Nascimento Silveira Dinora Tereza Zucchetti Edgar Kirchof Gilceane Caetano Porto Maira Ferreira Marta N\u00f6rnberg Patr\u00edcia Moura Pinho Rita de C\u00e1ssia Morem C\u00f3ssio Rodriguez Robledo Lima Gil Verno Kruger ORGANIZA\u00c7\u00c3O DO CADERNO [&hellip;]\" \/>\n<meta property=\"og:url\" content=\"https:\/\/wp.ufpel.edu.br\/obeducpacto\/2016\/08\/expediente\/\" \/>\n<meta property=\"og:site_name\" content=\"OBEDUC - Pacto\" \/>\n<meta property=\"article:published_time\" content=\"2016-08-24T12:30:26+00:00\" \/>\n<meta property=\"article:modified_time\" content=\"2016-08-24T12:33:47+00:00\" \/>\n<meta name=\"author\" content=\"obeducpacto\" \/>\n<meta name=\"twitter:card\" content=\"summary_large_image\" \/>\n<meta name=\"twitter:label1\" content=\"Escrito por\" \/>\n\t<meta name=\"twitter:data1\" content=\"obeducpacto\" \/>\n\t<meta name=\"twitter:label2\" content=\"Est. tempo de leitura\" \/>\n\t<meta name=\"twitter:data2\" content=\"1 minuto\" \/>\n<script type=\"application\/ld+json\" class=\"yoast-schema-graph\">{\"@context\":\"https:\/\/schema.org\",\"@graph\":[{\"@type\":\"Article\",\"@id\":\"https:\/\/wp.ufpel.edu.br\/obeducpacto\/2016\/08\/expediente\/#article\",\"isPartOf\":{\"@id\":\"https:\/\/wp.ufpel.edu.br\/obeducpacto\/2016\/08\/expediente\/\"},\"author\":{\"name\":\"obeducpacto\",\"@id\":\"https:\/\/wp.ufpel.edu.br\/obeducpacto\/#\/schema\/person\/36ac37e4742a6c6409cc58d618de2650\"},\"headline\":\"Expediente\",\"datePublished\":\"2016-08-24T12:30:26+00:00\",\"dateModified\":\"2016-08-24T12:33:47+00:00\",\"mainEntityOfPage\":{\"@id\":\"https:\/\/wp.ufpel.edu.br\/obeducpacto\/2016\/08\/expediente\/\"},\"wordCount\":142,\"publisher\":{\"@id\":\"https:\/\/wp.ufpel.edu.br\/obeducpacto\/#organization\"},\"articleSection\":[\"Expediente\"],\"inLanguage\":\"pt-BR\"},{\"@type\":\"WebPage\",\"@id\":\"https:\/\/wp.ufpel.edu.br\/obeducpacto\/2016\/08\/expediente\/\",\"url\":\"https:\/\/wp.ufpel.edu.br\/obeducpacto\/2016\/08\/expediente\/\",\"name\":\"Expediente - OBEDUC - Pacto\",\"isPartOf\":{\"@id\":\"https:\/\/wp.ufpel.edu.br\/obeducpacto\/#website\"},\"datePublished\":\"2016-08-24T12:30:26+00:00\",\"dateModified\":\"2016-08-24T12:33:47+00:00\",\"breadcrumb\":{\"@id\":\"https:\/\/wp.ufpel.edu.br\/obeducpacto\/2016\/08\/expediente\/#breadcrumb\"},\"inLanguage\":\"pt-BR\",\"potentialAction\":[{\"@type\":\"ReadAction\",\"target\":[\"https:\/\/wp.ufpel.edu.br\/obeducpacto\/2016\/08\/expediente\/\"]}]},{\"@type\":\"BreadcrumbList\",\"@id\":\"https:\/\/wp.ufpel.edu.br\/obeducpacto\/2016\/08\/expediente\/#breadcrumb\",\"itemListElement\":[{\"@type\":\"ListItem\",\"position\":1,\"name\":\"In\u00edcio\",\"item\":\"https:\/\/wp.ufpel.edu.br\/obeducpacto\/\"},{\"@type\":\"ListItem\",\"position\":2,\"name\":\"Expediente\"}]},{\"@type\":\"WebSite\",\"@id\":\"https:\/\/wp.ufpel.edu.br\/obeducpacto\/#website\",\"url\":\"https:\/\/wp.ufpel.edu.br\/obeducpacto\/\",\"name\":\"OBEDUC - Pacto\",\"description\":\"Universidade Federal de Pelotas\",\"publisher\":{\"@id\":\"https:\/\/wp.ufpel.edu.br\/obeducpacto\/#organization\"},\"potentialAction\":[{\"@type\":\"SearchAction\",\"target\":{\"@type\":\"EntryPoint\",\"urlTemplate\":\"https:\/\/wp.ufpel.edu.br\/obeducpacto\/?s={search_term_string}\"},\"query-input\":{\"@type\":\"PropertyValueSpecification\",\"valueRequired\":true,\"valueName\":\"search_term_string\"}}],\"inLanguage\":\"pt-BR\"},{\"@type\":\"Organization\",\"@id\":\"https:\/\/wp.ufpel.edu.br\/obeducpacto\/#organization\",\"name\":\"OBEDUC - Pacto\",\"url\":\"https:\/\/wp.ufpel.edu.br\/obeducpacto\/\",\"logo\":{\"@type\":\"ImageObject\",\"inLanguage\":\"pt-BR\",\"@id\":\"https:\/\/wp.ufpel.edu.br\/obeducpacto\/#\/schema\/logo\/image\/\",\"url\":\"https:\/\/wp.ufpel.edu.br\/obeducpacto\/files\/2025\/08\/OBEDUC-Pacto-Marca-G-TRANPARENTE.png\",\"contentUrl\":\"https:\/\/wp.ufpel.edu.br\/obeducpacto\/files\/2025\/08\/OBEDUC-Pacto-Marca-G-TRANPARENTE.png\",\"width\":1000,\"height\":906,\"caption\":\"OBEDUC - Pacto\"},\"image\":{\"@id\":\"https:\/\/wp.ufpel.edu.br\/obeducpacto\/#\/schema\/logo\/image\/\"}},{\"@type\":\"Person\",\"@id\":\"https:\/\/wp.ufpel.edu.br\/obeducpacto\/#\/schema\/person\/36ac37e4742a6c6409cc58d618de2650\",\"name\":\"obeducpacto\",\"image\":{\"@type\":\"ImageObject\",\"inLanguage\":\"pt-BR\",\"@id\":\"https:\/\/wp.ufpel.edu.br\/obeducpacto\/#\/schema\/person\/image\/\",\"url\":\"https:\/\/secure.gravatar.com\/avatar\/2cf9f00bba1f365609f0f6b6e3098266c436e83d3432212e89e427de78689880?s=96&d=mm&r=g\",\"contentUrl\":\"https:\/\/secure.gravatar.com\/avatar\/2cf9f00bba1f365609f0f6b6e3098266c436e83d3432212e89e427de78689880?s=96&d=mm&r=g\",\"caption\":\"obeducpacto\"},\"url\":\"https:\/\/wp.ufpel.edu.br\/obeducpacto\/author\/obeducpacto\/\"}]}<\/script>\n<!-- \/ Yoast SEO plugin. -->","yoast_head_json":{"title":"Expediente - OBEDUC - Pacto","robots":{"index":"index","follow":"follow","max-snippet":"max-snippet:-1","max-image-preview":"max-image-preview:large","max-video-preview":"max-video-preview:-1"},"canonical":"https:\/\/wp.ufpel.edu.br\/obeducpacto\/2016\/08\/expediente\/","og_locale":"pt_BR","og_type":"article","og_title":"Expediente - OBEDUC - Pacto","og_description":"Corpo editorial:\u00a0 COMISS\u00c3O ORGANIZADORA Concei\u00e7\u00e3o Paludo Denise Nascimento Silveira Marta N\u00f6rnberg COORDENA\u00c7\u00c3O GERAL Marta N\u00f6rnberg COMISS\u00c3O CIENT\u00cdFICA Ana Ruth Moresco Miranda Concei\u00e7\u00e3o Paludo Denise Nascimento Silveira Dinora Tereza Zucchetti Edgar Kirchof Gilceane Caetano Porto Maira Ferreira Marta N\u00f6rnberg Patr\u00edcia Moura Pinho Rita de C\u00e1ssia Morem C\u00f3ssio Rodriguez Robledo Lima Gil Verno Kruger ORGANIZA\u00c7\u00c3O DO CADERNO [&hellip;]","og_url":"https:\/\/wp.ufpel.edu.br\/obeducpacto\/2016\/08\/expediente\/","og_site_name":"OBEDUC - Pacto","article_published_time":"2016-08-24T12:30:26+00:00","article_modified_time":"2016-08-24T12:33:47+00:00","author":"obeducpacto","twitter_card":"summary_large_image","twitter_misc":{"Escrito por":"obeducpacto","Est. tempo de leitura":"1 minuto"},"schema":{"@context":"https:\/\/schema.org","@graph":[{"@type":"Article","@id":"https:\/\/wp.ufpel.edu.br\/obeducpacto\/2016\/08\/expediente\/#article","isPartOf":{"@id":"https:\/\/wp.ufpel.edu.br\/obeducpacto\/2016\/08\/expediente\/"},"author":{"name":"obeducpacto","@id":"https:\/\/wp.ufpel.edu.br\/obeducpacto\/#\/schema\/person\/36ac37e4742a6c6409cc58d618de2650"},"headline":"Expediente","datePublished":"2016-08-24T12:30:26+00:00","dateModified":"2016-08-24T12:33:47+00:00","mainEntityOfPage":{"@id":"https:\/\/wp.ufpel.edu.br\/obeducpacto\/2016\/08\/expediente\/"},"wordCount":142,"publisher":{"@id":"https:\/\/wp.ufpel.edu.br\/obeducpacto\/#organization"},"articleSection":["Expediente"],"inLanguage":"pt-BR"},{"@type":"WebPage","@id":"https:\/\/wp.ufpel.edu.br\/obeducpacto\/2016\/08\/expediente\/","url":"https:\/\/wp.ufpel.edu.br\/obeducpacto\/2016\/08\/expediente\/","name":"Expediente - OBEDUC - Pacto","isPartOf":{"@id":"https:\/\/wp.ufpel.edu.br\/obeducpacto\/#website"},"datePublished":"2016-08-24T12:30:26+00:00","dateModified":"2016-08-24T12:33:47+00:00","breadcrumb":{"@id":"https:\/\/wp.ufpel.edu.br\/obeducpacto\/2016\/08\/expediente\/#breadcrumb"},"inLanguage":"pt-BR","potentialAction":[{"@type":"ReadAction","target":["https:\/\/wp.ufpel.edu.br\/obeducpacto\/2016\/08\/expediente\/"]}]},{"@type":"BreadcrumbList","@id":"https:\/\/wp.ufpel.edu.br\/obeducpacto\/2016\/08\/expediente\/#breadcrumb","itemListElement":[{"@type":"ListItem","position":1,"name":"In\u00edcio","item":"https:\/\/wp.ufpel.edu.br\/obeducpacto\/"},{"@type":"ListItem","position":2,"name":"Expediente"}]},{"@type":"WebSite","@id":"https:\/\/wp.ufpel.edu.br\/obeducpacto\/#website","url":"https:\/\/wp.ufpel.edu.br\/obeducpacto\/","name":"OBEDUC - Pacto","description":"Universidade Federal de Pelotas","publisher":{"@id":"https:\/\/wp.ufpel.edu.br\/obeducpacto\/#organization"},"potentialAction":[{"@type":"SearchAction","target":{"@type":"EntryPoint","urlTemplate":"https:\/\/wp.ufpel.edu.br\/obeducpacto\/?s={search_term_string}"},"query-input":{"@type":"PropertyValueSpecification","valueRequired":true,"valueName":"search_term_string"}}],"inLanguage":"pt-BR"},{"@type":"Organization","@id":"https:\/\/wp.ufpel.edu.br\/obeducpacto\/#organization","name":"OBEDUC - Pacto","url":"https:\/\/wp.ufpel.edu.br\/obeducpacto\/","logo":{"@type":"ImageObject","inLanguage":"pt-BR","@id":"https:\/\/wp.ufpel.edu.br\/obeducpacto\/#\/schema\/logo\/image\/","url":"https:\/\/wp.ufpel.edu.br\/obeducpacto\/files\/2025\/08\/OBEDUC-Pacto-Marca-G-TRANPARENTE.png","contentUrl":"https:\/\/wp.ufpel.edu.br\/obeducpacto\/files\/2025\/08\/OBEDUC-Pacto-Marca-G-TRANPARENTE.png","width":1000,"height":906,"caption":"OBEDUC - Pacto"},"image":{"@id":"https:\/\/wp.ufpel.edu.br\/obeducpacto\/#\/schema\/logo\/image\/"}},{"@type":"Person","@id":"https:\/\/wp.ufpel.edu.br\/obeducpacto\/#\/schema\/person\/36ac37e4742a6c6409cc58d618de2650","name":"obeducpacto","image":{"@type":"ImageObject","inLanguage":"pt-BR","@id":"https:\/\/wp.ufpel.edu.br\/obeducpacto\/#\/schema\/person\/image\/","url":"https:\/\/secure.gravatar.com\/avatar\/2cf9f00bba1f365609f0f6b6e3098266c436e83d3432212e89e427de78689880?s=96&d=mm&r=g","contentUrl":"https:\/\/secure.gravatar.com\/avatar\/2cf9f00bba1f365609f0f6b6e3098266c436e83d3432212e89e427de78689880?s=96&d=mm&r=g","caption":"obeducpacto"},"url":"https:\/\/wp.ufpel.edu.br\/obeducpacto\/author\/obeducpacto\/"}]}},"jetpack_featured_media_url":"","_links":{"self":[{"href":"https:\/\/wp.ufpel.edu.br\/obeducpacto\/wp-json\/wp\/v2\/posts\/755","targetHints":{"allow":["GET"]}}],"collection":[{"href":"https:\/\/wp.ufpel.edu.br\/obeducpacto\/wp-json\/wp\/v2\/posts"}],"about":[{"href":"https:\/\/wp.ufpel.edu.br\/obeducpacto\/wp-json\/wp\/v2\/types\/post"}],"author":[{"embeddable":true,"href":"https:\/\/wp.ufpel.edu.br\/obeducpacto\/wp-json\/wp\/v2\/users\/329"}],"replies":[{"embeddable":true,"href":"https:\/\/wp.ufpel.edu.br\/obeducpacto\/wp-json\/wp\/v2\/comments?post=755"}],"version-history":[{"count":3,"href":"https:\/\/wp.ufpel.edu.br\/obeducpacto\/wp-json\/wp\/v2\/posts\/755\/revisions"}],"predecessor-version":[{"id":762,"href":"https:\/\/wp.ufpel.edu.br\/obeducpacto\/wp-json\/wp\/v2\/posts\/755\/revisions\/762"}],"wp:attachment":[{"href":"https:\/\/wp.ufpel.edu.br\/obeducpacto\/wp-json\/wp\/v2\/media?parent=755"}],"wp:term":[{"taxonomy":"category","embeddable":true,"href":"https:\/\/wp.ufpel.edu.br\/obeducpacto\/wp-json\/wp\/v2\/categories?post=755"},{"taxonomy":"post_tag","embeddable":true,"href":"https:\/\/wp.ufpel.edu.br\/obeducpacto\/wp-json\/wp\/v2\/tags?post=755"}],"curies":[{"name":"wp","href":"https:\/\/api.w.org\/{rel}","templated":true}]}}