{"id":745,"date":"2016-08-24T09:17:41","date_gmt":"2016-08-24T12:17:41","guid":{"rendered":"https:\/\/wp.ufpel.edu.br\/obeducpacto\/?p=745"},"modified":"2016-08-24T09:17:41","modified_gmt":"2016-08-24T12:17:41","slug":"apresentacao","status":"publish","type":"post","link":"https:\/\/wp.ufpel.edu.br\/obeducpacto\/2016\/08\/apresentacao\/","title":{"rendered":"Apresenta\u00e7\u00e3o"},"content":{"rendered":"<p>O Semin\u00e1rio Estadual 2014 encerrou as atividades anuais de forma\u00e7\u00e3o do Programa Pacto Nacional pela Alfabetiza\u00e7\u00e3o na Idade Certa\/Matem\u00e1tica (PNAIC), cujo objetivo principal foi a Forma\u00e7\u00e3o continuada de Professores das Redes P\u00fablicas de Ensino que atuam nos tr\u00eas primeiros anos do Ensino Fundamental, a\u00e7\u00e3o coordenada, em parte do Rio Grande do Sul, pela Universidade Federal de Pelotas (UFPel). A Equipe PNAIC-UFPel organizou este evento com o intuito de criar um espa\u00e7o para o compartilhamento e a avalia\u00e7\u00e3o das atividades desenvolvidas ao longo do ano de 2014. Um grupo de 38 formadores e 517 professores Orientadores de Estudo, de 150 munic\u00edpios ga\u00fachos, celebrou a conclus\u00e3o com os professores e com a comunidade o t\u00e9rmino de um ano de trabalho intenso. Os resultados deste investimento, que mobilizou os governos Federal, Estadual e Municipais assim como a equipe da Universidade e, sobretudo, os Professores Alfabetizadores, foram vislumbrados em apresenta\u00e7\u00f5es sob forma de relato de experi\u00eancia. Ao t\u00e9rmino deste Semin\u00e1rio, foram cumpridas as 200 horas de forma\u00e7\u00e3o com os Orientadores de Estudos. Os resumos que constituem este caderno apresentam os resultados de estudos e pr\u00e1ticas de forma\u00e7\u00e3o continuada desenvolvidas ao longo de 2014.<\/p>\n","protected":false},"excerpt":{"rendered":"<p>O Semin\u00e1rio Estadual 2014 encerrou as atividades anuais de forma\u00e7\u00e3o do Programa Pacto Nacional pela Alfabetiza\u00e7\u00e3o na Idade Certa\/Matem\u00e1tica (PNAIC), cujo objetivo principal foi a Forma\u00e7\u00e3o continuada de Professores das Redes P\u00fablicas de Ensino que atuam nos tr\u00eas primeiros anos do Ensino Fundamental, a\u00e7\u00e3o coordenada, em parte do Rio Grande do Sul, pela Universidade Federal [&hellip;]<\/p>\n","protected":false},"author":329,"featured_media":0,"comment_status":"closed","ping_status":"closed","sticky":false,"template":"","format":"standard","meta":{"footnotes":""},"categories":[51111],"tags":[],"class_list":["post-745","post","type-post","status-publish","format-standard","hentry","category-apresentacao"],"yoast_head":"<!-- This site is optimized with the Yoast SEO plugin v26.7 - https:\/\/yoast.com\/wordpress\/plugins\/seo\/ -->\n<title>Apresenta\u00e7\u00e3o - OBEDUC - Pacto<\/title>\n<meta name=\"robots\" content=\"index, follow, max-snippet:-1, max-image-preview:large, max-video-preview:-1\" \/>\n<link rel=\"canonical\" href=\"https:\/\/wp.ufpel.edu.br\/obeducpacto\/2016\/08\/apresentacao\/\" \/>\n<meta property=\"og:locale\" content=\"pt_BR\" \/>\n<meta property=\"og:type\" content=\"article\" \/>\n<meta property=\"og:title\" content=\"Apresenta\u00e7\u00e3o - OBEDUC - Pacto\" \/>\n<meta property=\"og:description\" content=\"O Semin\u00e1rio Estadual 2014 encerrou as atividades anuais de forma\u00e7\u00e3o do Programa Pacto Nacional pela Alfabetiza\u00e7\u00e3o na Idade Certa\/Matem\u00e1tica (PNAIC), cujo objetivo principal foi a Forma\u00e7\u00e3o continuada de Professores das Redes P\u00fablicas de Ensino que atuam nos tr\u00eas primeiros anos do Ensino Fundamental, a\u00e7\u00e3o coordenada, em parte do Rio Grande do Sul, pela Universidade Federal [&hellip;]\" \/>\n<meta property=\"og:url\" content=\"https:\/\/wp.ufpel.edu.br\/obeducpacto\/2016\/08\/apresentacao\/\" \/>\n<meta property=\"og:site_name\" content=\"OBEDUC - Pacto\" \/>\n<meta property=\"article:published_time\" content=\"2016-08-24T12:17:41+00:00\" \/>\n<meta name=\"author\" content=\"obeducpacto\" \/>\n<meta name=\"twitter:card\" content=\"summary_large_image\" \/>\n<meta name=\"twitter:label1\" content=\"Escrito por\" \/>\n\t<meta name=\"twitter:data1\" content=\"obeducpacto\" \/>\n\t<meta name=\"twitter:label2\" content=\"Est. tempo de leitura\" \/>\n\t<meta name=\"twitter:data2\" content=\"1 minuto\" \/>\n<script type=\"application\/ld+json\" class=\"yoast-schema-graph\">{\"@context\":\"https:\/\/schema.org\",\"@graph\":[{\"@type\":\"Article\",\"@id\":\"https:\/\/wp.ufpel.edu.br\/obeducpacto\/2016\/08\/apresentacao\/#article\",\"isPartOf\":{\"@id\":\"https:\/\/wp.ufpel.edu.br\/obeducpacto\/2016\/08\/apresentacao\/\"},\"author\":{\"name\":\"obeducpacto\",\"@id\":\"https:\/\/wp.ufpel.edu.br\/obeducpacto\/#\/schema\/person\/36ac37e4742a6c6409cc58d618de2650\"},\"headline\":\"Apresenta\u00e7\u00e3o\",\"datePublished\":\"2016-08-24T12:17:41+00:00\",\"mainEntityOfPage\":{\"@id\":\"https:\/\/wp.ufpel.edu.br\/obeducpacto\/2016\/08\/apresentacao\/\"},\"wordCount\":206,\"publisher\":{\"@id\":\"https:\/\/wp.ufpel.edu.br\/obeducpacto\/#organization\"},\"articleSection\":[\"Apresenta\u00e7\u00e3o\"],\"inLanguage\":\"pt-BR\"},{\"@type\":\"WebPage\",\"@id\":\"https:\/\/wp.ufpel.edu.br\/obeducpacto\/2016\/08\/apresentacao\/\",\"url\":\"https:\/\/wp.ufpel.edu.br\/obeducpacto\/2016\/08\/apresentacao\/\",\"name\":\"Apresenta\u00e7\u00e3o - OBEDUC - Pacto\",\"isPartOf\":{\"@id\":\"https:\/\/wp.ufpel.edu.br\/obeducpacto\/#website\"},\"datePublished\":\"2016-08-24T12:17:41+00:00\",\"breadcrumb\":{\"@id\":\"https:\/\/wp.ufpel.edu.br\/obeducpacto\/2016\/08\/apresentacao\/#breadcrumb\"},\"inLanguage\":\"pt-BR\",\"potentialAction\":[{\"@type\":\"ReadAction\",\"target\":[\"https:\/\/wp.ufpel.edu.br\/obeducpacto\/2016\/08\/apresentacao\/\"]}]},{\"@type\":\"BreadcrumbList\",\"@id\":\"https:\/\/wp.ufpel.edu.br\/obeducpacto\/2016\/08\/apresentacao\/#breadcrumb\",\"itemListElement\":[{\"@type\":\"ListItem\",\"position\":1,\"name\":\"In\u00edcio\",\"item\":\"https:\/\/wp.ufpel.edu.br\/obeducpacto\/\"},{\"@type\":\"ListItem\",\"position\":2,\"name\":\"Apresenta\u00e7\u00e3o\"}]},{\"@type\":\"WebSite\",\"@id\":\"https:\/\/wp.ufpel.edu.br\/obeducpacto\/#website\",\"url\":\"https:\/\/wp.ufpel.edu.br\/obeducpacto\/\",\"name\":\"OBEDUC - Pacto\",\"description\":\"Universidade Federal de Pelotas\",\"publisher\":{\"@id\":\"https:\/\/wp.ufpel.edu.br\/obeducpacto\/#organization\"},\"potentialAction\":[{\"@type\":\"SearchAction\",\"target\":{\"@type\":\"EntryPoint\",\"urlTemplate\":\"https:\/\/wp.ufpel.edu.br\/obeducpacto\/?s={search_term_string}\"},\"query-input\":{\"@type\":\"PropertyValueSpecification\",\"valueRequired\":true,\"valueName\":\"search_term_string\"}}],\"inLanguage\":\"pt-BR\"},{\"@type\":\"Organization\",\"@id\":\"https:\/\/wp.ufpel.edu.br\/obeducpacto\/#organization\",\"name\":\"OBEDUC - Pacto\",\"url\":\"https:\/\/wp.ufpel.edu.br\/obeducpacto\/\",\"logo\":{\"@type\":\"ImageObject\",\"inLanguage\":\"pt-BR\",\"@id\":\"https:\/\/wp.ufpel.edu.br\/obeducpacto\/#\/schema\/logo\/image\/\",\"url\":\"https:\/\/wp.ufpel.edu.br\/obeducpacto\/files\/2025\/08\/OBEDUC-Pacto-Marca-G-TRANPARENTE.png\",\"contentUrl\":\"https:\/\/wp.ufpel.edu.br\/obeducpacto\/files\/2025\/08\/OBEDUC-Pacto-Marca-G-TRANPARENTE.png\",\"width\":1000,\"height\":906,\"caption\":\"OBEDUC - Pacto\"},\"image\":{\"@id\":\"https:\/\/wp.ufpel.edu.br\/obeducpacto\/#\/schema\/logo\/image\/\"}},{\"@type\":\"Person\",\"@id\":\"https:\/\/wp.ufpel.edu.br\/obeducpacto\/#\/schema\/person\/36ac37e4742a6c6409cc58d618de2650\",\"name\":\"obeducpacto\",\"image\":{\"@type\":\"ImageObject\",\"inLanguage\":\"pt-BR\",\"@id\":\"https:\/\/wp.ufpel.edu.br\/obeducpacto\/#\/schema\/person\/image\/\",\"url\":\"https:\/\/secure.gravatar.com\/avatar\/2cf9f00bba1f365609f0f6b6e3098266c436e83d3432212e89e427de78689880?s=96&d=mm&r=g\",\"contentUrl\":\"https:\/\/secure.gravatar.com\/avatar\/2cf9f00bba1f365609f0f6b6e3098266c436e83d3432212e89e427de78689880?s=96&d=mm&r=g\",\"caption\":\"obeducpacto\"},\"url\":\"https:\/\/wp.ufpel.edu.br\/obeducpacto\/author\/obeducpacto\/\"}]}<\/script>\n<!-- \/ Yoast SEO plugin. -->","yoast_head_json":{"title":"Apresenta\u00e7\u00e3o - OBEDUC - Pacto","robots":{"index":"index","follow":"follow","max-snippet":"max-snippet:-1","max-image-preview":"max-image-preview:large","max-video-preview":"max-video-preview:-1"},"canonical":"https:\/\/wp.ufpel.edu.br\/obeducpacto\/2016\/08\/apresentacao\/","og_locale":"pt_BR","og_type":"article","og_title":"Apresenta\u00e7\u00e3o - OBEDUC - Pacto","og_description":"O Semin\u00e1rio Estadual 2014 encerrou as atividades anuais de forma\u00e7\u00e3o do Programa Pacto Nacional pela Alfabetiza\u00e7\u00e3o na Idade Certa\/Matem\u00e1tica (PNAIC), cujo objetivo principal foi a Forma\u00e7\u00e3o continuada de Professores das Redes P\u00fablicas de Ensino que atuam nos tr\u00eas primeiros anos do Ensino Fundamental, a\u00e7\u00e3o coordenada, em parte do Rio Grande do Sul, pela Universidade Federal [&hellip;]","og_url":"https:\/\/wp.ufpel.edu.br\/obeducpacto\/2016\/08\/apresentacao\/","og_site_name":"OBEDUC - Pacto","article_published_time":"2016-08-24T12:17:41+00:00","author":"obeducpacto","twitter_card":"summary_large_image","twitter_misc":{"Escrito por":"obeducpacto","Est. tempo de leitura":"1 minuto"},"schema":{"@context":"https:\/\/schema.org","@graph":[{"@type":"Article","@id":"https:\/\/wp.ufpel.edu.br\/obeducpacto\/2016\/08\/apresentacao\/#article","isPartOf":{"@id":"https:\/\/wp.ufpel.edu.br\/obeducpacto\/2016\/08\/apresentacao\/"},"author":{"name":"obeducpacto","@id":"https:\/\/wp.ufpel.edu.br\/obeducpacto\/#\/schema\/person\/36ac37e4742a6c6409cc58d618de2650"},"headline":"Apresenta\u00e7\u00e3o","datePublished":"2016-08-24T12:17:41+00:00","mainEntityOfPage":{"@id":"https:\/\/wp.ufpel.edu.br\/obeducpacto\/2016\/08\/apresentacao\/"},"wordCount":206,"publisher":{"@id":"https:\/\/wp.ufpel.edu.br\/obeducpacto\/#organization"},"articleSection":["Apresenta\u00e7\u00e3o"],"inLanguage":"pt-BR"},{"@type":"WebPage","@id":"https:\/\/wp.ufpel.edu.br\/obeducpacto\/2016\/08\/apresentacao\/","url":"https:\/\/wp.ufpel.edu.br\/obeducpacto\/2016\/08\/apresentacao\/","name":"Apresenta\u00e7\u00e3o - OBEDUC - Pacto","isPartOf":{"@id":"https:\/\/wp.ufpel.edu.br\/obeducpacto\/#website"},"datePublished":"2016-08-24T12:17:41+00:00","breadcrumb":{"@id":"https:\/\/wp.ufpel.edu.br\/obeducpacto\/2016\/08\/apresentacao\/#breadcrumb"},"inLanguage":"pt-BR","potentialAction":[{"@type":"ReadAction","target":["https:\/\/wp.ufpel.edu.br\/obeducpacto\/2016\/08\/apresentacao\/"]}]},{"@type":"BreadcrumbList","@id":"https:\/\/wp.ufpel.edu.br\/obeducpacto\/2016\/08\/apresentacao\/#breadcrumb","itemListElement":[{"@type":"ListItem","position":1,"name":"In\u00edcio","item":"https:\/\/wp.ufpel.edu.br\/obeducpacto\/"},{"@type":"ListItem","position":2,"name":"Apresenta\u00e7\u00e3o"}]},{"@type":"WebSite","@id":"https:\/\/wp.ufpel.edu.br\/obeducpacto\/#website","url":"https:\/\/wp.ufpel.edu.br\/obeducpacto\/","name":"OBEDUC - Pacto","description":"Universidade Federal de Pelotas","publisher":{"@id":"https:\/\/wp.ufpel.edu.br\/obeducpacto\/#organization"},"potentialAction":[{"@type":"SearchAction","target":{"@type":"EntryPoint","urlTemplate":"https:\/\/wp.ufpel.edu.br\/obeducpacto\/?s={search_term_string}"},"query-input":{"@type":"PropertyValueSpecification","valueRequired":true,"valueName":"search_term_string"}}],"inLanguage":"pt-BR"},{"@type":"Organization","@id":"https:\/\/wp.ufpel.edu.br\/obeducpacto\/#organization","name":"OBEDUC - Pacto","url":"https:\/\/wp.ufpel.edu.br\/obeducpacto\/","logo":{"@type":"ImageObject","inLanguage":"pt-BR","@id":"https:\/\/wp.ufpel.edu.br\/obeducpacto\/#\/schema\/logo\/image\/","url":"https:\/\/wp.ufpel.edu.br\/obeducpacto\/files\/2025\/08\/OBEDUC-Pacto-Marca-G-TRANPARENTE.png","contentUrl":"https:\/\/wp.ufpel.edu.br\/obeducpacto\/files\/2025\/08\/OBEDUC-Pacto-Marca-G-TRANPARENTE.png","width":1000,"height":906,"caption":"OBEDUC - Pacto"},"image":{"@id":"https:\/\/wp.ufpel.edu.br\/obeducpacto\/#\/schema\/logo\/image\/"}},{"@type":"Person","@id":"https:\/\/wp.ufpel.edu.br\/obeducpacto\/#\/schema\/person\/36ac37e4742a6c6409cc58d618de2650","name":"obeducpacto","image":{"@type":"ImageObject","inLanguage":"pt-BR","@id":"https:\/\/wp.ufpel.edu.br\/obeducpacto\/#\/schema\/person\/image\/","url":"https:\/\/secure.gravatar.com\/avatar\/2cf9f00bba1f365609f0f6b6e3098266c436e83d3432212e89e427de78689880?s=96&d=mm&r=g","contentUrl":"https:\/\/secure.gravatar.com\/avatar\/2cf9f00bba1f365609f0f6b6e3098266c436e83d3432212e89e427de78689880?s=96&d=mm&r=g","caption":"obeducpacto"},"url":"https:\/\/wp.ufpel.edu.br\/obeducpacto\/author\/obeducpacto\/"}]}},"jetpack_featured_media_url":"","_links":{"self":[{"href":"https:\/\/wp.ufpel.edu.br\/obeducpacto\/wp-json\/wp\/v2\/posts\/745","targetHints":{"allow":["GET"]}}],"collection":[{"href":"https:\/\/wp.ufpel.edu.br\/obeducpacto\/wp-json\/wp\/v2\/posts"}],"about":[{"href":"https:\/\/wp.ufpel.edu.br\/obeducpacto\/wp-json\/wp\/v2\/types\/post"}],"author":[{"embeddable":true,"href":"https:\/\/wp.ufpel.edu.br\/obeducpacto\/wp-json\/wp\/v2\/users\/329"}],"replies":[{"embeddable":true,"href":"https:\/\/wp.ufpel.edu.br\/obeducpacto\/wp-json\/wp\/v2\/comments?post=745"}],"version-history":[{"count":1,"href":"https:\/\/wp.ufpel.edu.br\/obeducpacto\/wp-json\/wp\/v2\/posts\/745\/revisions"}],"predecessor-version":[{"id":747,"href":"https:\/\/wp.ufpel.edu.br\/obeducpacto\/wp-json\/wp\/v2\/posts\/745\/revisions\/747"}],"wp:attachment":[{"href":"https:\/\/wp.ufpel.edu.br\/obeducpacto\/wp-json\/wp\/v2\/media?parent=745"}],"wp:term":[{"taxonomy":"category","embeddable":true,"href":"https:\/\/wp.ufpel.edu.br\/obeducpacto\/wp-json\/wp\/v2\/categories?post=745"},{"taxonomy":"post_tag","embeddable":true,"href":"https:\/\/wp.ufpel.edu.br\/obeducpacto\/wp-json\/wp\/v2\/tags?post=745"}],"curies":[{"name":"wp","href":"https:\/\/api.w.org\/{rel}","templated":true}]}}