{"id":742,"date":"2016-08-24T09:15:16","date_gmt":"2016-08-24T12:15:16","guid":{"rendered":"https:\/\/wp.ufpel.edu.br\/obeducpacto\/?p=742"},"modified":"2016-08-24T09:59:47","modified_gmt":"2016-08-24T12:59:47","slug":"seminario-integrador-dos-observatorios-da-educacao-caderno-de-resumos","status":"publish","type":"post","link":"https:\/\/wp.ufpel.edu.br\/obeducpacto\/2016\/08\/seminario-integrador-dos-observatorios-da-educacao-caderno-de-resumos\/","title":{"rendered":"Semin\u00e1rio Integrador dos Observat\u00f3rios da Educa\u00e7\u00e3o &#8211; Caderno de Resumos"},"content":{"rendered":"<p>Link dispon\u00edvel para download em pdf: <a href=\"https:\/\/wp.ufpel.edu.br\/obeducpacto\/files\/2016\/04\/Caderno-de-Resumos-Seminario-OBEDUC-2014-final.pdf\">Semin\u00e1rio Integrador dos Observat\u00f3rios da Educa\u00e7\u00e3o &#8211; Caderno de Resumos\u00a0<\/a><\/p>\n<ul>\n<li><a href=\"https:\/\/wp.ufpel.edu.br\/obeducpacto\/category\/apresentacao\/\">Apresenta\u00e7\u00e3o<\/a><\/li>\n<li><a href=\"https:\/\/wp.ufpel.edu.br\/obeducpacto\/category\/normas-para-publicacao\/\">Normas para publica\u00e7\u00e3o<\/a><\/li>\n<li><a href=\"https:\/\/wp.ufpel.edu.br\/obeducpacto\/category\/expediente\/\">Expediente<\/a><\/li>\n<li><a href=\"https:\/\/wp.ufpel.edu.br\/obeducpacto\/category\/edicao-atual\/\">Edi\u00e7\u00e3o atual<\/a><\/li>\n<li><a href=\"https:\/\/wp.ufpel.edu.br\/obeducpacto\/category\/edicoes-anteriores\/\">Edi\u00e7\u00f5es anteriores<\/a><\/li>\n<\/ul>\n","protected":false},"excerpt":{"rendered":"<p>Link dispon\u00edvel para download em pdf: Semin\u00e1rio Integrador dos Observat\u00f3rios da Educa\u00e7\u00e3o &#8211; Caderno de Resumos\u00a0 Apresenta\u00e7\u00e3o Normas para publica\u00e7\u00e3o Expediente Edi\u00e7\u00e3o atual Edi\u00e7\u00f5es anteriores<\/p>\n","protected":false},"author":329,"featured_media":0,"comment_status":"closed","ping_status":"closed","sticky":false,"template":"","format":"standard","meta":{"footnotes":""},"categories":[51120],"tags":[],"class_list":["post-742","post","type-post","status-publish","format-standard","hentry","category-seminario-integrador-dos-observatorios-da-educacao-caderno-de-resumos"],"yoast_head":"<!-- This site is optimized with the Yoast SEO plugin v26.7 - https:\/\/yoast.com\/wordpress\/plugins\/seo\/ -->\n<title>Semin\u00e1rio Integrador dos Observat\u00f3rios da Educa\u00e7\u00e3o - Caderno de Resumos - OBEDUC - Pacto<\/title>\n<meta name=\"robots\" content=\"index, follow, max-snippet:-1, max-image-preview:large, max-video-preview:-1\" \/>\n<link rel=\"canonical\" href=\"https:\/\/wp.ufpel.edu.br\/obeducpacto\/2016\/08\/seminario-integrador-dos-observatorios-da-educacao-caderno-de-resumos\/\" \/>\n<meta property=\"og:locale\" content=\"pt_BR\" \/>\n<meta property=\"og:type\" content=\"article\" \/>\n<meta property=\"og:title\" content=\"Semin\u00e1rio Integrador dos Observat\u00f3rios da Educa\u00e7\u00e3o - Caderno de Resumos - OBEDUC - Pacto\" \/>\n<meta property=\"og:description\" content=\"Link dispon\u00edvel para download em pdf: Semin\u00e1rio Integrador dos Observat\u00f3rios da Educa\u00e7\u00e3o &#8211; Caderno de Resumos\u00a0 Apresenta\u00e7\u00e3o Normas para publica\u00e7\u00e3o Expediente Edi\u00e7\u00e3o atual Edi\u00e7\u00f5es anteriores\" \/>\n<meta property=\"og:url\" content=\"https:\/\/wp.ufpel.edu.br\/obeducpacto\/2016\/08\/seminario-integrador-dos-observatorios-da-educacao-caderno-de-resumos\/\" \/>\n<meta property=\"og:site_name\" content=\"OBEDUC - Pacto\" \/>\n<meta property=\"article:published_time\" content=\"2016-08-24T12:15:16+00:00\" \/>\n<meta property=\"article:modified_time\" content=\"2016-08-24T12:59:47+00:00\" \/>\n<meta name=\"author\" content=\"obeducpacto\" \/>\n<meta name=\"twitter:card\" content=\"summary_large_image\" \/>\n<meta name=\"twitter:label1\" content=\"Escrito por\" \/>\n\t<meta name=\"twitter:data1\" content=\"obeducpacto\" \/>\n<script type=\"application\/ld+json\" class=\"yoast-schema-graph\">{\"@context\":\"https:\/\/schema.org\",\"@graph\":[{\"@type\":\"Article\",\"@id\":\"https:\/\/wp.ufpel.edu.br\/obeducpacto\/2016\/08\/seminario-integrador-dos-observatorios-da-educacao-caderno-de-resumos\/#article\",\"isPartOf\":{\"@id\":\"https:\/\/wp.ufpel.edu.br\/obeducpacto\/2016\/08\/seminario-integrador-dos-observatorios-da-educacao-caderno-de-resumos\/\"},\"author\":{\"name\":\"obeducpacto\",\"@id\":\"https:\/\/wp.ufpel.edu.br\/obeducpacto\/#\/schema\/person\/36ac37e4742a6c6409cc58d618de2650\"},\"headline\":\"Semin\u00e1rio Integrador dos Observat\u00f3rios da Educa\u00e7\u00e3o &#8211; Caderno de Resumos\",\"datePublished\":\"2016-08-24T12:15:16+00:00\",\"dateModified\":\"2016-08-24T12:59:47+00:00\",\"mainEntityOfPage\":{\"@id\":\"https:\/\/wp.ufpel.edu.br\/obeducpacto\/2016\/08\/seminario-integrador-dos-observatorios-da-educacao-caderno-de-resumos\/\"},\"wordCount\":46,\"publisher\":{\"@id\":\"https:\/\/wp.ufpel.edu.br\/obeducpacto\/#organization\"},\"articleSection\":[\"Semin\u00e1rio Integrador dos Observat\u00f3rios da Educa\u00e7\u00e3o - Caderno de Resumos\"],\"inLanguage\":\"pt-BR\"},{\"@type\":\"WebPage\",\"@id\":\"https:\/\/wp.ufpel.edu.br\/obeducpacto\/2016\/08\/seminario-integrador-dos-observatorios-da-educacao-caderno-de-resumos\/\",\"url\":\"https:\/\/wp.ufpel.edu.br\/obeducpacto\/2016\/08\/seminario-integrador-dos-observatorios-da-educacao-caderno-de-resumos\/\",\"name\":\"Semin\u00e1rio Integrador dos Observat\u00f3rios da Educa\u00e7\u00e3o - Caderno de Resumos - OBEDUC - Pacto\",\"isPartOf\":{\"@id\":\"https:\/\/wp.ufpel.edu.br\/obeducpacto\/#website\"},\"datePublished\":\"2016-08-24T12:15:16+00:00\",\"dateModified\":\"2016-08-24T12:59:47+00:00\",\"breadcrumb\":{\"@id\":\"https:\/\/wp.ufpel.edu.br\/obeducpacto\/2016\/08\/seminario-integrador-dos-observatorios-da-educacao-caderno-de-resumos\/#breadcrumb\"},\"inLanguage\":\"pt-BR\",\"potentialAction\":[{\"@type\":\"ReadAction\",\"target\":[\"https:\/\/wp.ufpel.edu.br\/obeducpacto\/2016\/08\/seminario-integrador-dos-observatorios-da-educacao-caderno-de-resumos\/\"]}]},{\"@type\":\"BreadcrumbList\",\"@id\":\"https:\/\/wp.ufpel.edu.br\/obeducpacto\/2016\/08\/seminario-integrador-dos-observatorios-da-educacao-caderno-de-resumos\/#breadcrumb\",\"itemListElement\":[{\"@type\":\"ListItem\",\"position\":1,\"name\":\"In\u00edcio\",\"item\":\"https:\/\/wp.ufpel.edu.br\/obeducpacto\/\"},{\"@type\":\"ListItem\",\"position\":2,\"name\":\"Semin\u00e1rio Integrador dos Observat\u00f3rios da Educa\u00e7\u00e3o &#8211; Caderno de Resumos\"}]},{\"@type\":\"WebSite\",\"@id\":\"https:\/\/wp.ufpel.edu.br\/obeducpacto\/#website\",\"url\":\"https:\/\/wp.ufpel.edu.br\/obeducpacto\/\",\"name\":\"OBEDUC - Pacto\",\"description\":\"Universidade Federal de Pelotas\",\"publisher\":{\"@id\":\"https:\/\/wp.ufpel.edu.br\/obeducpacto\/#organization\"},\"potentialAction\":[{\"@type\":\"SearchAction\",\"target\":{\"@type\":\"EntryPoint\",\"urlTemplate\":\"https:\/\/wp.ufpel.edu.br\/obeducpacto\/?s={search_term_string}\"},\"query-input\":{\"@type\":\"PropertyValueSpecification\",\"valueRequired\":true,\"valueName\":\"search_term_string\"}}],\"inLanguage\":\"pt-BR\"},{\"@type\":\"Organization\",\"@id\":\"https:\/\/wp.ufpel.edu.br\/obeducpacto\/#organization\",\"name\":\"OBEDUC - Pacto\",\"url\":\"https:\/\/wp.ufpel.edu.br\/obeducpacto\/\",\"logo\":{\"@type\":\"ImageObject\",\"inLanguage\":\"pt-BR\",\"@id\":\"https:\/\/wp.ufpel.edu.br\/obeducpacto\/#\/schema\/logo\/image\/\",\"url\":\"https:\/\/wp.ufpel.edu.br\/obeducpacto\/files\/2025\/08\/OBEDUC-Pacto-Marca-G-TRANPARENTE.png\",\"contentUrl\":\"https:\/\/wp.ufpel.edu.br\/obeducpacto\/files\/2025\/08\/OBEDUC-Pacto-Marca-G-TRANPARENTE.png\",\"width\":1000,\"height\":906,\"caption\":\"OBEDUC - Pacto\"},\"image\":{\"@id\":\"https:\/\/wp.ufpel.edu.br\/obeducpacto\/#\/schema\/logo\/image\/\"}},{\"@type\":\"Person\",\"@id\":\"https:\/\/wp.ufpel.edu.br\/obeducpacto\/#\/schema\/person\/36ac37e4742a6c6409cc58d618de2650\",\"name\":\"obeducpacto\",\"image\":{\"@type\":\"ImageObject\",\"inLanguage\":\"pt-BR\",\"@id\":\"https:\/\/wp.ufpel.edu.br\/obeducpacto\/#\/schema\/person\/image\/\",\"url\":\"https:\/\/secure.gravatar.com\/avatar\/2cf9f00bba1f365609f0f6b6e3098266c436e83d3432212e89e427de78689880?s=96&d=mm&r=g\",\"contentUrl\":\"https:\/\/secure.gravatar.com\/avatar\/2cf9f00bba1f365609f0f6b6e3098266c436e83d3432212e89e427de78689880?s=96&d=mm&r=g\",\"caption\":\"obeducpacto\"},\"url\":\"https:\/\/wp.ufpel.edu.br\/obeducpacto\/author\/obeducpacto\/\"}]}<\/script>\n<!-- \/ Yoast SEO plugin. -->","yoast_head_json":{"title":"Semin\u00e1rio Integrador dos Observat\u00f3rios da Educa\u00e7\u00e3o - Caderno de Resumos - OBEDUC - Pacto","robots":{"index":"index","follow":"follow","max-snippet":"max-snippet:-1","max-image-preview":"max-image-preview:large","max-video-preview":"max-video-preview:-1"},"canonical":"https:\/\/wp.ufpel.edu.br\/obeducpacto\/2016\/08\/seminario-integrador-dos-observatorios-da-educacao-caderno-de-resumos\/","og_locale":"pt_BR","og_type":"article","og_title":"Semin\u00e1rio Integrador dos Observat\u00f3rios da Educa\u00e7\u00e3o - Caderno de Resumos - OBEDUC - Pacto","og_description":"Link dispon\u00edvel para download em pdf: Semin\u00e1rio Integrador dos Observat\u00f3rios da Educa\u00e7\u00e3o &#8211; Caderno de Resumos\u00a0 Apresenta\u00e7\u00e3o Normas para publica\u00e7\u00e3o Expediente Edi\u00e7\u00e3o atual Edi\u00e7\u00f5es anteriores","og_url":"https:\/\/wp.ufpel.edu.br\/obeducpacto\/2016\/08\/seminario-integrador-dos-observatorios-da-educacao-caderno-de-resumos\/","og_site_name":"OBEDUC - Pacto","article_published_time":"2016-08-24T12:15:16+00:00","article_modified_time":"2016-08-24T12:59:47+00:00","author":"obeducpacto","twitter_card":"summary_large_image","twitter_misc":{"Escrito por":"obeducpacto"},"schema":{"@context":"https:\/\/schema.org","@graph":[{"@type":"Article","@id":"https:\/\/wp.ufpel.edu.br\/obeducpacto\/2016\/08\/seminario-integrador-dos-observatorios-da-educacao-caderno-de-resumos\/#article","isPartOf":{"@id":"https:\/\/wp.ufpel.edu.br\/obeducpacto\/2016\/08\/seminario-integrador-dos-observatorios-da-educacao-caderno-de-resumos\/"},"author":{"name":"obeducpacto","@id":"https:\/\/wp.ufpel.edu.br\/obeducpacto\/#\/schema\/person\/36ac37e4742a6c6409cc58d618de2650"},"headline":"Semin\u00e1rio Integrador dos Observat\u00f3rios da Educa\u00e7\u00e3o &#8211; Caderno de Resumos","datePublished":"2016-08-24T12:15:16+00:00","dateModified":"2016-08-24T12:59:47+00:00","mainEntityOfPage":{"@id":"https:\/\/wp.ufpel.edu.br\/obeducpacto\/2016\/08\/seminario-integrador-dos-observatorios-da-educacao-caderno-de-resumos\/"},"wordCount":46,"publisher":{"@id":"https:\/\/wp.ufpel.edu.br\/obeducpacto\/#organization"},"articleSection":["Semin\u00e1rio Integrador dos Observat\u00f3rios da Educa\u00e7\u00e3o - Caderno de Resumos"],"inLanguage":"pt-BR"},{"@type":"WebPage","@id":"https:\/\/wp.ufpel.edu.br\/obeducpacto\/2016\/08\/seminario-integrador-dos-observatorios-da-educacao-caderno-de-resumos\/","url":"https:\/\/wp.ufpel.edu.br\/obeducpacto\/2016\/08\/seminario-integrador-dos-observatorios-da-educacao-caderno-de-resumos\/","name":"Semin\u00e1rio Integrador dos Observat\u00f3rios da Educa\u00e7\u00e3o - Caderno de Resumos - OBEDUC - Pacto","isPartOf":{"@id":"https:\/\/wp.ufpel.edu.br\/obeducpacto\/#website"},"datePublished":"2016-08-24T12:15:16+00:00","dateModified":"2016-08-24T12:59:47+00:00","breadcrumb":{"@id":"https:\/\/wp.ufpel.edu.br\/obeducpacto\/2016\/08\/seminario-integrador-dos-observatorios-da-educacao-caderno-de-resumos\/#breadcrumb"},"inLanguage":"pt-BR","potentialAction":[{"@type":"ReadAction","target":["https:\/\/wp.ufpel.edu.br\/obeducpacto\/2016\/08\/seminario-integrador-dos-observatorios-da-educacao-caderno-de-resumos\/"]}]},{"@type":"BreadcrumbList","@id":"https:\/\/wp.ufpel.edu.br\/obeducpacto\/2016\/08\/seminario-integrador-dos-observatorios-da-educacao-caderno-de-resumos\/#breadcrumb","itemListElement":[{"@type":"ListItem","position":1,"name":"In\u00edcio","item":"https:\/\/wp.ufpel.edu.br\/obeducpacto\/"},{"@type":"ListItem","position":2,"name":"Semin\u00e1rio Integrador dos Observat\u00f3rios da Educa\u00e7\u00e3o &#8211; Caderno de Resumos"}]},{"@type":"WebSite","@id":"https:\/\/wp.ufpel.edu.br\/obeducpacto\/#website","url":"https:\/\/wp.ufpel.edu.br\/obeducpacto\/","name":"OBEDUC - Pacto","description":"Universidade Federal de Pelotas","publisher":{"@id":"https:\/\/wp.ufpel.edu.br\/obeducpacto\/#organization"},"potentialAction":[{"@type":"SearchAction","target":{"@type":"EntryPoint","urlTemplate":"https:\/\/wp.ufpel.edu.br\/obeducpacto\/?s={search_term_string}"},"query-input":{"@type":"PropertyValueSpecification","valueRequired":true,"valueName":"search_term_string"}}],"inLanguage":"pt-BR"},{"@type":"Organization","@id":"https:\/\/wp.ufpel.edu.br\/obeducpacto\/#organization","name":"OBEDUC - Pacto","url":"https:\/\/wp.ufpel.edu.br\/obeducpacto\/","logo":{"@type":"ImageObject","inLanguage":"pt-BR","@id":"https:\/\/wp.ufpel.edu.br\/obeducpacto\/#\/schema\/logo\/image\/","url":"https:\/\/wp.ufpel.edu.br\/obeducpacto\/files\/2025\/08\/OBEDUC-Pacto-Marca-G-TRANPARENTE.png","contentUrl":"https:\/\/wp.ufpel.edu.br\/obeducpacto\/files\/2025\/08\/OBEDUC-Pacto-Marca-G-TRANPARENTE.png","width":1000,"height":906,"caption":"OBEDUC - Pacto"},"image":{"@id":"https:\/\/wp.ufpel.edu.br\/obeducpacto\/#\/schema\/logo\/image\/"}},{"@type":"Person","@id":"https:\/\/wp.ufpel.edu.br\/obeducpacto\/#\/schema\/person\/36ac37e4742a6c6409cc58d618de2650","name":"obeducpacto","image":{"@type":"ImageObject","inLanguage":"pt-BR","@id":"https:\/\/wp.ufpel.edu.br\/obeducpacto\/#\/schema\/person\/image\/","url":"https:\/\/secure.gravatar.com\/avatar\/2cf9f00bba1f365609f0f6b6e3098266c436e83d3432212e89e427de78689880?s=96&d=mm&r=g","contentUrl":"https:\/\/secure.gravatar.com\/avatar\/2cf9f00bba1f365609f0f6b6e3098266c436e83d3432212e89e427de78689880?s=96&d=mm&r=g","caption":"obeducpacto"},"url":"https:\/\/wp.ufpel.edu.br\/obeducpacto\/author\/obeducpacto\/"}]}},"jetpack_featured_media_url":"","_links":{"self":[{"href":"https:\/\/wp.ufpel.edu.br\/obeducpacto\/wp-json\/wp\/v2\/posts\/742","targetHints":{"allow":["GET"]}}],"collection":[{"href":"https:\/\/wp.ufpel.edu.br\/obeducpacto\/wp-json\/wp\/v2\/posts"}],"about":[{"href":"https:\/\/wp.ufpel.edu.br\/obeducpacto\/wp-json\/wp\/v2\/types\/post"}],"author":[{"embeddable":true,"href":"https:\/\/wp.ufpel.edu.br\/obeducpacto\/wp-json\/wp\/v2\/users\/329"}],"replies":[{"embeddable":true,"href":"https:\/\/wp.ufpel.edu.br\/obeducpacto\/wp-json\/wp\/v2\/comments?post=742"}],"version-history":[{"count":2,"href":"https:\/\/wp.ufpel.edu.br\/obeducpacto\/wp-json\/wp\/v2\/posts\/742\/revisions"}],"predecessor-version":[{"id":777,"href":"https:\/\/wp.ufpel.edu.br\/obeducpacto\/wp-json\/wp\/v2\/posts\/742\/revisions\/777"}],"wp:attachment":[{"href":"https:\/\/wp.ufpel.edu.br\/obeducpacto\/wp-json\/wp\/v2\/media?parent=742"}],"wp:term":[{"taxonomy":"category","embeddable":true,"href":"https:\/\/wp.ufpel.edu.br\/obeducpacto\/wp-json\/wp\/v2\/categories?post=742"},{"taxonomy":"post_tag","embeddable":true,"href":"https:\/\/wp.ufpel.edu.br\/obeducpacto\/wp-json\/wp\/v2\/tags?post=742"}],"curies":[{"name":"wp","href":"https:\/\/api.w.org\/{rel}","templated":true}]}}