{"id":692,"date":"2016-04-28T08:59:03","date_gmt":"2016-04-28T11:59:03","guid":{"rendered":"https:\/\/wp.ufpel.edu.br\/obeducpacto\/?p=692"},"modified":"2016-08-24T08:52:51","modified_gmt":"2016-08-24T11:52:51","slug":"692","status":"publish","type":"post","link":"https:\/\/wp.ufpel.edu.br\/obeducpacto\/2016\/04\/692\/","title":{"rendered":""},"content":{"rendered":"<p><a href=\"https:\/\/wp.ufpel.edu.br\/obeducpacto\/files\/2016\/04\/Caderno-de-Resumos-Seminario-PNAIC-2013-final.pdf\">Caderno de Resumos: Semin\u00e1rio PNAIC<\/a><\/p>\n<p>1. Apresenta\u00e7\u00e3o<\/p>\n<p>O Semin\u00e1rio Estadual encerrou a primeira etapa de implementa\u00e7\u00e3o do Programa do Pacto Nacional pela Alfabetiza\u00e7\u00e3o na Idade Certa (PNAIC), com foco na Linguagem e Alfabetiza\u00e7\u00e3o, cujo objetivo principal foi a Forma\u00e7\u00e3o continuada de Professores das Redes P\u00fablicas de Ensino que atuam nos tr\u00eas primeiros anos do Ensino Fundamental, a\u00e7\u00e3o coordenada, em parte do Rio Grande do Sul, pela Universidade Federal de Pelotas (UFPel). A Equipe Pacto-UFPel organizou este evento com o intuito de criar um espa\u00e7o para o compartilhamento e a avalia\u00e7\u00e3o das atividades desenvolvidas ao longo de 2013. Um grupo de 19 formadores e 479 professores Orientadores de Estudo, de 143 munic\u00edpios ga\u00fachos, celebrou com os professores e com a comunidade o t\u00e9rmino de um ano de trabalho intenso. Os resultados deste investimento, que mobilizou os governos Federal, Estadual e Municipais assim como a equipe da Universidade e, sobretudo, os Professores Alfabetizadores, foram vislumbrados em apresenta\u00e7\u00f5es sob a forma de p\u00f4steres, comunica\u00e7\u00f5es ou mostra de materiais. Ao t\u00e9rmino deste Semin\u00e1rio, foram cumpridas 200 horas de forma\u00e7\u00e3o aos Orientadores de Estudos. Os resumos que constituem este caderno apresentam os resultados de estudos e pr\u00e1ticas de forma\u00e7\u00e3o continuada desenvolvidas ao longo de 2013.<\/p>\n<p>Coordena\u00e7\u00e3o Equipe PNAIC-UFPEL<\/p>\n<p>2. Corpo editorial<\/p>\n<p>Coordenadora Geral<\/p>\n<p>Ana Ruth Moresco Miranda<\/p>\n<p>Coordenadora Adjunta<\/p>\n<p>Ana Paula Nobre da Cunha<\/p>\n<p>Supervisores<\/p>\n<p>Patr\u00edcia Moura Pinho (Coordenadora Polo 1)<\/p>\n<p>Marta N\u00f6rnberg (Coordenadora Polo 2)<\/p>\n<p>Gilceane Caetano Porto (Coordenadora Polo 3)<\/p>\n<p>Gabriele Donitch (Supervisora)<\/p>\n<p>Apoio T\u00e9cnico<\/p>\n<p>Cristiane Rodrigues de Rodrigues<\/p>\n<p>Milena Medeiros de Mattos<\/p>\n<p>Nat\u00e1lia Dummer Zacher Reinke<\/p>\n<p>Identidade Visual e Diagrama\u00e7\u00e3o<\/p>\n<p>Chris de Azevedo Ramil<\/p>\n<p>P\u00e1gina Web<\/p>\n<p>Leroi Floriano de Oliveira<\/p>\n<p>Formadores<\/p>\n<p>Aline Vieira da Cunha<\/p>\n<p>Carmen Regina Gon\u00e7alves Ferreira<\/p>\n<p>Cristiane de \u00c1vila Lopes<\/p>\n<p>Cristina Debli Kr\u00fcger<\/p>\n<p>Daiani de Jesus Garcia<\/p>\n<p>Daniela Pedra Mattos<\/p>\n<p>Gisele Ramos Lima<\/p>\n<p>Jana\u00edna Soares Martins Lapuente<\/p>\n<p>Juliana Aquino Machado<\/p>\n<p>Let\u00edcia Pacheco dos Reis<\/p>\n<p>Luanda Alvariza Gomes Ney<\/p>\n<p>Luciane Tavares Pinheiro<\/p>\n<p>Maria Margarete Medeiros dos Santos<\/p>\n<p>Patr\u00edcia Bonow Fassbender<\/p>\n<p>Rosiani Teresinha Soares Machado<\/p>\n<p>Ruhena Kelber Abr\u00e3o Ferreira<\/p>\n<p>Silvia Nilc\u00e9ia Gon\u00e7alves<\/p>\n<p>Tai\u00e7ara Farias Canez<\/p>\n<p>T\u00e2nia Tuchtenhagen Clarindo<\/p>\n<p>Tatiane da Silva Christ<\/p>\n<p>3. Normas para publica\u00e7\u00e3o<\/p>\n<p>Caderno de Resumos [do] Semin\u00e1rio Estadual do Pacto Nacional pela Alfabetiza\u00e7\u00e3o na Idade Certa. 12 e 13 de dezembro de 2013\/RS. [recurso eletr\u00f4nico] &#8211; Pelotas : [s.n.], 2013. 201 p.<br \/>\n4. Endere\u00e7o de contato<\/p>\n<p>ufpel.obeduc.pacto@gmail.com<br \/>\n5. Edi\u00e7\u00e3o atual<\/p>\n<p>II Edi\u00e7\u00e3o (2014)<br \/>\n6. Edi\u00e7\u00f5es anteriores<\/p>\n<p>I Edi\u00e7\u00e3o (2013)<\/p>\n","protected":false},"excerpt":{"rendered":"<p>Caderno de Resumos: Semin\u00e1rio PNAIC 1. Apresenta\u00e7\u00e3o O Semin\u00e1rio Estadual encerrou a primeira etapa de implementa\u00e7\u00e3o do Programa do Pacto Nacional pela Alfabetiza\u00e7\u00e3o na Idade Certa (PNAIC), com foco na Linguagem e Alfabetiza\u00e7\u00e3o, cujo objetivo principal foi a Forma\u00e7\u00e3o continuada de Professores das Redes P\u00fablicas de Ensino que atuam nos tr\u00eas primeiros anos do Ensino [&hellip;]<\/p>\n","protected":false},"author":329,"featured_media":0,"comment_status":"closed","ping_status":"closed","sticky":false,"template":"","format":"standard","meta":{"footnotes":""},"categories":[51109],"tags":[],"class_list":["post-692","post","type-post","status-publish","format-standard","hentry","category-anais-de-evento-seminario-estadual-do-pnaic-2013"],"yoast_head":"<!-- This site is optimized with the Yoast SEO plugin v26.7 - https:\/\/yoast.com\/wordpress\/plugins\/seo\/ -->\n<title>- OBEDUC - Pacto<\/title>\n<meta name=\"robots\" content=\"index, follow, max-snippet:-1, max-image-preview:large, max-video-preview:-1\" \/>\n<link rel=\"canonical\" href=\"https:\/\/wp.ufpel.edu.br\/obeducpacto\/2016\/04\/692\/\" \/>\n<meta property=\"og:locale\" content=\"pt_BR\" \/>\n<meta property=\"og:type\" content=\"article\" \/>\n<meta property=\"og:title\" content=\"- OBEDUC - Pacto\" \/>\n<meta property=\"og:description\" content=\"Caderno de Resumos: Semin\u00e1rio PNAIC 1. Apresenta\u00e7\u00e3o O Semin\u00e1rio Estadual encerrou a primeira etapa de implementa\u00e7\u00e3o do Programa do Pacto Nacional pela Alfabetiza\u00e7\u00e3o na Idade Certa (PNAIC), com foco na Linguagem e Alfabetiza\u00e7\u00e3o, cujo objetivo principal foi a Forma\u00e7\u00e3o continuada de Professores das Redes P\u00fablicas de Ensino que atuam nos tr\u00eas primeiros anos do Ensino [&hellip;]\" \/>\n<meta property=\"og:url\" content=\"https:\/\/wp.ufpel.edu.br\/obeducpacto\/2016\/04\/692\/\" \/>\n<meta property=\"og:site_name\" content=\"OBEDUC - Pacto\" \/>\n<meta property=\"article:published_time\" content=\"2016-04-28T11:59:03+00:00\" \/>\n<meta property=\"article:modified_time\" content=\"2016-08-24T11:52:51+00:00\" \/>\n<meta name=\"author\" content=\"obeducpacto\" \/>\n<meta name=\"twitter:card\" content=\"summary_large_image\" \/>\n<meta name=\"twitter:label1\" content=\"Escrito por\" \/>\n\t<meta name=\"twitter:data1\" content=\"obeducpacto\" \/>\n\t<meta name=\"twitter:label2\" content=\"Est. tempo de leitura\" \/>\n\t<meta name=\"twitter:data2\" content=\"2 minutos\" \/>\n<script type=\"application\/ld+json\" class=\"yoast-schema-graph\">{\"@context\":\"https:\/\/schema.org\",\"@graph\":[{\"@type\":\"Article\",\"@id\":\"https:\/\/wp.ufpel.edu.br\/obeducpacto\/2016\/04\/692\/#article\",\"isPartOf\":{\"@id\":\"https:\/\/wp.ufpel.edu.br\/obeducpacto\/2016\/04\/692\/\"},\"author\":{\"name\":\"obeducpacto\",\"@id\":\"https:\/\/wp.ufpel.edu.br\/obeducpacto\/#\/schema\/person\/36ac37e4742a6c6409cc58d618de2650\"},\"headline\":\"Sem t\u00edtulo\",\"datePublished\":\"2016-04-28T11:59:03+00:00\",\"dateModified\":\"2016-08-24T11:52:51+00:00\",\"mainEntityOfPage\":{\"@id\":\"https:\/\/wp.ufpel.edu.br\/obeducpacto\/2016\/04\/692\/\"},\"wordCount\":424,\"publisher\":{\"@id\":\"https:\/\/wp.ufpel.edu.br\/obeducpacto\/#organization\"},\"articleSection\":[\"Anais de evento: Semin\u00e1rio Estadual do PNAIC 2013\"],\"inLanguage\":\"pt-BR\"},{\"@type\":\"WebPage\",\"@id\":\"https:\/\/wp.ufpel.edu.br\/obeducpacto\/2016\/04\/692\/\",\"url\":\"https:\/\/wp.ufpel.edu.br\/obeducpacto\/2016\/04\/692\/\",\"name\":\"- OBEDUC - Pacto\",\"isPartOf\":{\"@id\":\"https:\/\/wp.ufpel.edu.br\/obeducpacto\/#website\"},\"datePublished\":\"2016-04-28T11:59:03+00:00\",\"dateModified\":\"2016-08-24T11:52:51+00:00\",\"inLanguage\":\"pt-BR\",\"potentialAction\":[{\"@type\":\"ReadAction\",\"target\":[\"https:\/\/wp.ufpel.edu.br\/obeducpacto\/2016\/04\/692\/\"]}]},{\"@type\":\"WebSite\",\"@id\":\"https:\/\/wp.ufpel.edu.br\/obeducpacto\/#website\",\"url\":\"https:\/\/wp.ufpel.edu.br\/obeducpacto\/\",\"name\":\"OBEDUC - Pacto\",\"description\":\"Universidade Federal de Pelotas\",\"publisher\":{\"@id\":\"https:\/\/wp.ufpel.edu.br\/obeducpacto\/#organization\"},\"potentialAction\":[{\"@type\":\"SearchAction\",\"target\":{\"@type\":\"EntryPoint\",\"urlTemplate\":\"https:\/\/wp.ufpel.edu.br\/obeducpacto\/?s={search_term_string}\"},\"query-input\":{\"@type\":\"PropertyValueSpecification\",\"valueRequired\":true,\"valueName\":\"search_term_string\"}}],\"inLanguage\":\"pt-BR\"},{\"@type\":\"Organization\",\"@id\":\"https:\/\/wp.ufpel.edu.br\/obeducpacto\/#organization\",\"name\":\"OBEDUC - Pacto\",\"url\":\"https:\/\/wp.ufpel.edu.br\/obeducpacto\/\",\"logo\":{\"@type\":\"ImageObject\",\"inLanguage\":\"pt-BR\",\"@id\":\"https:\/\/wp.ufpel.edu.br\/obeducpacto\/#\/schema\/logo\/image\/\",\"url\":\"https:\/\/wp.ufpel.edu.br\/obeducpacto\/files\/2025\/08\/OBEDUC-Pacto-Marca-G-TRANPARENTE.png\",\"contentUrl\":\"https:\/\/wp.ufpel.edu.br\/obeducpacto\/files\/2025\/08\/OBEDUC-Pacto-Marca-G-TRANPARENTE.png\",\"width\":1000,\"height\":906,\"caption\":\"OBEDUC - Pacto\"},\"image\":{\"@id\":\"https:\/\/wp.ufpel.edu.br\/obeducpacto\/#\/schema\/logo\/image\/\"}},{\"@type\":\"Person\",\"@id\":\"https:\/\/wp.ufpel.edu.br\/obeducpacto\/#\/schema\/person\/36ac37e4742a6c6409cc58d618de2650\",\"name\":\"obeducpacto\",\"image\":{\"@type\":\"ImageObject\",\"inLanguage\":\"pt-BR\",\"@id\":\"https:\/\/wp.ufpel.edu.br\/obeducpacto\/#\/schema\/person\/image\/\",\"url\":\"https:\/\/secure.gravatar.com\/avatar\/2cf9f00bba1f365609f0f6b6e3098266c436e83d3432212e89e427de78689880?s=96&d=mm&r=g\",\"contentUrl\":\"https:\/\/secure.gravatar.com\/avatar\/2cf9f00bba1f365609f0f6b6e3098266c436e83d3432212e89e427de78689880?s=96&d=mm&r=g\",\"caption\":\"obeducpacto\"},\"url\":\"https:\/\/wp.ufpel.edu.br\/obeducpacto\/author\/obeducpacto\/\"}]}<\/script>\n<!-- \/ Yoast SEO plugin. -->","yoast_head_json":{"title":"- OBEDUC - Pacto","robots":{"index":"index","follow":"follow","max-snippet":"max-snippet:-1","max-image-preview":"max-image-preview:large","max-video-preview":"max-video-preview:-1"},"canonical":"https:\/\/wp.ufpel.edu.br\/obeducpacto\/2016\/04\/692\/","og_locale":"pt_BR","og_type":"article","og_title":"- OBEDUC - Pacto","og_description":"Caderno de Resumos: Semin\u00e1rio PNAIC 1. Apresenta\u00e7\u00e3o O Semin\u00e1rio Estadual encerrou a primeira etapa de implementa\u00e7\u00e3o do Programa do Pacto Nacional pela Alfabetiza\u00e7\u00e3o na Idade Certa (PNAIC), com foco na Linguagem e Alfabetiza\u00e7\u00e3o, cujo objetivo principal foi a Forma\u00e7\u00e3o continuada de Professores das Redes P\u00fablicas de Ensino que atuam nos tr\u00eas primeiros anos do Ensino [&hellip;]","og_url":"https:\/\/wp.ufpel.edu.br\/obeducpacto\/2016\/04\/692\/","og_site_name":"OBEDUC - Pacto","article_published_time":"2016-04-28T11:59:03+00:00","article_modified_time":"2016-08-24T11:52:51+00:00","author":"obeducpacto","twitter_card":"summary_large_image","twitter_misc":{"Escrito por":"obeducpacto","Est. tempo de leitura":"2 minutos"},"schema":{"@context":"https:\/\/schema.org","@graph":[{"@type":"Article","@id":"https:\/\/wp.ufpel.edu.br\/obeducpacto\/2016\/04\/692\/#article","isPartOf":{"@id":"https:\/\/wp.ufpel.edu.br\/obeducpacto\/2016\/04\/692\/"},"author":{"name":"obeducpacto","@id":"https:\/\/wp.ufpel.edu.br\/obeducpacto\/#\/schema\/person\/36ac37e4742a6c6409cc58d618de2650"},"headline":"Sem t\u00edtulo","datePublished":"2016-04-28T11:59:03+00:00","dateModified":"2016-08-24T11:52:51+00:00","mainEntityOfPage":{"@id":"https:\/\/wp.ufpel.edu.br\/obeducpacto\/2016\/04\/692\/"},"wordCount":424,"publisher":{"@id":"https:\/\/wp.ufpel.edu.br\/obeducpacto\/#organization"},"articleSection":["Anais de evento: Semin\u00e1rio Estadual do PNAIC 2013"],"inLanguage":"pt-BR"},{"@type":"WebPage","@id":"https:\/\/wp.ufpel.edu.br\/obeducpacto\/2016\/04\/692\/","url":"https:\/\/wp.ufpel.edu.br\/obeducpacto\/2016\/04\/692\/","name":"- OBEDUC - Pacto","isPartOf":{"@id":"https:\/\/wp.ufpel.edu.br\/obeducpacto\/#website"},"datePublished":"2016-04-28T11:59:03+00:00","dateModified":"2016-08-24T11:52:51+00:00","inLanguage":"pt-BR","potentialAction":[{"@type":"ReadAction","target":["https:\/\/wp.ufpel.edu.br\/obeducpacto\/2016\/04\/692\/"]}]},{"@type":"WebSite","@id":"https:\/\/wp.ufpel.edu.br\/obeducpacto\/#website","url":"https:\/\/wp.ufpel.edu.br\/obeducpacto\/","name":"OBEDUC - Pacto","description":"Universidade Federal de Pelotas","publisher":{"@id":"https:\/\/wp.ufpel.edu.br\/obeducpacto\/#organization"},"potentialAction":[{"@type":"SearchAction","target":{"@type":"EntryPoint","urlTemplate":"https:\/\/wp.ufpel.edu.br\/obeducpacto\/?s={search_term_string}"},"query-input":{"@type":"PropertyValueSpecification","valueRequired":true,"valueName":"search_term_string"}}],"inLanguage":"pt-BR"},{"@type":"Organization","@id":"https:\/\/wp.ufpel.edu.br\/obeducpacto\/#organization","name":"OBEDUC - Pacto","url":"https:\/\/wp.ufpel.edu.br\/obeducpacto\/","logo":{"@type":"ImageObject","inLanguage":"pt-BR","@id":"https:\/\/wp.ufpel.edu.br\/obeducpacto\/#\/schema\/logo\/image\/","url":"https:\/\/wp.ufpel.edu.br\/obeducpacto\/files\/2025\/08\/OBEDUC-Pacto-Marca-G-TRANPARENTE.png","contentUrl":"https:\/\/wp.ufpel.edu.br\/obeducpacto\/files\/2025\/08\/OBEDUC-Pacto-Marca-G-TRANPARENTE.png","width":1000,"height":906,"caption":"OBEDUC - Pacto"},"image":{"@id":"https:\/\/wp.ufpel.edu.br\/obeducpacto\/#\/schema\/logo\/image\/"}},{"@type":"Person","@id":"https:\/\/wp.ufpel.edu.br\/obeducpacto\/#\/schema\/person\/36ac37e4742a6c6409cc58d618de2650","name":"obeducpacto","image":{"@type":"ImageObject","inLanguage":"pt-BR","@id":"https:\/\/wp.ufpel.edu.br\/obeducpacto\/#\/schema\/person\/image\/","url":"https:\/\/secure.gravatar.com\/avatar\/2cf9f00bba1f365609f0f6b6e3098266c436e83d3432212e89e427de78689880?s=96&d=mm&r=g","contentUrl":"https:\/\/secure.gravatar.com\/avatar\/2cf9f00bba1f365609f0f6b6e3098266c436e83d3432212e89e427de78689880?s=96&d=mm&r=g","caption":"obeducpacto"},"url":"https:\/\/wp.ufpel.edu.br\/obeducpacto\/author\/obeducpacto\/"}]}},"jetpack_featured_media_url":"","_links":{"self":[{"href":"https:\/\/wp.ufpel.edu.br\/obeducpacto\/wp-json\/wp\/v2\/posts\/692","targetHints":{"allow":["GET"]}}],"collection":[{"href":"https:\/\/wp.ufpel.edu.br\/obeducpacto\/wp-json\/wp\/v2\/posts"}],"about":[{"href":"https:\/\/wp.ufpel.edu.br\/obeducpacto\/wp-json\/wp\/v2\/types\/post"}],"author":[{"embeddable":true,"href":"https:\/\/wp.ufpel.edu.br\/obeducpacto\/wp-json\/wp\/v2\/users\/329"}],"replies":[{"embeddable":true,"href":"https:\/\/wp.ufpel.edu.br\/obeducpacto\/wp-json\/wp\/v2\/comments?post=692"}],"version-history":[{"count":4,"href":"https:\/\/wp.ufpel.edu.br\/obeducpacto\/wp-json\/wp\/v2\/posts\/692\/revisions"}],"predecessor-version":[{"id":734,"href":"https:\/\/wp.ufpel.edu.br\/obeducpacto\/wp-json\/wp\/v2\/posts\/692\/revisions\/734"}],"wp:attachment":[{"href":"https:\/\/wp.ufpel.edu.br\/obeducpacto\/wp-json\/wp\/v2\/media?parent=692"}],"wp:term":[{"taxonomy":"category","embeddable":true,"href":"https:\/\/wp.ufpel.edu.br\/obeducpacto\/wp-json\/wp\/v2\/categories?post=692"},{"taxonomy":"post_tag","embeddable":true,"href":"https:\/\/wp.ufpel.edu.br\/obeducpacto\/wp-json\/wp\/v2\/tags?post=692"}],"curies":[{"name":"wp","href":"https:\/\/api.w.org\/{rel}","templated":true}]}}