{"id":674,"date":"2016-04-18T11:18:30","date_gmt":"2016-04-18T14:18:30","guid":{"rendered":"https:\/\/wp.ufpel.edu.br\/obeducpacto\/?p=674"},"modified":"2016-04-18T11:18:30","modified_gmt":"2016-04-18T14:18:30","slug":"relatorios-de-viagem","status":"publish","type":"post","link":"https:\/\/wp.ufpel.edu.br\/obeducpacto\/2016\/04\/relatorios-de-viagem\/","title":{"rendered":"Relat\u00f3rios de viagem"},"content":{"rendered":"<p>2015<\/p>\n<p><a href=\"https:\/\/wp.ufpel.edu.br\/obeducpacto\/files\/2016\/04\/BIC_ALINE_COLETA_POA_NOV2015_RelatorioViagem.doc\" rel=\"\">Aline Teixeira de Oliveira<\/a>\u00a0&#8211; Bolsista de Inicia\u00e7\u00e3o Cient\u00edfica Obeduc\/CAPES<\/p>\n<p><a href=\"https:\/\/wp.ufpel.edu.br\/obeducpacto\/files\/2016\/04\/BIC_GABRIELA_COLETA_POA_NOV2015_RelatorioViagem.doc\" rel=\"\">Gabriela Schander Braga<\/a>\u00a0&#8211; \u00a0Bolsista de Inicia\u00e7\u00e3o Cient\u00edfica Obeduc\/CAPES<\/p>\n<p><a href=\"https:\/\/wp.ufpel.edu.br\/obeducpacto\/files\/2016\/04\/BIC_JOSIANEJARLINEJAGER_COLETA_POA_NOV2015_RelatorioViagem.doc\" rel=\"\">Josiane Jarline J\u00e4ger<\/a>\u00a0&#8211;\u00a0Bolsista de Inicia\u00e7\u00e3o Cient\u00edfica Obeduc\/CAPES<\/p>\n<p><a href=\"https:\/\/wp.ufpel.edu.br\/obeducpacto\/files\/2016\/04\/BIC_LISSA_COLETA_POA_NOV2015_RelatorioViagem.doc\" rel=\"\">Lissa Pachalski<\/a>\u00a0&#8211;\u00a0Bolsista de Inicia\u00e7\u00e3o Cient\u00edfica Obeduc\/CAPES<\/p>\n<p><a href=\"https:\/\/wp.ufpel.edu.br\/obeducpacto\/files\/2016\/04\/BIC_LUIZASOUTO_COLETA_POA_NOV2015_RelatorioViagem.doc\" rel=\"\">Luiza Kerstner Souto<\/a>\u00a0&#8211;\u00a0Bolsista de Inicia\u00e7\u00e3o Cient\u00edfica Obeduc\/CAPES<\/p>\n<p><a href=\"https:\/\/wp.ufpel.edu.br\/obeducpacto\/files\/2016\/04\/VOLUNTARIA_JAINE_COLETA_POA_NOV2015_RelatorioViagem.doc\" rel=\"\">Ja\u00edne Telles Quevedo<\/a>\u00a0&#8211; Bolsista volunt\u00e1ria<\/p>\n<p><a href=\"https:\/\/wp.ufpel.edu.br\/obeducpacto\/files\/2016\/04\/VOLUNTARIA_JAQUELINE_POA_NOV2015_RelatorioViagem-1.doc\" rel=\"\">Jaqueline Costa Rodrigues\u00a0<\/a>\u00a0&#8211; Bolsista volunt\u00e1ria<\/p>\n<p><a href=\"https:\/\/wp.ufpel.edu.br\/obeducpacto\/files\/2016\/04\/VOLUNTARIA_JERUZA_COLETA_POA_NOV2015_RelatorioViagem-1.doc\" rel=\"\">Jeruza da Rocha Rosa<\/a>\u00a0&#8211; Bolsista de doutorado Obeduc\/CAPES<\/p>\n","protected":false},"excerpt":{"rendered":"<p>2015 Aline Teixeira de Oliveira\u00a0&#8211; Bolsista de Inicia\u00e7\u00e3o Cient\u00edfica Obeduc\/CAPES Gabriela Schander Braga\u00a0&#8211; \u00a0Bolsista de Inicia\u00e7\u00e3o Cient\u00edfica Obeduc\/CAPES Josiane Jarline J\u00e4ger\u00a0&#8211;\u00a0Bolsista de Inicia\u00e7\u00e3o Cient\u00edfica Obeduc\/CAPES Lissa Pachalski\u00a0&#8211;\u00a0Bolsista de Inicia\u00e7\u00e3o Cient\u00edfica Obeduc\/CAPES Luiza Kerstner Souto\u00a0&#8211;\u00a0Bolsista de Inicia\u00e7\u00e3o Cient\u00edfica Obeduc\/CAPES Ja\u00edne Telles Quevedo\u00a0&#8211; Bolsista volunt\u00e1ria Jaqueline Costa Rodrigues\u00a0\u00a0&#8211; Bolsista volunt\u00e1ria Jeruza da Rocha Rosa\u00a0&#8211; Bolsista de doutorado [&hellip;]<\/p>\n","protected":false},"author":329,"featured_media":0,"comment_status":"closed","ping_status":"closed","sticky":false,"template":"","format":"standard","meta":{"footnotes":""},"categories":[51103],"tags":[],"class_list":["post-674","post","type-post","status-publish","format-standard","hentry","category-coletas"],"yoast_head":"<!-- This site is optimized with the Yoast SEO plugin v26.7 - https:\/\/yoast.com\/wordpress\/plugins\/seo\/ -->\n<title>Relat\u00f3rios de viagem - OBEDUC - Pacto<\/title>\n<meta name=\"robots\" content=\"index, follow, max-snippet:-1, max-image-preview:large, max-video-preview:-1\" \/>\n<link rel=\"canonical\" href=\"https:\/\/wp.ufpel.edu.br\/obeducpacto\/2016\/04\/relatorios-de-viagem\/\" \/>\n<meta property=\"og:locale\" content=\"pt_BR\" \/>\n<meta property=\"og:type\" content=\"article\" \/>\n<meta property=\"og:title\" content=\"Relat\u00f3rios de viagem - OBEDUC - Pacto\" \/>\n<meta property=\"og:description\" content=\"2015 Aline Teixeira de Oliveira\u00a0&#8211; Bolsista de Inicia\u00e7\u00e3o Cient\u00edfica Obeduc\/CAPES Gabriela Schander Braga\u00a0&#8211; \u00a0Bolsista de Inicia\u00e7\u00e3o Cient\u00edfica Obeduc\/CAPES Josiane Jarline J\u00e4ger\u00a0&#8211;\u00a0Bolsista de Inicia\u00e7\u00e3o Cient\u00edfica Obeduc\/CAPES Lissa Pachalski\u00a0&#8211;\u00a0Bolsista de Inicia\u00e7\u00e3o Cient\u00edfica Obeduc\/CAPES Luiza Kerstner Souto\u00a0&#8211;\u00a0Bolsista de Inicia\u00e7\u00e3o Cient\u00edfica Obeduc\/CAPES Ja\u00edne Telles Quevedo\u00a0&#8211; Bolsista volunt\u00e1ria Jaqueline Costa Rodrigues\u00a0\u00a0&#8211; Bolsista volunt\u00e1ria Jeruza da Rocha Rosa\u00a0&#8211; Bolsista de doutorado [&hellip;]\" \/>\n<meta property=\"og:url\" content=\"https:\/\/wp.ufpel.edu.br\/obeducpacto\/2016\/04\/relatorios-de-viagem\/\" \/>\n<meta property=\"og:site_name\" content=\"OBEDUC - Pacto\" \/>\n<meta property=\"article:published_time\" content=\"2016-04-18T14:18:30+00:00\" \/>\n<meta name=\"author\" content=\"obeducpacto\" \/>\n<meta name=\"twitter:card\" content=\"summary_large_image\" \/>\n<meta name=\"twitter:label1\" content=\"Escrito por\" \/>\n\t<meta name=\"twitter:data1\" content=\"obeducpacto\" \/>\n<script type=\"application\/ld+json\" class=\"yoast-schema-graph\">{\"@context\":\"https:\/\/schema.org\",\"@graph\":[{\"@type\":\"Article\",\"@id\":\"https:\/\/wp.ufpel.edu.br\/obeducpacto\/2016\/04\/relatorios-de-viagem\/#article\",\"isPartOf\":{\"@id\":\"https:\/\/wp.ufpel.edu.br\/obeducpacto\/2016\/04\/relatorios-de-viagem\/\"},\"author\":{\"name\":\"obeducpacto\",\"@id\":\"https:\/\/wp.ufpel.edu.br\/obeducpacto\/#\/schema\/person\/36ac37e4742a6c6409cc58d618de2650\"},\"headline\":\"Relat\u00f3rios de viagem\",\"datePublished\":\"2016-04-18T14:18:30+00:00\",\"mainEntityOfPage\":{\"@id\":\"https:\/\/wp.ufpel.edu.br\/obeducpacto\/2016\/04\/relatorios-de-viagem\/\"},\"wordCount\":90,\"publisher\":{\"@id\":\"https:\/\/wp.ufpel.edu.br\/obeducpacto\/#organization\"},\"articleSection\":[\"Coletas\"],\"inLanguage\":\"pt-BR\"},{\"@type\":\"WebPage\",\"@id\":\"https:\/\/wp.ufpel.edu.br\/obeducpacto\/2016\/04\/relatorios-de-viagem\/\",\"url\":\"https:\/\/wp.ufpel.edu.br\/obeducpacto\/2016\/04\/relatorios-de-viagem\/\",\"name\":\"Relat\u00f3rios de viagem - OBEDUC - Pacto\",\"isPartOf\":{\"@id\":\"https:\/\/wp.ufpel.edu.br\/obeducpacto\/#website\"},\"datePublished\":\"2016-04-18T14:18:30+00:00\",\"breadcrumb\":{\"@id\":\"https:\/\/wp.ufpel.edu.br\/obeducpacto\/2016\/04\/relatorios-de-viagem\/#breadcrumb\"},\"inLanguage\":\"pt-BR\",\"potentialAction\":[{\"@type\":\"ReadAction\",\"target\":[\"https:\/\/wp.ufpel.edu.br\/obeducpacto\/2016\/04\/relatorios-de-viagem\/\"]}]},{\"@type\":\"BreadcrumbList\",\"@id\":\"https:\/\/wp.ufpel.edu.br\/obeducpacto\/2016\/04\/relatorios-de-viagem\/#breadcrumb\",\"itemListElement\":[{\"@type\":\"ListItem\",\"position\":1,\"name\":\"In\u00edcio\",\"item\":\"https:\/\/wp.ufpel.edu.br\/obeducpacto\/\"},{\"@type\":\"ListItem\",\"position\":2,\"name\":\"Relat\u00f3rios de viagem\"}]},{\"@type\":\"WebSite\",\"@id\":\"https:\/\/wp.ufpel.edu.br\/obeducpacto\/#website\",\"url\":\"https:\/\/wp.ufpel.edu.br\/obeducpacto\/\",\"name\":\"OBEDUC - Pacto\",\"description\":\"Universidade Federal de Pelotas\",\"publisher\":{\"@id\":\"https:\/\/wp.ufpel.edu.br\/obeducpacto\/#organization\"},\"potentialAction\":[{\"@type\":\"SearchAction\",\"target\":{\"@type\":\"EntryPoint\",\"urlTemplate\":\"https:\/\/wp.ufpel.edu.br\/obeducpacto\/?s={search_term_string}\"},\"query-input\":{\"@type\":\"PropertyValueSpecification\",\"valueRequired\":true,\"valueName\":\"search_term_string\"}}],\"inLanguage\":\"pt-BR\"},{\"@type\":\"Organization\",\"@id\":\"https:\/\/wp.ufpel.edu.br\/obeducpacto\/#organization\",\"name\":\"OBEDUC - Pacto\",\"url\":\"https:\/\/wp.ufpel.edu.br\/obeducpacto\/\",\"logo\":{\"@type\":\"ImageObject\",\"inLanguage\":\"pt-BR\",\"@id\":\"https:\/\/wp.ufpel.edu.br\/obeducpacto\/#\/schema\/logo\/image\/\",\"url\":\"https:\/\/wp.ufpel.edu.br\/obeducpacto\/files\/2025\/08\/OBEDUC-Pacto-Marca-G-TRANPARENTE.png\",\"contentUrl\":\"https:\/\/wp.ufpel.edu.br\/obeducpacto\/files\/2025\/08\/OBEDUC-Pacto-Marca-G-TRANPARENTE.png\",\"width\":1000,\"height\":906,\"caption\":\"OBEDUC - Pacto\"},\"image\":{\"@id\":\"https:\/\/wp.ufpel.edu.br\/obeducpacto\/#\/schema\/logo\/image\/\"}},{\"@type\":\"Person\",\"@id\":\"https:\/\/wp.ufpel.edu.br\/obeducpacto\/#\/schema\/person\/36ac37e4742a6c6409cc58d618de2650\",\"name\":\"obeducpacto\",\"image\":{\"@type\":\"ImageObject\",\"inLanguage\":\"pt-BR\",\"@id\":\"https:\/\/wp.ufpel.edu.br\/obeducpacto\/#\/schema\/person\/image\/\",\"url\":\"https:\/\/secure.gravatar.com\/avatar\/2cf9f00bba1f365609f0f6b6e3098266c436e83d3432212e89e427de78689880?s=96&d=mm&r=g\",\"contentUrl\":\"https:\/\/secure.gravatar.com\/avatar\/2cf9f00bba1f365609f0f6b6e3098266c436e83d3432212e89e427de78689880?s=96&d=mm&r=g\",\"caption\":\"obeducpacto\"},\"url\":\"https:\/\/wp.ufpel.edu.br\/obeducpacto\/author\/obeducpacto\/\"}]}<\/script>\n<!-- \/ Yoast SEO plugin. -->","yoast_head_json":{"title":"Relat\u00f3rios de viagem - OBEDUC - Pacto","robots":{"index":"index","follow":"follow","max-snippet":"max-snippet:-1","max-image-preview":"max-image-preview:large","max-video-preview":"max-video-preview:-1"},"canonical":"https:\/\/wp.ufpel.edu.br\/obeducpacto\/2016\/04\/relatorios-de-viagem\/","og_locale":"pt_BR","og_type":"article","og_title":"Relat\u00f3rios de viagem - OBEDUC - Pacto","og_description":"2015 Aline Teixeira de Oliveira\u00a0&#8211; Bolsista de Inicia\u00e7\u00e3o Cient\u00edfica Obeduc\/CAPES Gabriela Schander Braga\u00a0&#8211; \u00a0Bolsista de Inicia\u00e7\u00e3o Cient\u00edfica Obeduc\/CAPES Josiane Jarline J\u00e4ger\u00a0&#8211;\u00a0Bolsista de Inicia\u00e7\u00e3o Cient\u00edfica Obeduc\/CAPES Lissa Pachalski\u00a0&#8211;\u00a0Bolsista de Inicia\u00e7\u00e3o Cient\u00edfica Obeduc\/CAPES Luiza Kerstner Souto\u00a0&#8211;\u00a0Bolsista de Inicia\u00e7\u00e3o Cient\u00edfica Obeduc\/CAPES Ja\u00edne Telles Quevedo\u00a0&#8211; Bolsista volunt\u00e1ria Jaqueline Costa Rodrigues\u00a0\u00a0&#8211; Bolsista volunt\u00e1ria Jeruza da Rocha Rosa\u00a0&#8211; Bolsista de doutorado [&hellip;]","og_url":"https:\/\/wp.ufpel.edu.br\/obeducpacto\/2016\/04\/relatorios-de-viagem\/","og_site_name":"OBEDUC - Pacto","article_published_time":"2016-04-18T14:18:30+00:00","author":"obeducpacto","twitter_card":"summary_large_image","twitter_misc":{"Escrito por":"obeducpacto"},"schema":{"@context":"https:\/\/schema.org","@graph":[{"@type":"Article","@id":"https:\/\/wp.ufpel.edu.br\/obeducpacto\/2016\/04\/relatorios-de-viagem\/#article","isPartOf":{"@id":"https:\/\/wp.ufpel.edu.br\/obeducpacto\/2016\/04\/relatorios-de-viagem\/"},"author":{"name":"obeducpacto","@id":"https:\/\/wp.ufpel.edu.br\/obeducpacto\/#\/schema\/person\/36ac37e4742a6c6409cc58d618de2650"},"headline":"Relat\u00f3rios de viagem","datePublished":"2016-04-18T14:18:30+00:00","mainEntityOfPage":{"@id":"https:\/\/wp.ufpel.edu.br\/obeducpacto\/2016\/04\/relatorios-de-viagem\/"},"wordCount":90,"publisher":{"@id":"https:\/\/wp.ufpel.edu.br\/obeducpacto\/#organization"},"articleSection":["Coletas"],"inLanguage":"pt-BR"},{"@type":"WebPage","@id":"https:\/\/wp.ufpel.edu.br\/obeducpacto\/2016\/04\/relatorios-de-viagem\/","url":"https:\/\/wp.ufpel.edu.br\/obeducpacto\/2016\/04\/relatorios-de-viagem\/","name":"Relat\u00f3rios de viagem - OBEDUC - Pacto","isPartOf":{"@id":"https:\/\/wp.ufpel.edu.br\/obeducpacto\/#website"},"datePublished":"2016-04-18T14:18:30+00:00","breadcrumb":{"@id":"https:\/\/wp.ufpel.edu.br\/obeducpacto\/2016\/04\/relatorios-de-viagem\/#breadcrumb"},"inLanguage":"pt-BR","potentialAction":[{"@type":"ReadAction","target":["https:\/\/wp.ufpel.edu.br\/obeducpacto\/2016\/04\/relatorios-de-viagem\/"]}]},{"@type":"BreadcrumbList","@id":"https:\/\/wp.ufpel.edu.br\/obeducpacto\/2016\/04\/relatorios-de-viagem\/#breadcrumb","itemListElement":[{"@type":"ListItem","position":1,"name":"In\u00edcio","item":"https:\/\/wp.ufpel.edu.br\/obeducpacto\/"},{"@type":"ListItem","position":2,"name":"Relat\u00f3rios de viagem"}]},{"@type":"WebSite","@id":"https:\/\/wp.ufpel.edu.br\/obeducpacto\/#website","url":"https:\/\/wp.ufpel.edu.br\/obeducpacto\/","name":"OBEDUC - Pacto","description":"Universidade Federal de Pelotas","publisher":{"@id":"https:\/\/wp.ufpel.edu.br\/obeducpacto\/#organization"},"potentialAction":[{"@type":"SearchAction","target":{"@type":"EntryPoint","urlTemplate":"https:\/\/wp.ufpel.edu.br\/obeducpacto\/?s={search_term_string}"},"query-input":{"@type":"PropertyValueSpecification","valueRequired":true,"valueName":"search_term_string"}}],"inLanguage":"pt-BR"},{"@type":"Organization","@id":"https:\/\/wp.ufpel.edu.br\/obeducpacto\/#organization","name":"OBEDUC - Pacto","url":"https:\/\/wp.ufpel.edu.br\/obeducpacto\/","logo":{"@type":"ImageObject","inLanguage":"pt-BR","@id":"https:\/\/wp.ufpel.edu.br\/obeducpacto\/#\/schema\/logo\/image\/","url":"https:\/\/wp.ufpel.edu.br\/obeducpacto\/files\/2025\/08\/OBEDUC-Pacto-Marca-G-TRANPARENTE.png","contentUrl":"https:\/\/wp.ufpel.edu.br\/obeducpacto\/files\/2025\/08\/OBEDUC-Pacto-Marca-G-TRANPARENTE.png","width":1000,"height":906,"caption":"OBEDUC - Pacto"},"image":{"@id":"https:\/\/wp.ufpel.edu.br\/obeducpacto\/#\/schema\/logo\/image\/"}},{"@type":"Person","@id":"https:\/\/wp.ufpel.edu.br\/obeducpacto\/#\/schema\/person\/36ac37e4742a6c6409cc58d618de2650","name":"obeducpacto","image":{"@type":"ImageObject","inLanguage":"pt-BR","@id":"https:\/\/wp.ufpel.edu.br\/obeducpacto\/#\/schema\/person\/image\/","url":"https:\/\/secure.gravatar.com\/avatar\/2cf9f00bba1f365609f0f6b6e3098266c436e83d3432212e89e427de78689880?s=96&d=mm&r=g","contentUrl":"https:\/\/secure.gravatar.com\/avatar\/2cf9f00bba1f365609f0f6b6e3098266c436e83d3432212e89e427de78689880?s=96&d=mm&r=g","caption":"obeducpacto"},"url":"https:\/\/wp.ufpel.edu.br\/obeducpacto\/author\/obeducpacto\/"}]}},"jetpack_featured_media_url":"","_links":{"self":[{"href":"https:\/\/wp.ufpel.edu.br\/obeducpacto\/wp-json\/wp\/v2\/posts\/674","targetHints":{"allow":["GET"]}}],"collection":[{"href":"https:\/\/wp.ufpel.edu.br\/obeducpacto\/wp-json\/wp\/v2\/posts"}],"about":[{"href":"https:\/\/wp.ufpel.edu.br\/obeducpacto\/wp-json\/wp\/v2\/types\/post"}],"author":[{"embeddable":true,"href":"https:\/\/wp.ufpel.edu.br\/obeducpacto\/wp-json\/wp\/v2\/users\/329"}],"replies":[{"embeddable":true,"href":"https:\/\/wp.ufpel.edu.br\/obeducpacto\/wp-json\/wp\/v2\/comments?post=674"}],"version-history":[{"count":1,"href":"https:\/\/wp.ufpel.edu.br\/obeducpacto\/wp-json\/wp\/v2\/posts\/674\/revisions"}],"predecessor-version":[{"id":684,"href":"https:\/\/wp.ufpel.edu.br\/obeducpacto\/wp-json\/wp\/v2\/posts\/674\/revisions\/684"}],"wp:attachment":[{"href":"https:\/\/wp.ufpel.edu.br\/obeducpacto\/wp-json\/wp\/v2\/media?parent=674"}],"wp:term":[{"taxonomy":"category","embeddable":true,"href":"https:\/\/wp.ufpel.edu.br\/obeducpacto\/wp-json\/wp\/v2\/categories?post=674"},{"taxonomy":"post_tag","embeddable":true,"href":"https:\/\/wp.ufpel.edu.br\/obeducpacto\/wp-json\/wp\/v2\/tags?post=674"}],"curies":[{"name":"wp","href":"https:\/\/api.w.org\/{rel}","templated":true}]}}