{"id":648,"date":"2016-04-18T08:58:17","date_gmt":"2016-04-18T11:58:17","guid":{"rendered":"https:\/\/wp.ufpel.edu.br\/obeducpacto\/?p=648"},"modified":"2016-04-18T09:25:23","modified_gmt":"2016-04-18T12:25:23","slug":"648","status":"publish","type":"post","link":"https:\/\/wp.ufpel.edu.br\/obeducpacto\/2016\/04\/648\/","title":{"rendered":"Bibliografia sobre Literatura Digital para crian\u00e7as e jovens"},"content":{"rendered":"<article class=\"post hentry\">\n<div class=\"post-body entry-content\"><\/div>\n<div id=\"post-body-5499131469113959303\" class=\"post-body entry-content\">\u00a0<span style=\"text-decoration: underline\"><strong>CRIAN\u00c7AS<\/strong><\/span><\/div>\n<div class=\"post-body entry-content\"><\/div>\n<\/article>\n<article class=\"post hentry\">\n<div class=\"post-body entry-content\" style=\"text-align: justify\">\n<p>http:\/\/ceale.fae.ufmg.br\/app\/webroot\/glossarioceale\/verbetes\/literatura-digital-para-criancas<\/p>\n<p>http:\/\/colofao.com.br\/<\/p>\n<p>Borr\u00e0s Castanyer, Laura (2012) \u201cHab\u00eda una vez una app\u2026 Literatura infantil y juvenil (en) digital,\u201d Revista de Literatura Nuevas Tecnolog\u00edas y LIJ, 269: 21-26.<\/p>\n<p>C\u00e2mara Brasileira Do Livro (2014). Relat\u00f3rio Anual 2013. S\u00e3o Paulo: Via Impressa Edi\u00e7\u00f5es de Arte Ltda.<\/p>\n<p>Herman, David (2002) Story Logic: Problems and Possibilities of Narrative. Lincoln, NB: University of Nebraska Press.<\/p>\n<p>Jenkins, Henry (2006). Convergence Culture: Where old and new media collide. New York &amp; London: New York University Press.<\/p>\n<p>Manovich, Lev (2001). The Language of New Media. Cambridge &amp; Massachusetts: The MIT Press.<\/p>\n<p>Stephens, John (2011) \u201cSchemas and Scripts: Cognitive Instruments and the Representation of Cultural Diversity in Children\u2019s Literature.\u201d In Contemporary Children\u2019s Literature and Film, edited by Kerry Mallan and Clare Bradford, 12\u201335. London: Palgrave Macmillan.<\/p>\n<p>Turri\u00f3n, Celia (2014) \u201cNarrativa digital para ni\u00f1os: otras formas de contar,\u201d Literatura em Revista, 5(Feb.): 47-58<\/p>\n<p>Yokota, Junko (2013) \u201cFrom Print to Digital? Considering the Future of Picturebooks for Children,\u201d in G. Grilli (Ed.). Bologna: fifty years of Children\u2019s Books from around the World. Bologna: Bononia University Press: 443-449.<\/p>\n<\/div>\n<div class=\"post-body entry-content\" style=\"text-align: justify\"><\/div>\n<div class=\"post-body entry-content\" style=\"text-align: justify\">\n<div><\/div>\n<div><strong><span style=\"text-decoration: underline\">JOVENS<\/span><\/strong><\/div>\n<div><\/div>\n<\/div>\n<div style=\"text-align: justify\">\n<article class=\"post hentry\">\n<div id=\"post-body-8169795254036421887\" class=\"post-body entry-content\">\n<p>https:\/\/periodicos.ufsc.br\/index.php\/textodigital<\/p>\n<p>Antonio, Jorge Luis (2008). Poesia eletr\u00f4nica: negocia\u00e7\u00f5es com os processos digitais. S\u00e3o Paulo &amp; Belo Horizonte: Veredas e Cen\u00e1rios.<\/p>\n<p>C\u00e2mara Brasileira Do Livro (2014). Relat\u00f3rio Anual 2013. S\u00e3o Paulo: Via Impressa Edi\u00e7\u00f5es de Arte Ltda.<\/p>\n<p>Hayles, N. Katherine (2008) Electronic Literature: New Horizons for the Literary. Indiana: University of Notre Dame.<\/p>\n<p>Landow, George P. (2006) Hypertext 3.0: Critical theory and new media in an era of globalization. Baltimore: The John Hopkins University Press.<\/p>\n<p>Lister, Martin et al. New Media: a critical introduction (2009). London &amp; New York: Routledge.<\/p>\n<div><\/div>\n<\/div>\n<\/article>\n<\/div>\n<\/article>\n<div style=\"text-align: justify\"><\/div>\n","protected":false},"excerpt":{"rendered":"<p>\u00a0CRIAN\u00c7AS http:\/\/ceale.fae.ufmg.br\/app\/webroot\/glossarioceale\/verbetes\/literatura-digital-para-criancas http:\/\/colofao.com.br\/ Borr\u00e0s Castanyer, Laura (2012) \u201cHab\u00eda una vez una app\u2026 Literatura infantil y juvenil (en) digital,\u201d Revista de Literatura Nuevas Tecnolog\u00edas y LIJ, 269: 21-26. C\u00e2mara Brasileira Do Livro (2014). Relat\u00f3rio Anual 2013. S\u00e3o Paulo: Via Impressa Edi\u00e7\u00f5es de Arte Ltda. Herman, David (2002) Story Logic: Problems and Possibilities of Narrative. Lincoln, NB: [&hellip;]<\/p>\n","protected":false},"author":329,"featured_media":0,"comment_status":"closed","ping_status":"closed","sticky":false,"template":"","format":"standard","meta":{"footnotes":""},"categories":[51097],"tags":[],"class_list":["post-648","post","type-post","status-publish","format-standard","hentry","category-artigos-bibliografia"],"yoast_head":"<!-- This site is optimized with the Yoast SEO plugin v26.7 - https:\/\/yoast.com\/wordpress\/plugins\/seo\/ -->\n<title>Bibliografia sobre Literatura Digital para crian\u00e7as e jovens - OBEDUC - Pacto<\/title>\n<meta name=\"robots\" content=\"index, follow, max-snippet:-1, max-image-preview:large, max-video-preview:-1\" \/>\n<link rel=\"canonical\" href=\"https:\/\/wp.ufpel.edu.br\/obeducpacto\/2016\/04\/648\/\" \/>\n<meta property=\"og:locale\" content=\"pt_BR\" \/>\n<meta property=\"og:type\" content=\"article\" \/>\n<meta property=\"og:title\" content=\"Bibliografia sobre Literatura Digital para crian\u00e7as e jovens - OBEDUC - Pacto\" \/>\n<meta property=\"og:description\" content=\"\u00a0CRIAN\u00c7AS http:\/\/ceale.fae.ufmg.br\/app\/webroot\/glossarioceale\/verbetes\/literatura-digital-para-criancas http:\/\/colofao.com.br\/ Borr\u00e0s Castanyer, Laura (2012) \u201cHab\u00eda una vez una app\u2026 Literatura infantil y juvenil (en) digital,\u201d Revista de Literatura Nuevas Tecnolog\u00edas y LIJ, 269: 21-26. C\u00e2mara Brasileira Do Livro (2014). Relat\u00f3rio Anual 2013. S\u00e3o Paulo: Via Impressa Edi\u00e7\u00f5es de Arte Ltda. Herman, David (2002) Story Logic: Problems and Possibilities of Narrative. Lincoln, NB: [&hellip;]\" \/>\n<meta property=\"og:url\" content=\"https:\/\/wp.ufpel.edu.br\/obeducpacto\/2016\/04\/648\/\" \/>\n<meta property=\"og:site_name\" content=\"OBEDUC - Pacto\" \/>\n<meta property=\"article:published_time\" content=\"2016-04-18T11:58:17+00:00\" \/>\n<meta property=\"article:modified_time\" content=\"2016-04-18T12:25:23+00:00\" \/>\n<meta name=\"author\" content=\"obeducpacto\" \/>\n<meta name=\"twitter:card\" content=\"summary_large_image\" \/>\n<meta name=\"twitter:label1\" content=\"Escrito por\" \/>\n\t<meta name=\"twitter:data1\" content=\"obeducpacto\" \/>\n\t<meta name=\"twitter:label2\" content=\"Est. tempo de leitura\" \/>\n\t<meta name=\"twitter:data2\" content=\"1 minuto\" \/>\n<script type=\"application\/ld+json\" class=\"yoast-schema-graph\">{\"@context\":\"https:\/\/schema.org\",\"@graph\":[{\"@type\":\"Article\",\"@id\":\"https:\/\/wp.ufpel.edu.br\/obeducpacto\/2016\/04\/648\/#article\",\"isPartOf\":{\"@id\":\"https:\/\/wp.ufpel.edu.br\/obeducpacto\/2016\/04\/648\/\"},\"author\":{\"name\":\"obeducpacto\",\"@id\":\"https:\/\/wp.ufpel.edu.br\/obeducpacto\/#\/schema\/person\/36ac37e4742a6c6409cc58d618de2650\"},\"headline\":\"Bibliografia sobre Literatura Digital para crian\u00e7as e jovens\",\"datePublished\":\"2016-04-18T11:58:17+00:00\",\"dateModified\":\"2016-04-18T12:25:23+00:00\",\"mainEntityOfPage\":{\"@id\":\"https:\/\/wp.ufpel.edu.br\/obeducpacto\/2016\/04\/648\/\"},\"wordCount\":295,\"publisher\":{\"@id\":\"https:\/\/wp.ufpel.edu.br\/obeducpacto\/#organization\"},\"articleSection\":[\"Artigos Bibliografia\"],\"inLanguage\":\"pt-BR\"},{\"@type\":\"WebPage\",\"@id\":\"https:\/\/wp.ufpel.edu.br\/obeducpacto\/2016\/04\/648\/\",\"url\":\"https:\/\/wp.ufpel.edu.br\/obeducpacto\/2016\/04\/648\/\",\"name\":\"Bibliografia sobre Literatura Digital para crian\u00e7as e jovens - OBEDUC - Pacto\",\"isPartOf\":{\"@id\":\"https:\/\/wp.ufpel.edu.br\/obeducpacto\/#website\"},\"datePublished\":\"2016-04-18T11:58:17+00:00\",\"dateModified\":\"2016-04-18T12:25:23+00:00\",\"breadcrumb\":{\"@id\":\"https:\/\/wp.ufpel.edu.br\/obeducpacto\/2016\/04\/648\/#breadcrumb\"},\"inLanguage\":\"pt-BR\",\"potentialAction\":[{\"@type\":\"ReadAction\",\"target\":[\"https:\/\/wp.ufpel.edu.br\/obeducpacto\/2016\/04\/648\/\"]}]},{\"@type\":\"BreadcrumbList\",\"@id\":\"https:\/\/wp.ufpel.edu.br\/obeducpacto\/2016\/04\/648\/#breadcrumb\",\"itemListElement\":[{\"@type\":\"ListItem\",\"position\":1,\"name\":\"In\u00edcio\",\"item\":\"https:\/\/wp.ufpel.edu.br\/obeducpacto\/\"},{\"@type\":\"ListItem\",\"position\":2,\"name\":\"Bibliografia sobre Literatura Digital para crian\u00e7as e jovens\"}]},{\"@type\":\"WebSite\",\"@id\":\"https:\/\/wp.ufpel.edu.br\/obeducpacto\/#website\",\"url\":\"https:\/\/wp.ufpel.edu.br\/obeducpacto\/\",\"name\":\"OBEDUC - Pacto\",\"description\":\"Universidade Federal de Pelotas\",\"publisher\":{\"@id\":\"https:\/\/wp.ufpel.edu.br\/obeducpacto\/#organization\"},\"potentialAction\":[{\"@type\":\"SearchAction\",\"target\":{\"@type\":\"EntryPoint\",\"urlTemplate\":\"https:\/\/wp.ufpel.edu.br\/obeducpacto\/?s={search_term_string}\"},\"query-input\":{\"@type\":\"PropertyValueSpecification\",\"valueRequired\":true,\"valueName\":\"search_term_string\"}}],\"inLanguage\":\"pt-BR\"},{\"@type\":\"Organization\",\"@id\":\"https:\/\/wp.ufpel.edu.br\/obeducpacto\/#organization\",\"name\":\"OBEDUC - Pacto\",\"url\":\"https:\/\/wp.ufpel.edu.br\/obeducpacto\/\",\"logo\":{\"@type\":\"ImageObject\",\"inLanguage\":\"pt-BR\",\"@id\":\"https:\/\/wp.ufpel.edu.br\/obeducpacto\/#\/schema\/logo\/image\/\",\"url\":\"https:\/\/wp.ufpel.edu.br\/obeducpacto\/files\/2025\/08\/OBEDUC-Pacto-Marca-G-TRANPARENTE.png\",\"contentUrl\":\"https:\/\/wp.ufpel.edu.br\/obeducpacto\/files\/2025\/08\/OBEDUC-Pacto-Marca-G-TRANPARENTE.png\",\"width\":1000,\"height\":906,\"caption\":\"OBEDUC - Pacto\"},\"image\":{\"@id\":\"https:\/\/wp.ufpel.edu.br\/obeducpacto\/#\/schema\/logo\/image\/\"}},{\"@type\":\"Person\",\"@id\":\"https:\/\/wp.ufpel.edu.br\/obeducpacto\/#\/schema\/person\/36ac37e4742a6c6409cc58d618de2650\",\"name\":\"obeducpacto\",\"image\":{\"@type\":\"ImageObject\",\"inLanguage\":\"pt-BR\",\"@id\":\"https:\/\/wp.ufpel.edu.br\/obeducpacto\/#\/schema\/person\/image\/\",\"url\":\"https:\/\/secure.gravatar.com\/avatar\/2cf9f00bba1f365609f0f6b6e3098266c436e83d3432212e89e427de78689880?s=96&d=mm&r=g\",\"contentUrl\":\"https:\/\/secure.gravatar.com\/avatar\/2cf9f00bba1f365609f0f6b6e3098266c436e83d3432212e89e427de78689880?s=96&d=mm&r=g\",\"caption\":\"obeducpacto\"},\"url\":\"https:\/\/wp.ufpel.edu.br\/obeducpacto\/author\/obeducpacto\/\"}]}<\/script>\n<!-- \/ Yoast SEO plugin. -->","yoast_head_json":{"title":"Bibliografia sobre Literatura Digital para crian\u00e7as e jovens - OBEDUC - Pacto","robots":{"index":"index","follow":"follow","max-snippet":"max-snippet:-1","max-image-preview":"max-image-preview:large","max-video-preview":"max-video-preview:-1"},"canonical":"https:\/\/wp.ufpel.edu.br\/obeducpacto\/2016\/04\/648\/","og_locale":"pt_BR","og_type":"article","og_title":"Bibliografia sobre Literatura Digital para crian\u00e7as e jovens - OBEDUC - Pacto","og_description":"\u00a0CRIAN\u00c7AS http:\/\/ceale.fae.ufmg.br\/app\/webroot\/glossarioceale\/verbetes\/literatura-digital-para-criancas http:\/\/colofao.com.br\/ Borr\u00e0s Castanyer, Laura (2012) \u201cHab\u00eda una vez una app\u2026 Literatura infantil y juvenil (en) digital,\u201d Revista de Literatura Nuevas Tecnolog\u00edas y LIJ, 269: 21-26. C\u00e2mara Brasileira Do Livro (2014). Relat\u00f3rio Anual 2013. S\u00e3o Paulo: Via Impressa Edi\u00e7\u00f5es de Arte Ltda. Herman, David (2002) Story Logic: Problems and Possibilities of Narrative. Lincoln, NB: [&hellip;]","og_url":"https:\/\/wp.ufpel.edu.br\/obeducpacto\/2016\/04\/648\/","og_site_name":"OBEDUC - Pacto","article_published_time":"2016-04-18T11:58:17+00:00","article_modified_time":"2016-04-18T12:25:23+00:00","author":"obeducpacto","twitter_card":"summary_large_image","twitter_misc":{"Escrito por":"obeducpacto","Est. tempo de leitura":"1 minuto"},"schema":{"@context":"https:\/\/schema.org","@graph":[{"@type":"Article","@id":"https:\/\/wp.ufpel.edu.br\/obeducpacto\/2016\/04\/648\/#article","isPartOf":{"@id":"https:\/\/wp.ufpel.edu.br\/obeducpacto\/2016\/04\/648\/"},"author":{"name":"obeducpacto","@id":"https:\/\/wp.ufpel.edu.br\/obeducpacto\/#\/schema\/person\/36ac37e4742a6c6409cc58d618de2650"},"headline":"Bibliografia sobre Literatura Digital para crian\u00e7as e jovens","datePublished":"2016-04-18T11:58:17+00:00","dateModified":"2016-04-18T12:25:23+00:00","mainEntityOfPage":{"@id":"https:\/\/wp.ufpel.edu.br\/obeducpacto\/2016\/04\/648\/"},"wordCount":295,"publisher":{"@id":"https:\/\/wp.ufpel.edu.br\/obeducpacto\/#organization"},"articleSection":["Artigos Bibliografia"],"inLanguage":"pt-BR"},{"@type":"WebPage","@id":"https:\/\/wp.ufpel.edu.br\/obeducpacto\/2016\/04\/648\/","url":"https:\/\/wp.ufpel.edu.br\/obeducpacto\/2016\/04\/648\/","name":"Bibliografia sobre Literatura Digital para crian\u00e7as e jovens - OBEDUC - Pacto","isPartOf":{"@id":"https:\/\/wp.ufpel.edu.br\/obeducpacto\/#website"},"datePublished":"2016-04-18T11:58:17+00:00","dateModified":"2016-04-18T12:25:23+00:00","breadcrumb":{"@id":"https:\/\/wp.ufpel.edu.br\/obeducpacto\/2016\/04\/648\/#breadcrumb"},"inLanguage":"pt-BR","potentialAction":[{"@type":"ReadAction","target":["https:\/\/wp.ufpel.edu.br\/obeducpacto\/2016\/04\/648\/"]}]},{"@type":"BreadcrumbList","@id":"https:\/\/wp.ufpel.edu.br\/obeducpacto\/2016\/04\/648\/#breadcrumb","itemListElement":[{"@type":"ListItem","position":1,"name":"In\u00edcio","item":"https:\/\/wp.ufpel.edu.br\/obeducpacto\/"},{"@type":"ListItem","position":2,"name":"Bibliografia sobre Literatura Digital para crian\u00e7as e jovens"}]},{"@type":"WebSite","@id":"https:\/\/wp.ufpel.edu.br\/obeducpacto\/#website","url":"https:\/\/wp.ufpel.edu.br\/obeducpacto\/","name":"OBEDUC - Pacto","description":"Universidade Federal de Pelotas","publisher":{"@id":"https:\/\/wp.ufpel.edu.br\/obeducpacto\/#organization"},"potentialAction":[{"@type":"SearchAction","target":{"@type":"EntryPoint","urlTemplate":"https:\/\/wp.ufpel.edu.br\/obeducpacto\/?s={search_term_string}"},"query-input":{"@type":"PropertyValueSpecification","valueRequired":true,"valueName":"search_term_string"}}],"inLanguage":"pt-BR"},{"@type":"Organization","@id":"https:\/\/wp.ufpel.edu.br\/obeducpacto\/#organization","name":"OBEDUC - Pacto","url":"https:\/\/wp.ufpel.edu.br\/obeducpacto\/","logo":{"@type":"ImageObject","inLanguage":"pt-BR","@id":"https:\/\/wp.ufpel.edu.br\/obeducpacto\/#\/schema\/logo\/image\/","url":"https:\/\/wp.ufpel.edu.br\/obeducpacto\/files\/2025\/08\/OBEDUC-Pacto-Marca-G-TRANPARENTE.png","contentUrl":"https:\/\/wp.ufpel.edu.br\/obeducpacto\/files\/2025\/08\/OBEDUC-Pacto-Marca-G-TRANPARENTE.png","width":1000,"height":906,"caption":"OBEDUC - Pacto"},"image":{"@id":"https:\/\/wp.ufpel.edu.br\/obeducpacto\/#\/schema\/logo\/image\/"}},{"@type":"Person","@id":"https:\/\/wp.ufpel.edu.br\/obeducpacto\/#\/schema\/person\/36ac37e4742a6c6409cc58d618de2650","name":"obeducpacto","image":{"@type":"ImageObject","inLanguage":"pt-BR","@id":"https:\/\/wp.ufpel.edu.br\/obeducpacto\/#\/schema\/person\/image\/","url":"https:\/\/secure.gravatar.com\/avatar\/2cf9f00bba1f365609f0f6b6e3098266c436e83d3432212e89e427de78689880?s=96&d=mm&r=g","contentUrl":"https:\/\/secure.gravatar.com\/avatar\/2cf9f00bba1f365609f0f6b6e3098266c436e83d3432212e89e427de78689880?s=96&d=mm&r=g","caption":"obeducpacto"},"url":"https:\/\/wp.ufpel.edu.br\/obeducpacto\/author\/obeducpacto\/"}]}},"jetpack_featured_media_url":"","_links":{"self":[{"href":"https:\/\/wp.ufpel.edu.br\/obeducpacto\/wp-json\/wp\/v2\/posts\/648","targetHints":{"allow":["GET"]}}],"collection":[{"href":"https:\/\/wp.ufpel.edu.br\/obeducpacto\/wp-json\/wp\/v2\/posts"}],"about":[{"href":"https:\/\/wp.ufpel.edu.br\/obeducpacto\/wp-json\/wp\/v2\/types\/post"}],"author":[{"embeddable":true,"href":"https:\/\/wp.ufpel.edu.br\/obeducpacto\/wp-json\/wp\/v2\/users\/329"}],"replies":[{"embeddable":true,"href":"https:\/\/wp.ufpel.edu.br\/obeducpacto\/wp-json\/wp\/v2\/comments?post=648"}],"version-history":[{"count":6,"href":"https:\/\/wp.ufpel.edu.br\/obeducpacto\/wp-json\/wp\/v2\/posts\/648\/revisions"}],"predecessor-version":[{"id":666,"href":"https:\/\/wp.ufpel.edu.br\/obeducpacto\/wp-json\/wp\/v2\/posts\/648\/revisions\/666"}],"wp:attachment":[{"href":"https:\/\/wp.ufpel.edu.br\/obeducpacto\/wp-json\/wp\/v2\/media?parent=648"}],"wp:term":[{"taxonomy":"category","embeddable":true,"href":"https:\/\/wp.ufpel.edu.br\/obeducpacto\/wp-json\/wp\/v2\/categories?post=648"},{"taxonomy":"post_tag","embeddable":true,"href":"https:\/\/wp.ufpel.edu.br\/obeducpacto\/wp-json\/wp\/v2\/tags?post=648"}],"curies":[{"name":"wp","href":"https:\/\/api.w.org\/{rel}","templated":true}]}}