{"id":622,"date":"2016-03-29T10:28:40","date_gmt":"2016-03-29T13:28:40","guid":{"rendered":"https:\/\/wp.ufpel.edu.br\/obeducpacto\/?p=622"},"modified":"2019-05-29T16:56:43","modified_gmt":"2019-05-29T19:56:43","slug":"622","status":"publish","type":"post","link":"https:\/\/wp.ufpel.edu.br\/obeducpacto\/2016\/03\/622\/","title":{"rendered":"Dispon\u00edvel para download: Direitos de Aprendizagem no Ciclo de Alfabetiza\u00e7\u00e3o"},"content":{"rendered":"<p style=\"text-align: justify\"><a href=\"https:\/\/wp.ufpel.edu.br\/obeducpacto\/files\/2016\/03\/dieritos.png\" rel=\"attachment wp-att-632\"><img class=\" wp-image-632 aligncenter\" src=\"https:\/\/wp.ufpel.edu.br\/obeducpacto\/files\/2016\/03\/dieritos.png\" alt=\"direitos\" width=\"690\" height=\"341\" srcset=\"https:\/\/wp.ufpel.edu.br\/obeducpacto\/files\/2016\/03\/dieritos.png 350w, https:\/\/wp.ufpel.edu.br\/obeducpacto\/files\/2016\/03\/dieritos-300x148.png 300w\" sizes=\"(max-width: 690px) 100vw, 690px\" \/><\/a><\/p>\n<p style=\"text-align: justify\">A equipe PNAIC\/UFPel (Programa Pacto Nacional pela Alfabetiza\u00e7\u00e3o na Idade Certa),\u00a0juntamente com a equipe do projeto de pesquisa Obeduc-Pacto, organizou um livreto com os\u00a0Direitos e Objetivos de Aprendizagem no Ciclo de Alfabetiza\u00e7\u00e3o. Trata-se de um material que\u00a0sistematiza e re\u00fane\u00a0elementos decorrentes dos documentos oficiais produzidos pelo\u00a0Minist\u00e9rio da Educa\u00e7\u00e3o.<\/p>\n<p style=\"text-align: justify\">O material \u2013 compilado em formato de livreto -, segundo consta na apresenta\u00e7\u00e3o, demonstra \u201ca\u00a0inten\u00e7\u00e3o de subsidiar o trabalho do professor no que se refere \u00e0 organiza\u00e7\u00e3o das pr\u00e1ticas de\u00a0ensino no ciclo de alfabetiza\u00e7\u00e3o. Sua organiza\u00e7\u00e3o tomou como refer\u00eancia o texto dos\u00a0elementos conceituais e inseriu, em alguns t\u00f3picos, informa\u00e7\u00f5es sistematizadas nos cadernos\u00a0de forma\u00e7\u00e3o do PNAIC.\u201d Com isso, o livreto torna-se um instrumento para subsidiar reflex\u00f5es e\u00a0estudos no campo do planejamento desenvolvido ao longo da forma\u00e7\u00e3o das alfabetizadoras e\u00a0do ensino no ciclo de alfabetiza\u00e7\u00e3o.<\/p>\n<p>Confira o material dispon\u00edvel para download <a href=\"https:\/\/wp.ufpel.edu.br\/obeducpacto\/files\/2016\/03\/DIGITAL_Direitos_de_Aprendizagem_no_Ciclo_de_Alfabetizacao.pdf\" rel=\"\">aqui<\/a><\/p>\n","protected":false},"excerpt":{"rendered":"<p>A equipe PNAIC\/UFPel (Programa Pacto Nacional pela Alfabetiza\u00e7\u00e3o na Idade Certa),\u00a0juntamente com a equipe do projeto de pesquisa Obeduc-Pacto, organizou um livreto com os\u00a0Direitos e Objetivos de Aprendizagem no Ciclo de Alfabetiza\u00e7\u00e3o. Trata-se de um material que\u00a0sistematiza e re\u00fane\u00a0elementos decorrentes dos documentos oficiais produzidos pelo\u00a0Minist\u00e9rio da Educa\u00e7\u00e3o. O material \u2013 compilado em formato de livreto [&hellip;]<\/p>\n","protected":false},"author":329,"featured_media":0,"comment_status":"closed","ping_status":"closed","sticky":false,"template":"","format":"standard","meta":{"footnotes":""},"categories":[51139],"tags":[],"class_list":["post-622","post","type-post","status-publish","format-standard","hentry","category-cadernos-de-direitos-de-aprendizagem"],"yoast_head":"<!-- This site is optimized with the Yoast SEO plugin v26.7 - https:\/\/yoast.com\/wordpress\/plugins\/seo\/ -->\n<title>Dispon\u00edvel para download: Direitos de Aprendizagem no Ciclo de Alfabetiza\u00e7\u00e3o - OBEDUC - Pacto<\/title>\n<meta name=\"robots\" content=\"index, follow, max-snippet:-1, max-image-preview:large, max-video-preview:-1\" \/>\n<link rel=\"canonical\" href=\"https:\/\/wp.ufpel.edu.br\/obeducpacto\/2016\/03\/622\/\" \/>\n<meta property=\"og:locale\" content=\"pt_BR\" \/>\n<meta property=\"og:type\" content=\"article\" \/>\n<meta property=\"og:title\" content=\"Dispon\u00edvel para download: Direitos de Aprendizagem no Ciclo de Alfabetiza\u00e7\u00e3o - OBEDUC - Pacto\" \/>\n<meta property=\"og:description\" content=\"A equipe PNAIC\/UFPel (Programa Pacto Nacional pela Alfabetiza\u00e7\u00e3o na Idade Certa),\u00a0juntamente com a equipe do projeto de pesquisa Obeduc-Pacto, organizou um livreto com os\u00a0Direitos e Objetivos de Aprendizagem no Ciclo de Alfabetiza\u00e7\u00e3o. Trata-se de um material que\u00a0sistematiza e re\u00fane\u00a0elementos decorrentes dos documentos oficiais produzidos pelo\u00a0Minist\u00e9rio da Educa\u00e7\u00e3o. O material \u2013 compilado em formato de livreto [&hellip;]\" \/>\n<meta property=\"og:url\" content=\"https:\/\/wp.ufpel.edu.br\/obeducpacto\/2016\/03\/622\/\" \/>\n<meta property=\"og:site_name\" content=\"OBEDUC - Pacto\" \/>\n<meta property=\"article:published_time\" content=\"2016-03-29T13:28:40+00:00\" \/>\n<meta property=\"article:modified_time\" content=\"2019-05-29T19:56:43+00:00\" \/>\n<meta property=\"og:image\" content=\"https:\/\/wp.ufpel.edu.br\/obeducpacto\/files\/2016\/03\/dieritos.png\" \/>\n<meta name=\"author\" content=\"obeducpacto\" \/>\n<meta name=\"twitter:card\" content=\"summary_large_image\" \/>\n<meta name=\"twitter:label1\" content=\"Escrito por\" \/>\n\t<meta name=\"twitter:data1\" content=\"obeducpacto\" \/>\n\t<meta name=\"twitter:label2\" content=\"Est. tempo de leitura\" \/>\n\t<meta name=\"twitter:data2\" content=\"1 minuto\" \/>\n<script type=\"application\/ld+json\" class=\"yoast-schema-graph\">{\"@context\":\"https:\/\/schema.org\",\"@graph\":[{\"@type\":\"Article\",\"@id\":\"https:\/\/wp.ufpel.edu.br\/obeducpacto\/2016\/03\/622\/#article\",\"isPartOf\":{\"@id\":\"https:\/\/wp.ufpel.edu.br\/obeducpacto\/2016\/03\/622\/\"},\"author\":{\"name\":\"obeducpacto\",\"@id\":\"https:\/\/wp.ufpel.edu.br\/obeducpacto\/#\/schema\/person\/36ac37e4742a6c6409cc58d618de2650\"},\"headline\":\"Dispon\u00edvel para download: Direitos de Aprendizagem no Ciclo de Alfabetiza\u00e7\u00e3o\",\"datePublished\":\"2016-03-29T13:28:40+00:00\",\"dateModified\":\"2019-05-29T19:56:43+00:00\",\"mainEntityOfPage\":{\"@id\":\"https:\/\/wp.ufpel.edu.br\/obeducpacto\/2016\/03\/622\/\"},\"wordCount\":178,\"publisher\":{\"@id\":\"https:\/\/wp.ufpel.edu.br\/obeducpacto\/#organization\"},\"image\":{\"@id\":\"https:\/\/wp.ufpel.edu.br\/obeducpacto\/2016\/03\/622\/#primaryimage\"},\"thumbnailUrl\":\"https:\/\/wp.ufpel.edu.br\/obeducpacto\/files\/2016\/03\/dieritos.png\",\"articleSection\":[\"Cadernos de Direitos de Aprendizagem\"],\"inLanguage\":\"pt-BR\"},{\"@type\":\"WebPage\",\"@id\":\"https:\/\/wp.ufpel.edu.br\/obeducpacto\/2016\/03\/622\/\",\"url\":\"https:\/\/wp.ufpel.edu.br\/obeducpacto\/2016\/03\/622\/\",\"name\":\"Dispon\u00edvel para download: Direitos de Aprendizagem no Ciclo de Alfabetiza\u00e7\u00e3o - OBEDUC - Pacto\",\"isPartOf\":{\"@id\":\"https:\/\/wp.ufpel.edu.br\/obeducpacto\/#website\"},\"primaryImageOfPage\":{\"@id\":\"https:\/\/wp.ufpel.edu.br\/obeducpacto\/2016\/03\/622\/#primaryimage\"},\"image\":{\"@id\":\"https:\/\/wp.ufpel.edu.br\/obeducpacto\/2016\/03\/622\/#primaryimage\"},\"thumbnailUrl\":\"https:\/\/wp.ufpel.edu.br\/obeducpacto\/files\/2016\/03\/dieritos.png\",\"datePublished\":\"2016-03-29T13:28:40+00:00\",\"dateModified\":\"2019-05-29T19:56:43+00:00\",\"breadcrumb\":{\"@id\":\"https:\/\/wp.ufpel.edu.br\/obeducpacto\/2016\/03\/622\/#breadcrumb\"},\"inLanguage\":\"pt-BR\",\"potentialAction\":[{\"@type\":\"ReadAction\",\"target\":[\"https:\/\/wp.ufpel.edu.br\/obeducpacto\/2016\/03\/622\/\"]}]},{\"@type\":\"ImageObject\",\"inLanguage\":\"pt-BR\",\"@id\":\"https:\/\/wp.ufpel.edu.br\/obeducpacto\/2016\/03\/622\/#primaryimage\",\"url\":\"https:\/\/wp.ufpel.edu.br\/obeducpacto\/files\/2016\/03\/dieritos.png\",\"contentUrl\":\"https:\/\/wp.ufpel.edu.br\/obeducpacto\/files\/2016\/03\/dieritos.png\"},{\"@type\":\"BreadcrumbList\",\"@id\":\"https:\/\/wp.ufpel.edu.br\/obeducpacto\/2016\/03\/622\/#breadcrumb\",\"itemListElement\":[{\"@type\":\"ListItem\",\"position\":1,\"name\":\"In\u00edcio\",\"item\":\"https:\/\/wp.ufpel.edu.br\/obeducpacto\/\"},{\"@type\":\"ListItem\",\"position\":2,\"name\":\"Dispon\u00edvel para download: Direitos de Aprendizagem no Ciclo de Alfabetiza\u00e7\u00e3o\"}]},{\"@type\":\"WebSite\",\"@id\":\"https:\/\/wp.ufpel.edu.br\/obeducpacto\/#website\",\"url\":\"https:\/\/wp.ufpel.edu.br\/obeducpacto\/\",\"name\":\"OBEDUC - Pacto\",\"description\":\"Universidade Federal de Pelotas\",\"publisher\":{\"@id\":\"https:\/\/wp.ufpel.edu.br\/obeducpacto\/#organization\"},\"potentialAction\":[{\"@type\":\"SearchAction\",\"target\":{\"@type\":\"EntryPoint\",\"urlTemplate\":\"https:\/\/wp.ufpel.edu.br\/obeducpacto\/?s={search_term_string}\"},\"query-input\":{\"@type\":\"PropertyValueSpecification\",\"valueRequired\":true,\"valueName\":\"search_term_string\"}}],\"inLanguage\":\"pt-BR\"},{\"@type\":\"Organization\",\"@id\":\"https:\/\/wp.ufpel.edu.br\/obeducpacto\/#organization\",\"name\":\"OBEDUC - Pacto\",\"url\":\"https:\/\/wp.ufpel.edu.br\/obeducpacto\/\",\"logo\":{\"@type\":\"ImageObject\",\"inLanguage\":\"pt-BR\",\"@id\":\"https:\/\/wp.ufpel.edu.br\/obeducpacto\/#\/schema\/logo\/image\/\",\"url\":\"https:\/\/wp.ufpel.edu.br\/obeducpacto\/files\/2025\/08\/OBEDUC-Pacto-Marca-G-TRANPARENTE.png\",\"contentUrl\":\"https:\/\/wp.ufpel.edu.br\/obeducpacto\/files\/2025\/08\/OBEDUC-Pacto-Marca-G-TRANPARENTE.png\",\"width\":1000,\"height\":906,\"caption\":\"OBEDUC - Pacto\"},\"image\":{\"@id\":\"https:\/\/wp.ufpel.edu.br\/obeducpacto\/#\/schema\/logo\/image\/\"}},{\"@type\":\"Person\",\"@id\":\"https:\/\/wp.ufpel.edu.br\/obeducpacto\/#\/schema\/person\/36ac37e4742a6c6409cc58d618de2650\",\"name\":\"obeducpacto\",\"image\":{\"@type\":\"ImageObject\",\"inLanguage\":\"pt-BR\",\"@id\":\"https:\/\/wp.ufpel.edu.br\/obeducpacto\/#\/schema\/person\/image\/\",\"url\":\"https:\/\/secure.gravatar.com\/avatar\/2cf9f00bba1f365609f0f6b6e3098266c436e83d3432212e89e427de78689880?s=96&d=mm&r=g\",\"contentUrl\":\"https:\/\/secure.gravatar.com\/avatar\/2cf9f00bba1f365609f0f6b6e3098266c436e83d3432212e89e427de78689880?s=96&d=mm&r=g\",\"caption\":\"obeducpacto\"},\"url\":\"https:\/\/wp.ufpel.edu.br\/obeducpacto\/author\/obeducpacto\/\"}]}<\/script>\n<!-- \/ Yoast SEO plugin. -->","yoast_head_json":{"title":"Dispon\u00edvel para download: Direitos de Aprendizagem no Ciclo de Alfabetiza\u00e7\u00e3o - OBEDUC - Pacto","robots":{"index":"index","follow":"follow","max-snippet":"max-snippet:-1","max-image-preview":"max-image-preview:large","max-video-preview":"max-video-preview:-1"},"canonical":"https:\/\/wp.ufpel.edu.br\/obeducpacto\/2016\/03\/622\/","og_locale":"pt_BR","og_type":"article","og_title":"Dispon\u00edvel para download: Direitos de Aprendizagem no Ciclo de Alfabetiza\u00e7\u00e3o - OBEDUC - Pacto","og_description":"A equipe PNAIC\/UFPel (Programa Pacto Nacional pela Alfabetiza\u00e7\u00e3o na Idade Certa),\u00a0juntamente com a equipe do projeto de pesquisa Obeduc-Pacto, organizou um livreto com os\u00a0Direitos e Objetivos de Aprendizagem no Ciclo de Alfabetiza\u00e7\u00e3o. Trata-se de um material que\u00a0sistematiza e re\u00fane\u00a0elementos decorrentes dos documentos oficiais produzidos pelo\u00a0Minist\u00e9rio da Educa\u00e7\u00e3o. O material \u2013 compilado em formato de livreto [&hellip;]","og_url":"https:\/\/wp.ufpel.edu.br\/obeducpacto\/2016\/03\/622\/","og_site_name":"OBEDUC - Pacto","article_published_time":"2016-03-29T13:28:40+00:00","article_modified_time":"2019-05-29T19:56:43+00:00","og_image":[{"url":"https:\/\/wp.ufpel.edu.br\/obeducpacto\/files\/2016\/03\/dieritos.png","type":"","width":"","height":""}],"author":"obeducpacto","twitter_card":"summary_large_image","twitter_misc":{"Escrito por":"obeducpacto","Est. tempo de leitura":"1 minuto"},"schema":{"@context":"https:\/\/schema.org","@graph":[{"@type":"Article","@id":"https:\/\/wp.ufpel.edu.br\/obeducpacto\/2016\/03\/622\/#article","isPartOf":{"@id":"https:\/\/wp.ufpel.edu.br\/obeducpacto\/2016\/03\/622\/"},"author":{"name":"obeducpacto","@id":"https:\/\/wp.ufpel.edu.br\/obeducpacto\/#\/schema\/person\/36ac37e4742a6c6409cc58d618de2650"},"headline":"Dispon\u00edvel para download: Direitos de Aprendizagem no Ciclo de Alfabetiza\u00e7\u00e3o","datePublished":"2016-03-29T13:28:40+00:00","dateModified":"2019-05-29T19:56:43+00:00","mainEntityOfPage":{"@id":"https:\/\/wp.ufpel.edu.br\/obeducpacto\/2016\/03\/622\/"},"wordCount":178,"publisher":{"@id":"https:\/\/wp.ufpel.edu.br\/obeducpacto\/#organization"},"image":{"@id":"https:\/\/wp.ufpel.edu.br\/obeducpacto\/2016\/03\/622\/#primaryimage"},"thumbnailUrl":"https:\/\/wp.ufpel.edu.br\/obeducpacto\/files\/2016\/03\/dieritos.png","articleSection":["Cadernos de Direitos de Aprendizagem"],"inLanguage":"pt-BR"},{"@type":"WebPage","@id":"https:\/\/wp.ufpel.edu.br\/obeducpacto\/2016\/03\/622\/","url":"https:\/\/wp.ufpel.edu.br\/obeducpacto\/2016\/03\/622\/","name":"Dispon\u00edvel para download: Direitos de Aprendizagem no Ciclo de Alfabetiza\u00e7\u00e3o - OBEDUC - Pacto","isPartOf":{"@id":"https:\/\/wp.ufpel.edu.br\/obeducpacto\/#website"},"primaryImageOfPage":{"@id":"https:\/\/wp.ufpel.edu.br\/obeducpacto\/2016\/03\/622\/#primaryimage"},"image":{"@id":"https:\/\/wp.ufpel.edu.br\/obeducpacto\/2016\/03\/622\/#primaryimage"},"thumbnailUrl":"https:\/\/wp.ufpel.edu.br\/obeducpacto\/files\/2016\/03\/dieritos.png","datePublished":"2016-03-29T13:28:40+00:00","dateModified":"2019-05-29T19:56:43+00:00","breadcrumb":{"@id":"https:\/\/wp.ufpel.edu.br\/obeducpacto\/2016\/03\/622\/#breadcrumb"},"inLanguage":"pt-BR","potentialAction":[{"@type":"ReadAction","target":["https:\/\/wp.ufpel.edu.br\/obeducpacto\/2016\/03\/622\/"]}]},{"@type":"ImageObject","inLanguage":"pt-BR","@id":"https:\/\/wp.ufpel.edu.br\/obeducpacto\/2016\/03\/622\/#primaryimage","url":"https:\/\/wp.ufpel.edu.br\/obeducpacto\/files\/2016\/03\/dieritos.png","contentUrl":"https:\/\/wp.ufpel.edu.br\/obeducpacto\/files\/2016\/03\/dieritos.png"},{"@type":"BreadcrumbList","@id":"https:\/\/wp.ufpel.edu.br\/obeducpacto\/2016\/03\/622\/#breadcrumb","itemListElement":[{"@type":"ListItem","position":1,"name":"In\u00edcio","item":"https:\/\/wp.ufpel.edu.br\/obeducpacto\/"},{"@type":"ListItem","position":2,"name":"Dispon\u00edvel para download: Direitos de Aprendizagem no Ciclo de Alfabetiza\u00e7\u00e3o"}]},{"@type":"WebSite","@id":"https:\/\/wp.ufpel.edu.br\/obeducpacto\/#website","url":"https:\/\/wp.ufpel.edu.br\/obeducpacto\/","name":"OBEDUC - Pacto","description":"Universidade Federal de Pelotas","publisher":{"@id":"https:\/\/wp.ufpel.edu.br\/obeducpacto\/#organization"},"potentialAction":[{"@type":"SearchAction","target":{"@type":"EntryPoint","urlTemplate":"https:\/\/wp.ufpel.edu.br\/obeducpacto\/?s={search_term_string}"},"query-input":{"@type":"PropertyValueSpecification","valueRequired":true,"valueName":"search_term_string"}}],"inLanguage":"pt-BR"},{"@type":"Organization","@id":"https:\/\/wp.ufpel.edu.br\/obeducpacto\/#organization","name":"OBEDUC - Pacto","url":"https:\/\/wp.ufpel.edu.br\/obeducpacto\/","logo":{"@type":"ImageObject","inLanguage":"pt-BR","@id":"https:\/\/wp.ufpel.edu.br\/obeducpacto\/#\/schema\/logo\/image\/","url":"https:\/\/wp.ufpel.edu.br\/obeducpacto\/files\/2025\/08\/OBEDUC-Pacto-Marca-G-TRANPARENTE.png","contentUrl":"https:\/\/wp.ufpel.edu.br\/obeducpacto\/files\/2025\/08\/OBEDUC-Pacto-Marca-G-TRANPARENTE.png","width":1000,"height":906,"caption":"OBEDUC - Pacto"},"image":{"@id":"https:\/\/wp.ufpel.edu.br\/obeducpacto\/#\/schema\/logo\/image\/"}},{"@type":"Person","@id":"https:\/\/wp.ufpel.edu.br\/obeducpacto\/#\/schema\/person\/36ac37e4742a6c6409cc58d618de2650","name":"obeducpacto","image":{"@type":"ImageObject","inLanguage":"pt-BR","@id":"https:\/\/wp.ufpel.edu.br\/obeducpacto\/#\/schema\/person\/image\/","url":"https:\/\/secure.gravatar.com\/avatar\/2cf9f00bba1f365609f0f6b6e3098266c436e83d3432212e89e427de78689880?s=96&d=mm&r=g","contentUrl":"https:\/\/secure.gravatar.com\/avatar\/2cf9f00bba1f365609f0f6b6e3098266c436e83d3432212e89e427de78689880?s=96&d=mm&r=g","caption":"obeducpacto"},"url":"https:\/\/wp.ufpel.edu.br\/obeducpacto\/author\/obeducpacto\/"}]}},"jetpack_featured_media_url":"","_links":{"self":[{"href":"https:\/\/wp.ufpel.edu.br\/obeducpacto\/wp-json\/wp\/v2\/posts\/622","targetHints":{"allow":["GET"]}}],"collection":[{"href":"https:\/\/wp.ufpel.edu.br\/obeducpacto\/wp-json\/wp\/v2\/posts"}],"about":[{"href":"https:\/\/wp.ufpel.edu.br\/obeducpacto\/wp-json\/wp\/v2\/types\/post"}],"author":[{"embeddable":true,"href":"https:\/\/wp.ufpel.edu.br\/obeducpacto\/wp-json\/wp\/v2\/users\/329"}],"replies":[{"embeddable":true,"href":"https:\/\/wp.ufpel.edu.br\/obeducpacto\/wp-json\/wp\/v2\/comments?post=622"}],"version-history":[{"count":7,"href":"https:\/\/wp.ufpel.edu.br\/obeducpacto\/wp-json\/wp\/v2\/posts\/622\/revisions"}],"predecessor-version":[{"id":633,"href":"https:\/\/wp.ufpel.edu.br\/obeducpacto\/wp-json\/wp\/v2\/posts\/622\/revisions\/633"}],"wp:attachment":[{"href":"https:\/\/wp.ufpel.edu.br\/obeducpacto\/wp-json\/wp\/v2\/media?parent=622"}],"wp:term":[{"taxonomy":"category","embeddable":true,"href":"https:\/\/wp.ufpel.edu.br\/obeducpacto\/wp-json\/wp\/v2\/categories?post=622"},{"taxonomy":"post_tag","embeddable":true,"href":"https:\/\/wp.ufpel.edu.br\/obeducpacto\/wp-json\/wp\/v2\/tags?post=622"}],"curies":[{"name":"wp","href":"https:\/\/api.w.org\/{rel}","templated":true}]}}