{"id":538,"date":"2015-10-14T19:54:46","date_gmt":"2015-10-14T22:54:46","guid":{"rendered":"https:\/\/wp.ufpel.edu.br\/nutricaobromatologia\/?p=538"},"modified":"2015-10-14T20:17:16","modified_gmt":"2015-10-14T23:17:16","slug":"alimentos-organicos-para-todos-da-mesa-a-merenda","status":"publish","type":"post","link":"https:\/\/wp.ufpel.edu.br\/nutricaobromatologia\/2015\/10\/14\/alimentos-organicos-para-todos-da-mesa-a-merenda\/","title":{"rendered":"Alimentos Org\u00e2nicos para Todos: da mesa \u00e0 merenda"},"content":{"rendered":"<p><img decoding=\"async\" src=\"http:\/\/www.idec.org.br\/email_mkt\/bate-papo\/2015-10-organicos\/bp-organicos-divulg_01.jpg\" alt=\"\" \/><img decoding=\"async\" src=\"http:\/\/www.idec.org.br\/email_mkt\/bate-papo\/2015-10-organicos\/bp-organicos-divulg_02.jpg\" alt=\"\" \/><\/p>\n<table border=\"0\" cellspacing=\"0\" cellpadding=\"0\" align=\"center\">\n<tbody>\n<tr>\n<td bgcolor=\"#FFFFFF\" width=\"600\" height=\"36\">\n<p>No m\u00eas de outubro o Idec lan\u00e7a a Campanha <a href=\"http:\/\/www.idec.org.br\/especial\/maisorganicos\" target=\"_blank\">&#8220;+ Org\u00e2nicos&#8221;<\/a>, com objetivo de informar os consumidores sobre as vantagens de preferir alimentos org\u00e2nicos e os perigos do consumo de alimentos com agrot\u00f3xicos.<\/p>\n<p>Al\u00e9m da pesquisadora do Idec Ana Paula Bortoletto, convidamos o <a>Departamento de Alimenta\u00e7\u00e3o Escolar de S\u00e3o Paulo<\/a> e <a>Ana Fl\u00e1via Badue, do Instituto Kair\u00f3s,<\/a>para falar sobre a experi\u00eancia de inserir alimentos org\u00e2nicos na alimenta\u00e7\u00e3o escolar da cidade.<\/td>\n<\/tr>\n<tr>\n<td style=\"text-align: center\" bgcolor=\"#FFFFFF\" width=\"600\" height=\"36\"><strong>Online e Presencial<\/strong><br \/>\nEvento Gratuito | Inscri\u00e7\u00f5es limitadas<\/p>\n<p><strong>D\u00favidas e informa\u00e7\u00f5es:<\/strong> eventos@idec.org.br ou (11) 3874-2150<\/p>\n<p><img decoding=\"async\" src=\"http:\/\/www.idec.org.br\/email_mkt\/bate-papo\/2015-10-organicos\/bp-organicos-divulg_03.jpg\" alt=\"\" \/><\/td>\n<\/tr>\n<\/tbody>\n<\/table>\n<p>&nbsp;<\/p>\n","protected":false},"excerpt":{"rendered":"<p>No m\u00eas de outubro o Idec lan\u00e7a a Campanha &#8220;+ Org\u00e2nicos&#8221;, com objetivo de informar os consumidores sobre as vantagens de preferir alimentos org\u00e2nicos e os perigos do consumo de alimentos com agrot\u00f3xicos. Al\u00e9m da pesquisadora do Idec Ana Paula &hellip; <a href=\"https:\/\/wp.ufpel.edu.br\/nutricaobromatologia\/2015\/10\/14\/alimentos-organicos-para-todos-da-mesa-a-merenda\/\">Continue lendo <span class=\"meta-nav\">&rarr;<\/span><\/a><\/p>\n","protected":false},"author":277,"featured_media":0,"comment_status":"closed","ping_status":"closed","sticky":false,"template":"","format":"standard","meta":{"footnotes":""},"categories":[18],"tags":[],"class_list":["post-538","post","type-post","status-publish","format-standard","hentry","category-sem-categoria"],"jetpack_featured_media_url":"","_links":{"self":[{"href":"https:\/\/wp.ufpel.edu.br\/nutricaobromatologia\/wp-json\/wp\/v2\/posts\/538","targetHints":{"allow":["GET"]}}],"collection":[{"href":"https:\/\/wp.ufpel.edu.br\/nutricaobromatologia\/wp-json\/wp\/v2\/posts"}],"about":[{"href":"https:\/\/wp.ufpel.edu.br\/nutricaobromatologia\/wp-json\/wp\/v2\/types\/post"}],"author":[{"embeddable":true,"href":"https:\/\/wp.ufpel.edu.br\/nutricaobromatologia\/wp-json\/wp\/v2\/users\/277"}],"replies":[{"embeddable":true,"href":"https:\/\/wp.ufpel.edu.br\/nutricaobromatologia\/wp-json\/wp\/v2\/comments?post=538"}],"version-history":[{"count":7,"href":"https:\/\/wp.ufpel.edu.br\/nutricaobromatologia\/wp-json\/wp\/v2\/posts\/538\/revisions"}],"predecessor-version":[{"id":547,"href":"https:\/\/wp.ufpel.edu.br\/nutricaobromatologia\/wp-json\/wp\/v2\/posts\/538\/revisions\/547"}],"wp:attachment":[{"href":"https:\/\/wp.ufpel.edu.br\/nutricaobromatologia\/wp-json\/wp\/v2\/media?parent=538"}],"wp:term":[{"taxonomy":"category","embeddable":true,"href":"https:\/\/wp.ufpel.edu.br\/nutricaobromatologia\/wp-json\/wp\/v2\/categories?post=538"},{"taxonomy":"post_tag","embeddable":true,"href":"https:\/\/wp.ufpel.edu.br\/nutricaobromatologia\/wp-json\/wp\/v2\/tags?post=538"}],"curies":[{"name":"wp","href":"https:\/\/api.w.org\/{rel}","templated":true}]}}