{"id":526,"date":"2015-09-25T22:36:07","date_gmt":"2015-09-26T01:36:07","guid":{"rendered":"https:\/\/wp.ufpel.edu.br\/nutricaobromatologia\/?p=526"},"modified":"2015-10-16T13:46:59","modified_gmt":"2015-10-16T16:46:59","slug":"simposio-lacteos-e-saude","status":"publish","type":"post","link":"https:\/\/wp.ufpel.edu.br\/nutricaobromatologia\/2015\/09\/25\/simposio-lacteos-e-saude\/","title":{"rendered":"SIMP\u00d3SIO L\u00c1CTEOS E SA\u00daDE"},"content":{"rendered":"<p style=\"text-align: justify\">O Centro de Tecnologia de Latic\u00ednios do Instituto de Tecnologia de Alimentos- Tecnolat\/ITAL, realizar\u00e1, no per\u00edodo de 17 a 18 de novembro de 2015, em Campinas, S\u00e3o Paulo, o <b>SIMP\u00d3SIO L\u00c1CTEOS E SA\u00daDE<\/b>, cuja proposta<b> <\/b>\u00e9 divulgar o conhecimento t\u00e9cnico cient\u00edfico relacionado ao consumo de l\u00e1cteos para os setores da sociedade formadores de opini\u00e3o e respons\u00e1veis pelo desenvolvimento da tecnologia de latic\u00ednios no Pa\u00eds. O evento seguir\u00e1 tend\u00eancia do debate envolvendo ci\u00eancia e tecnologia e buscar\u00e1 agregar a opini\u00e3o de profissionais das \u00e1reas de sa\u00fade, que s\u00e3o tamb\u00e9m respons\u00e1veis pela transfer\u00eancia e aplica\u00e7\u00e3o desses conhecimentos para os clientes a quem prestam servi\u00e7o.<\/p>\n<p style=\"text-align: justify\">Os pesquisadores que desejarem discutir os resultados de seus trabalhos poder\u00e3o apresent\u00e1-los na forma de p\u00f4steres, devendo para isso enviar seus resumos para avalia\u00e7\u00e3o, de acordo com as instru\u00e7\u00f5es e normas dispon\u00edveis no site do evento, no link abaixo.<\/p>\n<p style=\"text-align: justify\">Visite o site do SIMP\u00d3SIO L\u00c1CTEOS E SA\u00daDE em: <a href=\"https:\/\/eventos2.fundepag.br\/TL171115\" target=\"_blank\">https:\/\/eventos2.fundepag.br\/TL171115<\/a><\/p>\n<p><img decoding=\"async\" src=\"https:\/\/mail.google.com\/mail\/u\/0\/?ui=2&amp;ik=b0b59fd050&amp;view=fimg&amp;th=1500195399a1492d&amp;attid=0.1&amp;disp=emb&amp;attbid=ANGjdJ_SoU5BRAwuzp_S77NANhJca_l2mWKjBsOotGAJiwKQ5CeSOZj6OiSenTcnlPf-a9EJe9tTmqhOXWNvVIQIMRXnO94gbjyEe5ES1t9RIAxIsik7tq8VU3Y1ekE&amp;sz=w1420-h2126&amp;ats=1443231186350&amp;rm=1500195399a1492d&amp;zw&amp;atsh=1\" alt=\"Exibindo ATT00002\" \/><\/p>\n","protected":false},"excerpt":{"rendered":"<p>O Centro de Tecnologia de Latic\u00ednios do Instituto de Tecnologia de Alimentos- Tecnolat\/ITAL, realizar\u00e1, no per\u00edodo de 17 a 18 de novembro de 2015, em Campinas, S\u00e3o Paulo, o SIMP\u00d3SIO L\u00c1CTEOS E SA\u00daDE, cuja proposta \u00e9 divulgar o conhecimento t\u00e9cnico &hellip; <a href=\"https:\/\/wp.ufpel.edu.br\/nutricaobromatologia\/2015\/09\/25\/simposio-lacteos-e-saude\/\">Continue lendo <span class=\"meta-nav\">&rarr;<\/span><\/a><\/p>\n","protected":false},"author":277,"featured_media":0,"comment_status":"closed","ping_status":"closed","sticky":false,"template":"","format":"standard","meta":{"footnotes":""},"categories":[18],"tags":[],"class_list":["post-526","post","type-post","status-publish","format-standard","hentry","category-sem-categoria"],"jetpack_featured_media_url":"","_links":{"self":[{"href":"https:\/\/wp.ufpel.edu.br\/nutricaobromatologia\/wp-json\/wp\/v2\/posts\/526","targetHints":{"allow":["GET"]}}],"collection":[{"href":"https:\/\/wp.ufpel.edu.br\/nutricaobromatologia\/wp-json\/wp\/v2\/posts"}],"about":[{"href":"https:\/\/wp.ufpel.edu.br\/nutricaobromatologia\/wp-json\/wp\/v2\/types\/post"}],"author":[{"embeddable":true,"href":"https:\/\/wp.ufpel.edu.br\/nutricaobromatologia\/wp-json\/wp\/v2\/users\/277"}],"replies":[{"embeddable":true,"href":"https:\/\/wp.ufpel.edu.br\/nutricaobromatologia\/wp-json\/wp\/v2\/comments?post=526"}],"version-history":[{"count":2,"href":"https:\/\/wp.ufpel.edu.br\/nutricaobromatologia\/wp-json\/wp\/v2\/posts\/526\/revisions"}],"predecessor-version":[{"id":551,"href":"https:\/\/wp.ufpel.edu.br\/nutricaobromatologia\/wp-json\/wp\/v2\/posts\/526\/revisions\/551"}],"wp:attachment":[{"href":"https:\/\/wp.ufpel.edu.br\/nutricaobromatologia\/wp-json\/wp\/v2\/media?parent=526"}],"wp:term":[{"taxonomy":"category","embeddable":true,"href":"https:\/\/wp.ufpel.edu.br\/nutricaobromatologia\/wp-json\/wp\/v2\/categories?post=526"},{"taxonomy":"post_tag","embeddable":true,"href":"https:\/\/wp.ufpel.edu.br\/nutricaobromatologia\/wp-json\/wp\/v2\/tags?post=526"}],"curies":[{"name":"wp","href":"https:\/\/api.w.org\/{rel}","templated":true}]}}