{"id":186,"date":"2014-06-30T10:29:52","date_gmt":"2014-06-30T13:29:52","guid":{"rendered":"https:\/\/wp.ufpel.edu.br\/nutricaobromatologia\/?p=186"},"modified":"2014-06-30T10:29:52","modified_gmt":"2014-06-30T13:29:52","slug":"mais-uma-lei-aprovada","status":"publish","type":"post","link":"https:\/\/wp.ufpel.edu.br\/nutricaobromatologia\/2014\/06\/30\/mais-uma-lei-aprovada\/","title":{"rendered":"MAIS UMA LEI APROVADA."},"content":{"rendered":"<p style=\"color: #000000;text-align: left\" align=\"center\"><span style=\"color: #000000\"><b><span style=\"font-family: Arial\">G\u00f4ndolas espec\u00edficas para produtos sem gl\u00faten e sem lactose nos supermercados do Estado do Rio de Janeiro<\/span><\/b><\/span><\/p>\n<p style=\"color: #000000;text-align: left\" align=\"center\">Estado do<b>\u00a0Rio de Janeiro<\/b>\u00a0agora tem lei sobre a obrigatoriedade de supermercados terem g\u00f4ndolas espec\u00edficas para produtos sem gl\u00faten e sem lactose. A\u00a0<b>lei n\u00ba 6.759\/2014<\/b>, de autoria da\u00a0<b>deputada Gra\u00e7a Pereira<\/b>\u00a0(PRTB) foi publicada nesta sexta (25\/04\/2014) no<\/p>\n<p style=\"color: #000000;text-align: left\" align=\"center\">Leia mais no site: <a href=\"http:\/\/www.riosemgluten.com\/noticias.htm\">Rio sem Gl\u00faten<\/a><\/p>\n","protected":false},"excerpt":{"rendered":"<p>G\u00f4ndolas espec\u00edficas para produtos sem gl\u00faten e sem lactose nos supermercados do Estado do Rio de Janeiro Estado do\u00a0Rio de Janeiro\u00a0agora tem lei sobre a obrigatoriedade de supermercados terem g\u00f4ndolas espec\u00edficas para produtos sem gl\u00faten e sem lactose. A\u00a0lei n\u00ba &hellip; <a href=\"https:\/\/wp.ufpel.edu.br\/nutricaobromatologia\/2014\/06\/30\/mais-uma-lei-aprovada\/\">Continue lendo <span class=\"meta-nav\">&rarr;<\/span><\/a><\/p>\n","protected":false},"author":277,"featured_media":0,"comment_status":"closed","ping_status":"closed","sticky":false,"template":"","format":"standard","meta":{"footnotes":""},"categories":[18],"tags":[],"class_list":["post-186","post","type-post","status-publish","format-standard","hentry","category-sem-categoria"],"jetpack_featured_media_url":"","_links":{"self":[{"href":"https:\/\/wp.ufpel.edu.br\/nutricaobromatologia\/wp-json\/wp\/v2\/posts\/186","targetHints":{"allow":["GET"]}}],"collection":[{"href":"https:\/\/wp.ufpel.edu.br\/nutricaobromatologia\/wp-json\/wp\/v2\/posts"}],"about":[{"href":"https:\/\/wp.ufpel.edu.br\/nutricaobromatologia\/wp-json\/wp\/v2\/types\/post"}],"author":[{"embeddable":true,"href":"https:\/\/wp.ufpel.edu.br\/nutricaobromatologia\/wp-json\/wp\/v2\/users\/277"}],"replies":[{"embeddable":true,"href":"https:\/\/wp.ufpel.edu.br\/nutricaobromatologia\/wp-json\/wp\/v2\/comments?post=186"}],"version-history":[{"count":1,"href":"https:\/\/wp.ufpel.edu.br\/nutricaobromatologia\/wp-json\/wp\/v2\/posts\/186\/revisions"}],"predecessor-version":[{"id":187,"href":"https:\/\/wp.ufpel.edu.br\/nutricaobromatologia\/wp-json\/wp\/v2\/posts\/186\/revisions\/187"}],"wp:attachment":[{"href":"https:\/\/wp.ufpel.edu.br\/nutricaobromatologia\/wp-json\/wp\/v2\/media?parent=186"}],"wp:term":[{"taxonomy":"category","embeddable":true,"href":"https:\/\/wp.ufpel.edu.br\/nutricaobromatologia\/wp-json\/wp\/v2\/categories?post=186"},{"taxonomy":"post_tag","embeddable":true,"href":"https:\/\/wp.ufpel.edu.br\/nutricaobromatologia\/wp-json\/wp\/v2\/tags?post=186"}],"curies":[{"name":"wp","href":"https:\/\/api.w.org\/{rel}","templated":true}]}}