{"id":973,"date":"2019-02-04T09:11:06","date_gmt":"2019-02-04T11:11:06","guid":{"rendered":"https:\/\/wp.ufpel.edu.br\/nutricao\/?p=973"},"modified":"2019-02-04T09:11:06","modified_gmt":"2019-02-04T11:11:06","slug":"correcao-de-matriculas-nutricao-2019-1","status":"publish","type":"post","link":"https:\/\/wp.ufpel.edu.br\/nutricao\/2019\/02\/04\/correcao-de-matriculas-nutricao-2019-1\/","title":{"rendered":"CORRE\u00c7\u00c3O DE MATR\u00cdCULAS \u2013 NUTRI\u00c7\u00c3O \u2013 2019\/1"},"content":{"rendered":"<div class=\"page\" title=\"Page 1\">\n<div class=\"layoutArea\">\n<div class=\"column\">\n<p>O per\u00edodo de corre\u00e7\u00e3o de matr\u00edcula, junto ao Colegiado do Curso de Nutri\u00e7\u00e3o, ser\u00e1 de 07\/03 a 13\/03. Estaremos realizando esta atividade das 9 \u00e0s 14 horas.<br \/>\nA fim de atender a todos com a maior brevidade poss\u00edvel, as turmas ficar\u00e3o assim distribu\u00eddas: 07\/03 \u2013 alunos do 8o e 7o semestres.<\/p>\n<p>08\/03 \u2013 alunos do 6o e 5o semestres.<br \/>\n11\/03 \u2013 alunos do 4o e 3o semestres.<br \/>\n12\/03 \u2013 alunos do 2o e 1o semestres e que ingressaram por Transfer\u00eancia, Reop\u00e7\u00e3o e Reingresso. 13\/03 \u2013 alunos que por motivo relevante, devidamente comprovado, n\u00e3o puderam comparecer no dia de corre\u00e7\u00e3o do seu semestre.<\/p>\n<p>IMPORTANTE:<br \/>\n* A corre\u00e7\u00e3o ser\u00e1 realizada de forma presencial, n\u00e3o sendo realizada via e-mail.<br \/>\n**A corre\u00e7\u00e3o pode ser feita por procurador, desde que porte procura\u00e7\u00e3o com poderes espec\u00edficos para realizar a corre\u00e7\u00e3o (n\u00e3o precisa ser reconhecida em cart\u00f3rio) e n\u00e3o ser\u00e3o aceitas procura\u00e7\u00f5es digitalizadas. ***Ressaltamos a import\u00e2ncia de cada aluno vir no dia estabelecido para o seu semestre para evitar longas esperas na fila e, tamb\u00e9m, para possibilitar que seja feita uma distribui\u00e7\u00e3o de vagas equ\u00e2nime considerando a proximidade de formatura de cada um.<\/p>\n<p>COORDENA\u00c7\u00c3O DO COLEGIADO DE NUTRI\u00c7\u00c3O<\/p>\n<p>colnutricao@gmail.com \/(53)32843838<\/p>\n<\/div>\n<\/div>\n<\/div>\n","protected":false},"excerpt":{"rendered":"<p>O per\u00edodo de corre\u00e7\u00e3o de matr\u00edcula, junto ao Colegiado do Curso de Nutri\u00e7\u00e3o, ser\u00e1 de 07\/03 a 13\/03. Estaremos realizando esta atividade das 9 \u00e0s 14 horas. A fim de atender a todos com a maior brevidade poss\u00edvel, as turmas ficar\u00e3o assim distribu\u00eddas: 07\/03 \u2013 alunos do 8o e 7o semestres. 08\/03 \u2013 alunos do [&hellip;]<\/p>\n","protected":false},"author":249,"featured_media":0,"comment_status":"closed","ping_status":"closed","sticky":false,"template":"","format":"standard","meta":{"_jetpack_memberships_contains_paid_content":false,"footnotes":""},"categories":[18],"tags":[],"class_list":["post-973","post","type-post","status-publish","format-standard","hentry","category-sem-categoria"],"jetpack_featured_media_url":"","jetpack_sharing_enabled":true,"_links":{"self":[{"href":"https:\/\/wp.ufpel.edu.br\/nutricao\/wp-json\/wp\/v2\/posts\/973","targetHints":{"allow":["GET"]}}],"collection":[{"href":"https:\/\/wp.ufpel.edu.br\/nutricao\/wp-json\/wp\/v2\/posts"}],"about":[{"href":"https:\/\/wp.ufpel.edu.br\/nutricao\/wp-json\/wp\/v2\/types\/post"}],"author":[{"embeddable":true,"href":"https:\/\/wp.ufpel.edu.br\/nutricao\/wp-json\/wp\/v2\/users\/249"}],"replies":[{"embeddable":true,"href":"https:\/\/wp.ufpel.edu.br\/nutricao\/wp-json\/wp\/v2\/comments?post=973"}],"version-history":[{"count":1,"href":"https:\/\/wp.ufpel.edu.br\/nutricao\/wp-json\/wp\/v2\/posts\/973\/revisions"}],"predecessor-version":[{"id":975,"href":"https:\/\/wp.ufpel.edu.br\/nutricao\/wp-json\/wp\/v2\/posts\/973\/revisions\/975"}],"wp:attachment":[{"href":"https:\/\/wp.ufpel.edu.br\/nutricao\/wp-json\/wp\/v2\/media?parent=973"}],"wp:term":[{"taxonomy":"category","embeddable":true,"href":"https:\/\/wp.ufpel.edu.br\/nutricao\/wp-json\/wp\/v2\/categories?post=973"},{"taxonomy":"post_tag","embeddable":true,"href":"https:\/\/wp.ufpel.edu.br\/nutricao\/wp-json\/wp\/v2\/tags?post=973"}],"curies":[{"name":"wp","href":"https:\/\/api.w.org\/{rel}","templated":true}]}}