{"id":2070,"date":"2023-11-30T11:57:56","date_gmt":"2023-11-30T14:57:56","guid":{"rendered":"https:\/\/wp.ufpel.edu.br\/nutricao\/?p=2070"},"modified":"2023-11-30T11:57:56","modified_gmt":"2023-11-30T14:57:56","slug":"nota-de-pesar-servidora-cinthia-silveira-rodrigues","status":"publish","type":"post","link":"https:\/\/wp.ufpel.edu.br\/nutricao\/2023\/11\/30\/nota-de-pesar-servidora-cinthia-silveira-rodrigues\/","title":{"rendered":"Nota de Pesar \u2013 Servidora Cinthia Silveira Rodrigues"},"content":{"rendered":"<p>\u00c9 com pesar que a Faculdade de Nutri\u00e7\u00e3o da Universidade Federal de Pelotas (UFPel) comunica o falecimento da servidora Cinthia Silveira Rodrigues, ocorrido no dia 28 de novembro. Ela exercia o cargo de t\u00e9cnica de laborat\u00f3rio na Unidade. A comunidade acad\u00eamica da FN manifesta os sentimentos \u00e0 fam\u00edlia e amigos nesse momento de profunda tristeza.<\/p>\n","protected":false},"excerpt":{"rendered":"<p>\u00c9 com pesar que a Faculdade de Nutri\u00e7\u00e3o da Universidade Federal de Pelotas (UFPel) comunica o falecimento da servidora Cinthia Silveira Rodrigues, ocorrido no dia 28 de novembro. Ela exercia o cargo de t\u00e9cnica de laborat\u00f3rio na Unidade. A comunidade acad\u00eamica da FN manifesta os sentimentos \u00e0 fam\u00edlia e amigos nesse momento de profunda tristeza.<\/p>\n","protected":false},"author":1305,"featured_media":0,"comment_status":"closed","ping_status":"closed","sticky":false,"template":"","format":"standard","meta":{"_jetpack_memberships_contains_paid_content":false,"footnotes":""},"categories":[37446],"tags":[],"class_list":["post-2070","post","type-post","status-publish","format-standard","hentry","category-noticias"],"jetpack_featured_media_url":"","jetpack_sharing_enabled":true,"_links":{"self":[{"href":"https:\/\/wp.ufpel.edu.br\/nutricao\/wp-json\/wp\/v2\/posts\/2070","targetHints":{"allow":["GET"]}}],"collection":[{"href":"https:\/\/wp.ufpel.edu.br\/nutricao\/wp-json\/wp\/v2\/posts"}],"about":[{"href":"https:\/\/wp.ufpel.edu.br\/nutricao\/wp-json\/wp\/v2\/types\/post"}],"author":[{"embeddable":true,"href":"https:\/\/wp.ufpel.edu.br\/nutricao\/wp-json\/wp\/v2\/users\/1305"}],"replies":[{"embeddable":true,"href":"https:\/\/wp.ufpel.edu.br\/nutricao\/wp-json\/wp\/v2\/comments?post=2070"}],"version-history":[{"count":1,"href":"https:\/\/wp.ufpel.edu.br\/nutricao\/wp-json\/wp\/v2\/posts\/2070\/revisions"}],"predecessor-version":[{"id":2073,"href":"https:\/\/wp.ufpel.edu.br\/nutricao\/wp-json\/wp\/v2\/posts\/2070\/revisions\/2073"}],"wp:attachment":[{"href":"https:\/\/wp.ufpel.edu.br\/nutricao\/wp-json\/wp\/v2\/media?parent=2070"}],"wp:term":[{"taxonomy":"category","embeddable":true,"href":"https:\/\/wp.ufpel.edu.br\/nutricao\/wp-json\/wp\/v2\/categories?post=2070"},{"taxonomy":"post_tag","embeddable":true,"href":"https:\/\/wp.ufpel.edu.br\/nutricao\/wp-json\/wp\/v2\/tags?post=2070"}],"curies":[{"name":"wp","href":"https:\/\/api.w.org\/{rel}","templated":true}]}}