{"id":1916,"date":"2023-06-05T14:38:34","date_gmt":"2023-06-05T17:38:34","guid":{"rendered":"https:\/\/wp.ufpel.edu.br\/nutricao\/?p=1916"},"modified":"2023-06-05T14:42:24","modified_gmt":"2023-06-05T17:42:24","slug":"consulta-para-escolha-da-chefia-de-departamento-2023-2025-da-faculdade-de-nutricao-da-universidade-federal-de-pelotas","status":"publish","type":"post","link":"https:\/\/wp.ufpel.edu.br\/nutricao\/2023\/06\/05\/consulta-para-escolha-da-chefia-de-departamento-2023-2025-da-faculdade-de-nutricao-da-universidade-federal-de-pelotas\/","title":{"rendered":"Consulta para escolha da Chefia De Departamento (2023\/2025) da Faculdade de Nutri\u00e7\u00e3o da Universidade Federal De Pelotas"},"content":{"rendered":"<p>EDITAL N\u00ba 03\/2023 &#8211; CONSULTA CHEFIA DE DEPARTAMENTO (2023\/2025)<\/p>\n<p>O presente edital tem o prop\u00f3sito de regulamentar o processo de consulta \u00e0 comunidade da Faculdade de Nutri\u00e7\u00e3o (FN) para elei\u00e7\u00e3o da\/do Chefe e Sub-Chefe de Departamento da Faculdade de Nutri\u00e7\u00e3o, com a participa\u00e7\u00e3o do corpo docente, discente e servidoras\/es t\u00e9cnico-administrativos da Unidade para o per\u00edodo 2023\/2025.<\/p>\n<p>O edital est\u00e1 dispon\u00edvel no link abaixo:<\/p>\n<p><a href=\"https:\/\/wp.ufpel.edu.br\/nutricao\/files\/2023\/06\/Edital_para_Votacao_Eletronica_CDIP_2194422.html\">Edital_para_Votacao_Eletronica_CDIP_2194422<\/a><\/p>\n","protected":false},"excerpt":{"rendered":"<p>EDITAL N\u00ba 03\/2023 &#8211; CONSULTA CHEFIA DE DEPARTAMENTO (2023\/2025) O presente edital tem o prop\u00f3sito de regulamentar o processo de consulta \u00e0 comunidade da Faculdade de Nutri\u00e7\u00e3o (FN) para elei\u00e7\u00e3o da\/do Chefe e Sub-Chefe de Departamento da Faculdade de Nutri\u00e7\u00e3o, com a participa\u00e7\u00e3o do corpo docente, discente e servidoras\/es t\u00e9cnico-administrativos da Unidade para o per\u00edodo [&hellip;]<\/p>\n","protected":false},"author":1305,"featured_media":0,"comment_status":"closed","ping_status":"closed","sticky":false,"template":"","format":"standard","meta":{"_jetpack_memberships_contains_paid_content":false,"footnotes":""},"categories":[18],"tags":[37440,37441,37439,37442],"class_list":["post-1916","post","type-post","status-publish","format-standard","hentry","category-sem-categoria","tag-chefe","tag-departamento","tag-eleicao","tag-nutricao"],"jetpack_featured_media_url":"","jetpack_sharing_enabled":true,"_links":{"self":[{"href":"https:\/\/wp.ufpel.edu.br\/nutricao\/wp-json\/wp\/v2\/posts\/1916","targetHints":{"allow":["GET"]}}],"collection":[{"href":"https:\/\/wp.ufpel.edu.br\/nutricao\/wp-json\/wp\/v2\/posts"}],"about":[{"href":"https:\/\/wp.ufpel.edu.br\/nutricao\/wp-json\/wp\/v2\/types\/post"}],"author":[{"embeddable":true,"href":"https:\/\/wp.ufpel.edu.br\/nutricao\/wp-json\/wp\/v2\/users\/1305"}],"replies":[{"embeddable":true,"href":"https:\/\/wp.ufpel.edu.br\/nutricao\/wp-json\/wp\/v2\/comments?post=1916"}],"version-history":[{"count":5,"href":"https:\/\/wp.ufpel.edu.br\/nutricao\/wp-json\/wp\/v2\/posts\/1916\/revisions"}],"predecessor-version":[{"id":1925,"href":"https:\/\/wp.ufpel.edu.br\/nutricao\/wp-json\/wp\/v2\/posts\/1916\/revisions\/1925"}],"wp:attachment":[{"href":"https:\/\/wp.ufpel.edu.br\/nutricao\/wp-json\/wp\/v2\/media?parent=1916"}],"wp:term":[{"taxonomy":"category","embeddable":true,"href":"https:\/\/wp.ufpel.edu.br\/nutricao\/wp-json\/wp\/v2\/categories?post=1916"},{"taxonomy":"post_tag","embeddable":true,"href":"https:\/\/wp.ufpel.edu.br\/nutricao\/wp-json\/wp\/v2\/tags?post=1916"}],"curies":[{"name":"wp","href":"https:\/\/api.w.org\/{rel}","templated":true}]}}