{"id":1562,"date":"2021-05-28T17:52:52","date_gmt":"2021-05-28T20:52:52","guid":{"rendered":"https:\/\/wp.ufpel.edu.br\/nutricao\/?p=1562"},"modified":"2021-05-28T17:58:41","modified_gmt":"2021-05-28T20:58:41","slug":"convite-para-cerimonia-de-posse-da-gestao-da-faculdade-de-nutricao-2021-2025","status":"publish","type":"post","link":"https:\/\/wp.ufpel.edu.br\/nutricao\/2021\/05\/28\/convite-para-cerimonia-de-posse-da-gestao-da-faculdade-de-nutricao-2021-2025\/","title":{"rendered":"CONVITE PARA CERIM\u00d4NIA DE POSSE DA GEST\u00c3O DA FACULDADE DE NUTRI\u00c7\u00c3O 2021-2025"},"content":{"rendered":"<p><a href=\"https:\/\/wp.ufpel.edu.br\/nutricao\/files\/2021\/05\/Unknown.jpg\"><span style=\"background-color: #0000ff\"><img class=\"aligncenter wp-image-1564\" src=\"https:\/\/wp.ufpel.edu.br\/nutricao\/files\/2021\/05\/Unknown-400x225.jpg\" alt=\"\" width=\"586\" height=\"330\" srcset=\"https:\/\/wp.ufpel.edu.br\/nutricao\/files\/2021\/05\/Unknown-400x225.jpg 400w, https:\/\/wp.ufpel.edu.br\/nutricao\/files\/2021\/05\/Unknown-1024x576.jpg 1024w, https:\/\/wp.ufpel.edu.br\/nutricao\/files\/2021\/05\/Unknown-768x432.jpg 768w, https:\/\/wp.ufpel.edu.br\/nutricao\/files\/2021\/05\/Unknown.jpg 1280w\" sizes=\"(max-width: 586px) 100vw, 586px\" \/><\/span><\/a><\/p>\n<p>Acompanhe ao vivo pelo link:\u00a0<span style=\"color: #0000ff\"><strong><a style=\"color: #0000ff\" href=\"https:\/\/www.youtube.com\/watch?v=9S0LN6bkCdw\">https:\/\/www.youtube.com\/watch?v=9S0LN6bkCdw<\/a><\/strong><\/span><\/p>\n","protected":false},"excerpt":{"rendered":"<p>Acompanhe ao vivo pelo link:\u00a0https:\/\/www.youtube.com\/watch?v=9S0LN6bkCdw<\/p>\n","protected":false},"author":249,"featured_media":0,"comment_status":"closed","ping_status":"closed","sticky":false,"template":"","format":"standard","meta":{"_jetpack_memberships_contains_paid_content":false,"footnotes":""},"categories":[18],"tags":[],"class_list":["post-1562","post","type-post","status-publish","format-standard","hentry","category-sem-categoria"],"jetpack_featured_media_url":"","jetpack_sharing_enabled":true,"_links":{"self":[{"href":"https:\/\/wp.ufpel.edu.br\/nutricao\/wp-json\/wp\/v2\/posts\/1562","targetHints":{"allow":["GET"]}}],"collection":[{"href":"https:\/\/wp.ufpel.edu.br\/nutricao\/wp-json\/wp\/v2\/posts"}],"about":[{"href":"https:\/\/wp.ufpel.edu.br\/nutricao\/wp-json\/wp\/v2\/types\/post"}],"author":[{"embeddable":true,"href":"https:\/\/wp.ufpel.edu.br\/nutricao\/wp-json\/wp\/v2\/users\/249"}],"replies":[{"embeddable":true,"href":"https:\/\/wp.ufpel.edu.br\/nutricao\/wp-json\/wp\/v2\/comments?post=1562"}],"version-history":[{"count":5,"href":"https:\/\/wp.ufpel.edu.br\/nutricao\/wp-json\/wp\/v2\/posts\/1562\/revisions"}],"predecessor-version":[{"id":1569,"href":"https:\/\/wp.ufpel.edu.br\/nutricao\/wp-json\/wp\/v2\/posts\/1562\/revisions\/1569"}],"wp:attachment":[{"href":"https:\/\/wp.ufpel.edu.br\/nutricao\/wp-json\/wp\/v2\/media?parent=1562"}],"wp:term":[{"taxonomy":"category","embeddable":true,"href":"https:\/\/wp.ufpel.edu.br\/nutricao\/wp-json\/wp\/v2\/categories?post=1562"},{"taxonomy":"post_tag","embeddable":true,"href":"https:\/\/wp.ufpel.edu.br\/nutricao\/wp-json\/wp\/v2\/tags?post=1562"}],"curies":[{"name":"wp","href":"https:\/\/api.w.org\/{rel}","templated":true}]}}