{"id":1527,"date":"2021-05-07T15:15:54","date_gmt":"2021-05-07T18:15:54","guid":{"rendered":"https:\/\/wp.ufpel.edu.br\/nutricao\/?p=1527"},"modified":"2021-05-07T15:18:57","modified_gmt":"2021-05-07T18:18:57","slug":"convite-para-dialogo-sobre-a-proposta","status":"publish","type":"post","link":"https:\/\/wp.ufpel.edu.br\/nutricao\/2021\/05\/07\/convite-para-dialogo-sobre-a-proposta\/","title":{"rendered":"CONVITE PARA DI\u00c1LOGO SOBRE A PROPOSTA DA CHAPA 1"},"content":{"rendered":"<p style=\"text-align: justify\">A Comiss\u00e3o Eleitoral da Faculdade de Nutri\u00e7\u00e3o (COE\/FN) da Universidade Federal de\u00a0Pelotas convida a todos interessados para participarem da Apresenta\u00e7\u00e3o e Di\u00e1logo da\u00a0Proposta de Gest\u00e3o da Chapa 1, que ocorrer\u00e1 no dia 10 de maio de 2021, \u00e0s 8:30 horas, no\u00a0Canal do Youtube da COE\/FN:<br \/>\n<span style=\"color: #0000ff\"><a style=\"color: #0000ff\" href=\"https:\/\/www.youtube.com\/channel\/UCLkXTIHay_7eTVTfk7mUqsQ\">https:\/\/www.youtube.com\/channel\/UCLkXTIHay_7eTVTfk7mUqsQ<\/a><\/span><\/p>\n<p><span style=\"color: #0000ff\"><a style=\"color: #0000ff\" href=\"https:\/\/wp.ufpel.edu.br\/nutricao\/files\/2021\/05\/Convite-para-Dialogo-sobre-a-Proposta-de-Gestao-da-Chapa-1.docx-1.pdf\">Convite para Di\u00e1logo sobre a Proposta de Gest\u00e3o da Chapa 1.docx<\/a><\/span><\/p>\n","protected":false},"excerpt":{"rendered":"<p>A Comiss\u00e3o Eleitoral da Faculdade de Nutri\u00e7\u00e3o (COE\/FN) da Universidade Federal de\u00a0Pelotas convida a todos interessados para participarem da Apresenta\u00e7\u00e3o e Di\u00e1logo da\u00a0Proposta de Gest\u00e3o da Chapa 1, que ocorrer\u00e1 no dia 10 de maio de 2021, \u00e0s 8:30 horas, no\u00a0Canal do Youtube da COE\/FN: https:\/\/www.youtube.com\/channel\/UCLkXTIHay_7eTVTfk7mUqsQ Convite para Di\u00e1logo sobre a Proposta de Gest\u00e3o da [&hellip;]<\/p>\n","protected":false},"author":249,"featured_media":0,"comment_status":"closed","ping_status":"closed","sticky":false,"template":"","format":"standard","meta":{"_jetpack_memberships_contains_paid_content":false,"footnotes":""},"categories":[18],"tags":[],"class_list":["post-1527","post","type-post","status-publish","format-standard","hentry","category-sem-categoria"],"jetpack_featured_media_url":"","jetpack_sharing_enabled":true,"_links":{"self":[{"href":"https:\/\/wp.ufpel.edu.br\/nutricao\/wp-json\/wp\/v2\/posts\/1527","targetHints":{"allow":["GET"]}}],"collection":[{"href":"https:\/\/wp.ufpel.edu.br\/nutricao\/wp-json\/wp\/v2\/posts"}],"about":[{"href":"https:\/\/wp.ufpel.edu.br\/nutricao\/wp-json\/wp\/v2\/types\/post"}],"author":[{"embeddable":true,"href":"https:\/\/wp.ufpel.edu.br\/nutricao\/wp-json\/wp\/v2\/users\/249"}],"replies":[{"embeddable":true,"href":"https:\/\/wp.ufpel.edu.br\/nutricao\/wp-json\/wp\/v2\/comments?post=1527"}],"version-history":[{"count":5,"href":"https:\/\/wp.ufpel.edu.br\/nutricao\/wp-json\/wp\/v2\/posts\/1527\/revisions"}],"predecessor-version":[{"id":1535,"href":"https:\/\/wp.ufpel.edu.br\/nutricao\/wp-json\/wp\/v2\/posts\/1527\/revisions\/1535"}],"wp:attachment":[{"href":"https:\/\/wp.ufpel.edu.br\/nutricao\/wp-json\/wp\/v2\/media?parent=1527"}],"wp:term":[{"taxonomy":"category","embeddable":true,"href":"https:\/\/wp.ufpel.edu.br\/nutricao\/wp-json\/wp\/v2\/categories?post=1527"},{"taxonomy":"post_tag","embeddable":true,"href":"https:\/\/wp.ufpel.edu.br\/nutricao\/wp-json\/wp\/v2\/tags?post=1527"}],"curies":[{"name":"wp","href":"https:\/\/api.w.org\/{rel}","templated":true}]}}