{"id":1129,"date":"2019-08-01T16:56:54","date_gmt":"2019-08-01T19:56:54","guid":{"rendered":"https:\/\/wp.ufpel.edu.br\/nutricao\/?p=1129"},"modified":"2019-08-01T16:56:54","modified_gmt":"2019-08-01T19:56:54","slug":"cronograma-correcao-de-matricula-2019-2-nutricao","status":"publish","type":"post","link":"https:\/\/wp.ufpel.edu.br\/nutricao\/2019\/08\/01\/cronograma-correcao-de-matricula-2019-2-nutricao\/","title":{"rendered":"Cronograma corre\u00e7\u00e3o de matricula 2019\/2 &#8211; Nutri\u00e7\u00e3o"},"content":{"rendered":"<p>Segue cronograma de corre\u00e7\u00e3o de matricula do curso de Nutri\u00e7\u00e3o para o semestre 2019\/2<\/p>\n<p>&nbsp;<\/p>\n<p><a href=\"https:\/\/wp.ufpel.edu.br\/nutricao\/files\/2019\/08\/Digitalizar_2019_08_01_16_46_30_793.pdf\">Cronograma corre\u00e7\u00e3o de matricula 2019\/2 &#8211; Nutri\u00e7\u00e3o<\/a><\/p>\n<p>&nbsp;<\/p>\n<p>Atenciosamente,<\/p>\n<p>&nbsp;<\/p>\n<p>Colegiado do Curso de Nutri\u00e7\u00e3o<\/p>\n","protected":false},"excerpt":{"rendered":"<p>Segue cronograma de corre\u00e7\u00e3o de matricula do curso de Nutri\u00e7\u00e3o para o semestre 2019\/2 &nbsp; Cronograma corre\u00e7\u00e3o de matricula 2019\/2 &#8211; Nutri\u00e7\u00e3o &nbsp; Atenciosamente, &nbsp; Colegiado do Curso de Nutri\u00e7\u00e3o<\/p>\n","protected":false},"author":249,"featured_media":0,"comment_status":"closed","ping_status":"closed","sticky":false,"template":"","format":"standard","meta":{"_jetpack_memberships_contains_paid_content":false,"footnotes":""},"categories":[18],"tags":[],"class_list":["post-1129","post","type-post","status-publish","format-standard","hentry","category-sem-categoria"],"jetpack_featured_media_url":"","jetpack_sharing_enabled":true,"_links":{"self":[{"href":"https:\/\/wp.ufpel.edu.br\/nutricao\/wp-json\/wp\/v2\/posts\/1129","targetHints":{"allow":["GET"]}}],"collection":[{"href":"https:\/\/wp.ufpel.edu.br\/nutricao\/wp-json\/wp\/v2\/posts"}],"about":[{"href":"https:\/\/wp.ufpel.edu.br\/nutricao\/wp-json\/wp\/v2\/types\/post"}],"author":[{"embeddable":true,"href":"https:\/\/wp.ufpel.edu.br\/nutricao\/wp-json\/wp\/v2\/users\/249"}],"replies":[{"embeddable":true,"href":"https:\/\/wp.ufpel.edu.br\/nutricao\/wp-json\/wp\/v2\/comments?post=1129"}],"version-history":[{"count":1,"href":"https:\/\/wp.ufpel.edu.br\/nutricao\/wp-json\/wp\/v2\/posts\/1129\/revisions"}],"predecessor-version":[{"id":1132,"href":"https:\/\/wp.ufpel.edu.br\/nutricao\/wp-json\/wp\/v2\/posts\/1129\/revisions\/1132"}],"wp:attachment":[{"href":"https:\/\/wp.ufpel.edu.br\/nutricao\/wp-json\/wp\/v2\/media?parent=1129"}],"wp:term":[{"taxonomy":"category","embeddable":true,"href":"https:\/\/wp.ufpel.edu.br\/nutricao\/wp-json\/wp\/v2\/categories?post=1129"},{"taxonomy":"post_tag","embeddable":true,"href":"https:\/\/wp.ufpel.edu.br\/nutricao\/wp-json\/wp\/v2\/tags?post=1129"}],"curies":[{"name":"wp","href":"https:\/\/api.w.org\/{rel}","templated":true}]}}