{"id":1078,"date":"2019-05-20T17:15:39","date_gmt":"2019-05-20T20:15:39","guid":{"rendered":"https:\/\/wp.ufpel.edu.br\/nutricao\/?p=1078"},"modified":"2019-05-21T10:51:39","modified_gmt":"2019-05-21T13:51:39","slug":"eleitorado-consulta-a-comunidade-2019","status":"publish","type":"post","link":"https:\/\/wp.ufpel.edu.br\/nutricao\/2019\/05\/20\/eleitorado-consulta-a-comunidade-2019\/","title":{"rendered":"Eleitorado &#8211; Consulta \u00e0 Comunidade 2019"},"content":{"rendered":"<div>A Comiss\u00e3o Eleitoral informa as categorias da comunidade acad\u00eamica aptas a votar para cada cargo:<\/div>\n<div><\/div>\n<div>&#8211; Dire\u00e7\u00e3o: discentes, docentes e t\u00e9cnicos;<\/div>\n<div><\/div>\n<div>&#8211; Colegiado Gastro:\u00a0 discentes, docentes e t\u00e9cnicos;<\/div>\n<div><\/div>\n<div>&#8211; Colegiado Nutri\u00e7\u00e3o: discentes e docentes<\/div>\n<div><\/div>\n<div><a href=\"https:\/\/wp.ufpel.edu.br\/nutricao\/files\/2019\/05\/Lista-alunos-votantes-Colegiado-Gastro-e-Dire\u00e7\u00e3o.pdf\">Lista alunos votantes &#8211; Colegiado Gastro e Dire\u00e7\u00e3o<\/a><\/div>\n<div><a href=\"https:\/\/wp.ufpel.edu.br\/nutricao\/files\/2019\/05\/Lista-alunos-votantes-Colegiado-Nutri\u00e7\u00e3o-e-Dire\u00e7\u00e3o.pdf\">Lista alunos votantes &#8211; Colegiado Nutri\u00e7\u00e3o e Dire\u00e7\u00e3o<\/a><\/div>\n<div><a href=\"https:\/\/wp.ufpel.edu.br\/nutricao\/files\/2019\/05\/LISTA-DE-DOCENTES-VOTANTES-COLEGIADO-DE-NUTRI\u00c7\u00c3O.pdf\">LISTA DE DOCENTES VOTANTES &#8211; COLEGIADO DE NUTRI\u00c7\u00c3O<\/a><\/div>\n<div><a href=\"https:\/\/wp.ufpel.edu.br\/nutricao\/files\/2019\/05\/LISTA-DE-T\u00c9CNICOS-VOTANTES-DIRE\u00c7\u00c3O.pdf\">LISTA DE T\u00c9CNICOS VOTANTES &#8211; DIRE\u00c7\u00c3O<\/a><\/div>\n<div><a href=\"https:\/\/wp.ufpel.edu.br\/nutricao\/files\/2019\/05\/LISTA-DE-T\u00c9CNICOS-VOTANTES-COLEGIADO-GASTRO.pdf\">LISTA DE T\u00c9CNICOS VOTANTES &#8211; COLEGIADO GASTRO<\/a><\/div>\n<div><a href=\"https:\/\/wp.ufpel.edu.br\/nutricao\/files\/2019\/05\/Lista-docentes-Gastro.pdf\">Lista docentes Gastro<\/a><\/div>\n<div><a href=\"https:\/\/wp.ufpel.edu.br\/nutricao\/files\/2019\/05\/lista-de-votantes-dire\u00e7ao_mestrado.pdf\">lista de votantes dire\u00e7ao_mestrado<\/a><\/div>\n","protected":false},"excerpt":{"rendered":"<p>A Comiss\u00e3o Eleitoral informa as categorias da comunidade acad\u00eamica aptas a votar para cada cargo: &#8211; Dire\u00e7\u00e3o: discentes, docentes e t\u00e9cnicos; &#8211; Colegiado Gastro:\u00a0 discentes, docentes e t\u00e9cnicos; &#8211; Colegiado Nutri\u00e7\u00e3o: discentes e docentes Lista alunos votantes &#8211; Colegiado Gastro e Dire\u00e7\u00e3o Lista alunos votantes &#8211; Colegiado Nutri\u00e7\u00e3o e Dire\u00e7\u00e3o LISTA DE DOCENTES VOTANTES &#8211; [&hellip;]<\/p>\n","protected":false},"author":249,"featured_media":0,"comment_status":"closed","ping_status":"closed","sticky":false,"template":"","format":"standard","meta":{"_jetpack_memberships_contains_paid_content":false,"footnotes":""},"categories":[18],"tags":[],"class_list":["post-1078","post","type-post","status-publish","format-standard","hentry","category-sem-categoria"],"jetpack_featured_media_url":"","jetpack_sharing_enabled":true,"_links":{"self":[{"href":"https:\/\/wp.ufpel.edu.br\/nutricao\/wp-json\/wp\/v2\/posts\/1078","targetHints":{"allow":["GET"]}}],"collection":[{"href":"https:\/\/wp.ufpel.edu.br\/nutricao\/wp-json\/wp\/v2\/posts"}],"about":[{"href":"https:\/\/wp.ufpel.edu.br\/nutricao\/wp-json\/wp\/v2\/types\/post"}],"author":[{"embeddable":true,"href":"https:\/\/wp.ufpel.edu.br\/nutricao\/wp-json\/wp\/v2\/users\/249"}],"replies":[{"embeddable":true,"href":"https:\/\/wp.ufpel.edu.br\/nutricao\/wp-json\/wp\/v2\/comments?post=1078"}],"version-history":[{"count":3,"href":"https:\/\/wp.ufpel.edu.br\/nutricao\/wp-json\/wp\/v2\/posts\/1078\/revisions"}],"predecessor-version":[{"id":1089,"href":"https:\/\/wp.ufpel.edu.br\/nutricao\/wp-json\/wp\/v2\/posts\/1078\/revisions\/1089"}],"wp:attachment":[{"href":"https:\/\/wp.ufpel.edu.br\/nutricao\/wp-json\/wp\/v2\/media?parent=1078"}],"wp:term":[{"taxonomy":"category","embeddable":true,"href":"https:\/\/wp.ufpel.edu.br\/nutricao\/wp-json\/wp\/v2\/categories?post=1078"},{"taxonomy":"post_tag","embeddable":true,"href":"https:\/\/wp.ufpel.edu.br\/nutricao\/wp-json\/wp\/v2\/tags?post=1078"}],"curies":[{"name":"wp","href":"https:\/\/api.w.org\/{rel}","templated":true}]}}