{"id":357,"date":"2019-10-14T14:24:18","date_gmt":"2019-10-14T17:24:18","guid":{"rendered":"https:\/\/wp.ufpel.edu.br\/nuppome\/?p=357"},"modified":"2019-10-14T14:35:58","modified_gmt":"2019-10-14T17:35:58","slug":"nucleo-realiza-seminario-anistia-40-anos-de-uma-luta-inacabada","status":"publish","type":"post","link":"https:\/\/wp.ufpel.edu.br\/nuppome\/2019\/10\/14\/nucleo-realiza-seminario-anistia-40-anos-de-uma-luta-inacabada\/","title":{"rendered":"N\u00facleo realiza Semin\u00e1rio &#8220;Anistia: 40 anos de uma luta inacabada&#8221;"},"content":{"rendered":"<p><img class=\"\" src=\"https:\/\/scontent.fpet1-1.fna.fbcdn.net\/v\/t1.0-9\/72557848_383426709259457_3278754566065094656_n.png?_nc_cat=109&amp;_nc_oc=AQkxpP9v8bY6l1n5p1Vidmyl5Wv-HebRbHzSkUO3tIMK-UCEVpbIYBQXsB3dCUHFivxcgE48dsjUYMhLYcq6eNPI&amp;_nc_ht=scontent.fpet1-1.fna&amp;oh=9c3c0aa4222d4dc4b073c9062a1d790a&amp;oe=5E28960A\" alt=\"A imagem pode conter: 1 pessoa, \u00e1rea interna\" width=\"247\" height=\"185\" \/><img class=\"\" src=\"https:\/\/scontent.fpet1-1.fna.fbcdn.net\/v\/t1.0-9\/71526857_383426889259439_471784372006027264_n.png?_nc_cat=100&amp;_nc_oc=AQnx0pkYrAmxPh8X4JWbShOqkn87uuh22MirubtZm_pSlO17w2vtXimpFEWZbj5fPg4Zm-7ZHtOximT2nR_naz53&amp;_nc_ht=scontent.fpet1-1.fna&amp;oh=f34c8060e1ad135caa3fd71da512f6f4&amp;oe=5E18E947\" alt=\"A imagem pode conter: 3 pessoas, pessoas sorrindo, pessoas em p\u00e9, sapatos, barba e \u00e1rea interna\" width=\"139\" height=\"185\" \/><img class=\"\" src=\"https:\/\/scontent.fpet1-1.fna.fbcdn.net\/v\/t1.0-9\/71082517_383426809259447_2306115194176143360_n.png?_nc_cat=106&amp;_nc_oc=AQlW3ZUNqdiYaDNRwtLzP8jVO9M5ceQJ79HGh5ADJAulpC2mY5Tpxt8IQfR7vUfhxQXCyN3FCnfxeGitPdrd_6XF&amp;_nc_ht=scontent.fpet1-1.fna&amp;oh=72ad6bf88de9ee4a60029ddb16a660cb&amp;oe=5E2A1C1B\" alt=\"A imagem pode conter: uma ou mais pessoas e \u00e1rea interna\" width=\"247\" height=\"185\" \/><\/p>\n<p>Entre os dias 26 e 27\/09 foi realizado, na Universidade Federal de Pelotas, o semin\u00e1rio &#8220;Anistia: 40 anos de uma luta inacabada&#8221;. O evento foi organizado pelo NUPPOME, teve apoio do CNPq, do PPG Ci\u00eancia Pol\u00edtica e do Grupo de Estudos sobre a Ditadura Brasileira.<\/p>\n<p>Em dois dias de atividades, ocorreram duas mesas para debater o impacto da Lei da Anistia no passado e no presente, bem como foi realizada uma sess\u00e3o comentada de exibi\u00e7\u00e3o do documen<span class=\"text_exposed_show\">t\u00e1rio &#8220;Eu me lembro&#8221;, produzido pela Comiss\u00e3o da Anistia.<\/span><\/p>\n<div class=\"text_exposed_show\">\n<p>Para as mesas, contamos com a presen\u00e7a de Mariluci Cardoso de Vargas, que realiza p\u00f3s-doutorado em Hist\u00f3ria na UFRGS, Bruno Boti Bernardi, professor da UFGD e integrante do NUPPOME, e Vanessa Dorneles Schinke, professora da UNIPAMPA.<\/p>\n<p>Na mesa de abertura, realizada na noite do dia 26\/09, a professora Mariluci Cardoso de Vargas abordou a trajet\u00f3ria do Movimento Feminino Pela Anistia (MFPA). Na noite do dia 27\/09, a mesa focou nos desdobramentos da luta pela anistia no pa\u00eds, sendo realizadas duas falas. Na primeira delas, o professor Bruno Boti Bernardi abordou a forma como o tema da anistia vem sendo trabalhado no \u00e2mbito do Sistema Interamericano de Direitos Humanos (SIDH). Na sequ\u00eancia, a professora Vanessa Dorneles Schinke falou sobre o julgamento da ADPF 153 pelo Supremo Tribunal Federal.<\/p>\n<p>A qualidade das mesas, o p\u00fablico presente e os debates realizados atestam que, longe de ser um tema do passado, refletir sobre a anistia e suas consequ\u00eancias \u00e9 desej\u00e1vel e necess\u00e1rio.<\/p>\n<p>Em breve, a emiss\u00e3o dos certificados das\/os ouvintes ser\u00e1 encaminhada junto \u00e0 Institui\u00e7\u00e3o.<\/p>\n<p><img class=\"\" src=\"https:\/\/scontent.fpet1-1.fna.fbcdn.net\/v\/t1.0-9\/71228744_383427002592761_7691161201539022848_n.png?_nc_cat=108&amp;_nc_oc=AQkQwI3czXdfUwwNsO0rxRk75EDW2wb5EOEPW1YP8qwqYFxv1rCdCWXF0MAW6qhVd5EvQpa1v_qNYtOGvHnl9cqU&amp;_nc_ht=scontent.fpet1-1.fna&amp;oh=d39f43abee2da0bebc5a3f167bc0f2c6&amp;oe=5E313433\" alt=\"A imagem pode conter: 1 pessoa, sentado e \u00e1rea interna\" width=\"214\" height=\"160\" \/><img class=\"\" src=\"https:\/\/scontent.fpet1-1.fna.fbcdn.net\/v\/t1.0-9\/71806688_383427039259424_1977104451441262592_n.png?_nc_cat=102&amp;_nc_oc=AQnc9YqWZVMYQMcxomRiD4dSf_HJbuNLw2PdpBgS4AQ_NWNNTwDmc2T4ITX736Ep0LHr5VPvRMynM7Cub-vgocAl&amp;_nc_ht=scontent.fpet1-1.fna&amp;oh=36e7d2e63b3b99ac9fddd1dd37c598b8&amp;oe=5E635C7D\" alt=\"A imagem pode conter: 3 pessoas, pessoas sentadas, mesa e \u00e1rea interna\" width=\"214\" height=\"160\" \/><img class=\"\" src=\"https:\/\/scontent.fpet1-1.fna.fbcdn.net\/v\/t1.0-9\/71916054_383427182592743_3233588080095002624_n.png?_nc_cat=111&amp;_nc_oc=AQmHIHeQvBud5ACys5iHKB_PEFEzwOxot_2qnpajAyD9pr3NJpaCbAXPqsLEWc1imLK-7Quvpgmd6d_menTGYbUq&amp;_nc_ht=scontent.fpet1-1.fna&amp;oh=1cbe3683764b5bc0b373950c9a5c49f4&amp;oe=5E624BC0\" alt=\"A imagem pode conter: 3 pessoas, pessoas sorrindo, pessoas em p\u00e9 e \u00e1rea interna\" width=\"214\" height=\"160\" \/><\/p>\n<\/div>\n","protected":false},"excerpt":{"rendered":"<p>Entre os dias 26 e 27\/09 foi realizado, na Universidade Federal de Pelotas, o semin\u00e1rio &#8220;Anistia: 40 anos de uma luta inacabada&#8221;. O evento foi organizado pelo NUPPOME, teve apoio do CNPq, do PPG Ci\u00eancia Pol\u00edtica e do Grupo de Estudos sobre a Ditadura Brasileira. Em dois dias de atividades, ocorreram duas mesas para debater [&hellip;]<\/p>\n","protected":false},"author":880,"featured_media":0,"comment_status":"closed","ping_status":"closed","sticky":false,"template":"","format":"standard","meta":{"footnotes":""},"categories":[1],"tags":[],"class_list":["post-357","post","type-post","status-publish","format-standard","hentry","category-noticias"],"jetpack_featured_media_url":"","_links":{"self":[{"href":"https:\/\/wp.ufpel.edu.br\/nuppome\/wp-json\/wp\/v2\/posts\/357","targetHints":{"allow":["GET"]}}],"collection":[{"href":"https:\/\/wp.ufpel.edu.br\/nuppome\/wp-json\/wp\/v2\/posts"}],"about":[{"href":"https:\/\/wp.ufpel.edu.br\/nuppome\/wp-json\/wp\/v2\/types\/post"}],"author":[{"embeddable":true,"href":"https:\/\/wp.ufpel.edu.br\/nuppome\/wp-json\/wp\/v2\/users\/880"}],"replies":[{"embeddable":true,"href":"https:\/\/wp.ufpel.edu.br\/nuppome\/wp-json\/wp\/v2\/comments?post=357"}],"version-history":[{"count":6,"href":"https:\/\/wp.ufpel.edu.br\/nuppome\/wp-json\/wp\/v2\/posts\/357\/revisions"}],"predecessor-version":[{"id":364,"href":"https:\/\/wp.ufpel.edu.br\/nuppome\/wp-json\/wp\/v2\/posts\/357\/revisions\/364"}],"wp:attachment":[{"href":"https:\/\/wp.ufpel.edu.br\/nuppome\/wp-json\/wp\/v2\/media?parent=357"}],"wp:term":[{"taxonomy":"category","embeddable":true,"href":"https:\/\/wp.ufpel.edu.br\/nuppome\/wp-json\/wp\/v2\/categories?post=357"},{"taxonomy":"post_tag","embeddable":true,"href":"https:\/\/wp.ufpel.edu.br\/nuppome\/wp-json\/wp\/v2\/tags?post=357"}],"curies":[{"name":"wp","href":"https:\/\/api.w.org\/{rel}","templated":true}]}}