{"id":1782,"date":"2025-10-25T08:00:34","date_gmt":"2025-10-25T11:00:34","guid":{"rendered":"https:\/\/wp.ufpel.edu.br\/nuppome\/?p=1782"},"modified":"2025-10-25T17:22:40","modified_gmt":"2025-10-25T20:22:40","slug":"coordenador-do-nuppome-participa-do-49o-encontro-anual-da-anpocs","status":"publish","type":"post","link":"https:\/\/wp.ufpel.edu.br\/nuppome\/2025\/10\/25\/coordenador-do-nuppome-participa-do-49o-encontro-anual-da-anpocs\/","title":{"rendered":"Coordenador do NUPPOME participa do 49\u00ba Encontro Anual da ANPOCS"},"content":{"rendered":"<p><img class=\"size-medium wp-image-1784 aligncenter\" src=\"https:\/\/wp.ufpel.edu.br\/nuppome\/files\/2025\/10\/2025-ANPOCS-400x388.png\" alt=\"\" width=\"400\" height=\"388\" srcset=\"https:\/\/wp.ufpel.edu.br\/nuppome\/files\/2025\/10\/2025-ANPOCS-400x388.png 400w, https:\/\/wp.ufpel.edu.br\/nuppome\/files\/2025\/10\/2025-ANPOCS.png 708w\" sizes=\"(max-width: 400px) 100vw, 400px\" \/><\/p>\n<p>Entre os dias 22 e 24\/10\/2025, o professor Carlos Artur Gallo, coordenador do NUPPOME, participou do 49\u00ba Encontro Anual da ANPOCS.<\/p>\n<p>Promovido pela Associa\u00e7\u00e3o Nacional de P\u00f3s-Gradua\u00e7\u00e3o e Pesquisa em Ci\u00eancias Sociais (ANPOCS), o evento foi realizado de forma Online, entre os dias 15 a 17\/10, e presencial, no Instituto de Filosofia e Ci\u00eancias Humanas da Universidade Estadual de Campinas (Unicamp), em Campinas, entre os dias 22 e 24\/10.<\/p>\n<p>Na etapa presencial, o professor Carlos Artur Gallo participou do GT 54 \u2013 <i>&#8220;For\u00e7as Armadas, Estado e Sociedade&#8221;<\/i>, no qual apresentou o trabalho intitulado <i>&#8220;For\u00e7as Armadas, pol\u00edticas de mem\u00f3ria e controle civil sobre os militares: perspectivas sobre o Governo Lula 3&#8221;<\/i>.<\/p>\n<p>Durante o evento, foi lan\u00e7ado o n\u00famero 141 da &#8220;Cadernos CEDEC&#8221;, no qual foi publicado um artigo do professor Carlos que foi elaborado com base em sua participa\u00e7\u00e3o na MR 10 \u2013 <i>&#8220;Implicados pelas crises do tempo presente: pesquisa e a\u00e7\u00e3o sobre mem\u00f3ria em momentos de inflex\u00e3o pol\u00edtica&#8221;<\/i>, realizada no 48\u00ba Encontro Anual da ANPOCS . A MR foi coordenada por Mariele Troiano (UFF), e contou, ainda, com a participa\u00e7\u00e3o de Andrei Koerner (Unicamp), Celly Cook Inatomi (Unicamp) e M\u00edrian Gon\u00e7alves (Instituto Declatra).<\/p>\n","protected":false},"excerpt":{"rendered":"<p>Entre os dias 22 e 24\/10\/2025, o professor Carlos Artur Gallo, coordenador do NUPPOME, participou do 49\u00ba Encontro Anual da ANPOCS. Promovido pela Associa\u00e7\u00e3o Nacional de P\u00f3s-Gradua\u00e7\u00e3o e Pesquisa em Ci\u00eancias Sociais (ANPOCS), o evento foi realizado de forma Online, entre os dias 15 a 17\/10, e presencial, no Instituto de Filosofia e Ci\u00eancias Humanas [&hellip;]<\/p>\n","protected":false},"author":880,"featured_media":0,"comment_status":"closed","ping_status":"closed","sticky":false,"template":"","format":"standard","meta":{"footnotes":""},"categories":[1],"tags":[],"class_list":["post-1782","post","type-post","status-publish","format-standard","hentry","category-noticias"],"jetpack_featured_media_url":"","_links":{"self":[{"href":"https:\/\/wp.ufpel.edu.br\/nuppome\/wp-json\/wp\/v2\/posts\/1782","targetHints":{"allow":["GET"]}}],"collection":[{"href":"https:\/\/wp.ufpel.edu.br\/nuppome\/wp-json\/wp\/v2\/posts"}],"about":[{"href":"https:\/\/wp.ufpel.edu.br\/nuppome\/wp-json\/wp\/v2\/types\/post"}],"author":[{"embeddable":true,"href":"https:\/\/wp.ufpel.edu.br\/nuppome\/wp-json\/wp\/v2\/users\/880"}],"replies":[{"embeddable":true,"href":"https:\/\/wp.ufpel.edu.br\/nuppome\/wp-json\/wp\/v2\/comments?post=1782"}],"version-history":[{"count":1,"href":"https:\/\/wp.ufpel.edu.br\/nuppome\/wp-json\/wp\/v2\/posts\/1782\/revisions"}],"predecessor-version":[{"id":1785,"href":"https:\/\/wp.ufpel.edu.br\/nuppome\/wp-json\/wp\/v2\/posts\/1782\/revisions\/1785"}],"wp:attachment":[{"href":"https:\/\/wp.ufpel.edu.br\/nuppome\/wp-json\/wp\/v2\/media?parent=1782"}],"wp:term":[{"taxonomy":"category","embeddable":true,"href":"https:\/\/wp.ufpel.edu.br\/nuppome\/wp-json\/wp\/v2\/categories?post=1782"},{"taxonomy":"post_tag","embeddable":true,"href":"https:\/\/wp.ufpel.edu.br\/nuppome\/wp-json\/wp\/v2\/tags?post=1782"}],"curies":[{"name":"wp","href":"https:\/\/api.w.org\/{rel}","templated":true}]}}