{"id":1744,"date":"2025-08-15T16:23:17","date_gmt":"2025-08-15T19:23:17","guid":{"rendered":"https:\/\/wp.ufpel.edu.br\/nuppome\/?p=1744"},"modified":"2025-08-15T16:23:17","modified_gmt":"2025-08-15T19:23:17","slug":"vigesimo-numero-da-cadernos-do-nuppome-e-publicado","status":"publish","type":"post","link":"https:\/\/wp.ufpel.edu.br\/nuppome\/2025\/08\/15\/vigesimo-numero-da-cadernos-do-nuppome-e-publicado\/","title":{"rendered":"Vig\u00e9simo n\u00famero da Cadernos do NUPPOME \u00e9 publicado"},"content":{"rendered":"<p>Est\u00e1 dispon\u00edvel para leitura o vig\u00e9simo n\u00famero da <em>Cadernos do NUPPOME<\/em>, uma publica\u00e7\u00e3o digital vinculada ao N\u00facleo de Pesquisa sobre Pol\u00edticas de Mem\u00f3ria da UFPEL.<\/p>\n<p>Nesta edi\u00e7\u00e3o, a revista traz uma entrevista com Paula Franco, Coordenadora-Geral de Pol\u00edticas de Mem\u00f3ria e Verdade do Minist\u00e9rio dos Direitos Humanos e da Cidadania (MDHC); um texto sobre g\u00eanero em contextos p\u00f3s-conflito, de Eliana Gonz\u00e1lez Delgado; assim como outras novidades sobre pol\u00edticas de mem\u00f3ria.<\/p>\n<p>A publica\u00e7\u00e3o pode ser lida e baixada acessando a aba \u201c<a href=\"https:\/\/wp.ufpel.edu.br\/nuppome\/cadernos-do-nuppome\/\" target=\"_blank\" rel=\"noopener noreferrer\">Cadernos do NUPPOME<\/a>\u201c.<\/p>\n","protected":false},"excerpt":{"rendered":"<p>Est\u00e1 dispon\u00edvel para leitura o vig\u00e9simo n\u00famero da Cadernos do NUPPOME, uma publica\u00e7\u00e3o digital vinculada ao N\u00facleo de Pesquisa sobre Pol\u00edticas de Mem\u00f3ria da UFPEL. Nesta edi\u00e7\u00e3o, a revista traz uma entrevista com Paula Franco, Coordenadora-Geral de Pol\u00edticas de Mem\u00f3ria e Verdade do Minist\u00e9rio dos Direitos Humanos e da Cidadania (MDHC); um texto sobre g\u00eanero [&hellip;]<\/p>\n","protected":false},"author":880,"featured_media":0,"comment_status":"closed","ping_status":"closed","sticky":false,"template":"","format":"standard","meta":{"footnotes":""},"categories":[1],"tags":[],"class_list":["post-1744","post","type-post","status-publish","format-standard","hentry","category-noticias"],"jetpack_featured_media_url":"","_links":{"self":[{"href":"https:\/\/wp.ufpel.edu.br\/nuppome\/wp-json\/wp\/v2\/posts\/1744","targetHints":{"allow":["GET"]}}],"collection":[{"href":"https:\/\/wp.ufpel.edu.br\/nuppome\/wp-json\/wp\/v2\/posts"}],"about":[{"href":"https:\/\/wp.ufpel.edu.br\/nuppome\/wp-json\/wp\/v2\/types\/post"}],"author":[{"embeddable":true,"href":"https:\/\/wp.ufpel.edu.br\/nuppome\/wp-json\/wp\/v2\/users\/880"}],"replies":[{"embeddable":true,"href":"https:\/\/wp.ufpel.edu.br\/nuppome\/wp-json\/wp\/v2\/comments?post=1744"}],"version-history":[{"count":1,"href":"https:\/\/wp.ufpel.edu.br\/nuppome\/wp-json\/wp\/v2\/posts\/1744\/revisions"}],"predecessor-version":[{"id":1746,"href":"https:\/\/wp.ufpel.edu.br\/nuppome\/wp-json\/wp\/v2\/posts\/1744\/revisions\/1746"}],"wp:attachment":[{"href":"https:\/\/wp.ufpel.edu.br\/nuppome\/wp-json\/wp\/v2\/media?parent=1744"}],"wp:term":[{"taxonomy":"category","embeddable":true,"href":"https:\/\/wp.ufpel.edu.br\/nuppome\/wp-json\/wp\/v2\/categories?post=1744"},{"taxonomy":"post_tag","embeddable":true,"href":"https:\/\/wp.ufpel.edu.br\/nuppome\/wp-json\/wp\/v2\/tags?post=1744"}],"curies":[{"name":"wp","href":"https:\/\/api.w.org\/{rel}","templated":true}]}}