{"id":1456,"date":"2024-08-16T09:00:17","date_gmt":"2024-08-16T12:00:17","guid":{"rendered":"https:\/\/wp.ufpel.edu.br\/nuppome\/?p=1456"},"modified":"2024-08-14T14:27:06","modified_gmt":"2024-08-14T17:27:06","slug":"palestra-sobre-socializacao-e-representacoes-da-ditadura-militar-nos-livros-didaticos-brasileiros","status":"publish","type":"post","link":"https:\/\/wp.ufpel.edu.br\/nuppome\/2024\/08\/16\/palestra-sobre-socializacao-e-representacoes-da-ditadura-militar-nos-livros-didaticos-brasileiros\/","title":{"rendered":"Palestra sobre socializa\u00e7\u00e3o e representa\u00e7\u00f5es da ditadura militar nos livros did\u00e1ticos brasileiros"},"content":{"rendered":"<p><img class=\"size-medium wp-image-1458 aligncenter\" src=\"https:\/\/wp.ufpel.edu.br\/nuppome\/files\/2024\/08\/2024-Palestra-Maira-Costa-400x400.jpg\" alt=\"\" width=\"400\" height=\"400\" srcset=\"https:\/\/wp.ufpel.edu.br\/nuppome\/files\/2024\/08\/2024-Palestra-Maira-Costa-400x400.jpg 400w, https:\/\/wp.ufpel.edu.br\/nuppome\/files\/2024\/08\/2024-Palestra-Maira-Costa-1024x1024.jpg 1024w, https:\/\/wp.ufpel.edu.br\/nuppome\/files\/2024\/08\/2024-Palestra-Maira-Costa-200x200.jpg 200w, https:\/\/wp.ufpel.edu.br\/nuppome\/files\/2024\/08\/2024-Palestra-Maira-Costa-768x768.jpg 768w, https:\/\/wp.ufpel.edu.br\/nuppome\/files\/2024\/08\/2024-Palestra-Maira-Costa-1536x1536.jpg 1536w, https:\/\/wp.ufpel.edu.br\/nuppome\/files\/2024\/08\/2024-Palestra-Maira-Costa-2048x2048.jpg 2048w\" sizes=\"(max-width: 400px) 100vw, 400px\" \/><\/p>\n<p>Dia 28\/08\/2024 (quarta-feira), \u00e0s 17h30, o NUPPOME realizar\u00e1 a Palestra \u201cA hist\u00f3ria que nos contam: socializa\u00e7\u00e3o pol\u00edtica e representa\u00e7\u00f5es da ditadura militar nos livros did\u00e1ticos brasileiros (1985-2016)\u201d, com a participa\u00e7\u00e3o da professora Ma\u00edra Pereira da Costa (PDJ-CNPq), Doutora em Ci\u00eancia Pol\u00edtica pela Universidade Federal do Rio Grande do Sul (UFRGS) e, atualmente, p\u00f3s-doutoranda junto ao Programa de P\u00f3s-Gradua\u00e7\u00e3o em Ci\u00eancia Pol\u00edtica da Universidade Federal de Pelotas (UFPEL).<\/p>\n<p>A atividade, que conta com o apoio institucional do Programa de P\u00f3s-Gradua\u00e7\u00e3o em Ci\u00eancia Pol\u00edtica da Universidade Federal de Pelotas (UFPEL), ser\u00e1 realizada na Sala 316 do IFISP-UFPEL (Rua Cel. Alberto Rosa, 154 &#8211; 3\u00ba andar).<\/p>\n<p>As\/os interessados em obter atestado de participa\u00e7\u00e3o poder\u00e3o se inscrever em formul\u00e1rio a ser disponibilizado durante o evento.<\/p>\n","protected":false},"excerpt":{"rendered":"<p>Dia 28\/08\/2024 (quarta-feira), \u00e0s 17h30, o NUPPOME realizar\u00e1 a Palestra \u201cA hist\u00f3ria que nos contam: socializa\u00e7\u00e3o pol\u00edtica e representa\u00e7\u00f5es da ditadura militar nos livros did\u00e1ticos brasileiros (1985-2016)\u201d, com a participa\u00e7\u00e3o da professora Ma\u00edra Pereira da Costa (PDJ-CNPq), Doutora em Ci\u00eancia Pol\u00edtica pela Universidade Federal do Rio Grande do Sul (UFRGS) e, atualmente, p\u00f3s-doutoranda junto ao [&hellip;]<\/p>\n","protected":false},"author":880,"featured_media":0,"comment_status":"closed","ping_status":"closed","sticky":false,"template":"","format":"standard","meta":{"footnotes":""},"categories":[1],"tags":[],"class_list":["post-1456","post","type-post","status-publish","format-standard","hentry","category-noticias"],"jetpack_featured_media_url":"","_links":{"self":[{"href":"https:\/\/wp.ufpel.edu.br\/nuppome\/wp-json\/wp\/v2\/posts\/1456","targetHints":{"allow":["GET"]}}],"collection":[{"href":"https:\/\/wp.ufpel.edu.br\/nuppome\/wp-json\/wp\/v2\/posts"}],"about":[{"href":"https:\/\/wp.ufpel.edu.br\/nuppome\/wp-json\/wp\/v2\/types\/post"}],"author":[{"embeddable":true,"href":"https:\/\/wp.ufpel.edu.br\/nuppome\/wp-json\/wp\/v2\/users\/880"}],"replies":[{"embeddable":true,"href":"https:\/\/wp.ufpel.edu.br\/nuppome\/wp-json\/wp\/v2\/comments?post=1456"}],"version-history":[{"count":1,"href":"https:\/\/wp.ufpel.edu.br\/nuppome\/wp-json\/wp\/v2\/posts\/1456\/revisions"}],"predecessor-version":[{"id":1459,"href":"https:\/\/wp.ufpel.edu.br\/nuppome\/wp-json\/wp\/v2\/posts\/1456\/revisions\/1459"}],"wp:attachment":[{"href":"https:\/\/wp.ufpel.edu.br\/nuppome\/wp-json\/wp\/v2\/media?parent=1456"}],"wp:term":[{"taxonomy":"category","embeddable":true,"href":"https:\/\/wp.ufpel.edu.br\/nuppome\/wp-json\/wp\/v2\/categories?post=1456"},{"taxonomy":"post_tag","embeddable":true,"href":"https:\/\/wp.ufpel.edu.br\/nuppome\/wp-json\/wp\/v2\/tags?post=1456"}],"curies":[{"name":"wp","href":"https:\/\/api.w.org\/{rel}","templated":true}]}}