{"id":1369,"date":"2024-05-14T16:40:14","date_gmt":"2024-05-14T19:40:14","guid":{"rendered":"https:\/\/wp.ufpel.edu.br\/nuppome\/?p=1369"},"modified":"2024-05-14T16:40:14","modified_gmt":"2024-05-14T19:40:14","slug":"podcast-historias-de-bolsillo-radio-usal-com-a-participacao-do-coordenador-do-nucleo","status":"publish","type":"post","link":"https:\/\/wp.ufpel.edu.br\/nuppome\/2024\/05\/14\/podcast-historias-de-bolsillo-radio-usal-com-a-participacao-do-coordenador-do-nucleo\/","title":{"rendered":"Podcast &#8216;Historias de Bolsillo&#8217; &#8211; R\u00e1dio USAL &#8211; com a participa\u00e7\u00e3o do Coordenador do N\u00facleo"},"content":{"rendered":"<p><img class=\"size-medium wp-image-1371 aligncenter\" src=\"https:\/\/wp.ufpel.edu.br\/nuppome\/files\/2024\/05\/Captura-de-tela-2024-05-14-163855-400x247.png\" alt=\"\" width=\"400\" height=\"247\" srcset=\"https:\/\/wp.ufpel.edu.br\/nuppome\/files\/2024\/05\/Captura-de-tela-2024-05-14-163855-400x247.png 400w, https:\/\/wp.ufpel.edu.br\/nuppome\/files\/2024\/05\/Captura-de-tela-2024-05-14-163855-1024x632.png 1024w, https:\/\/wp.ufpel.edu.br\/nuppome\/files\/2024\/05\/Captura-de-tela-2024-05-14-163855-768x474.png 768w, https:\/\/wp.ufpel.edu.br\/nuppome\/files\/2024\/05\/Captura-de-tela-2024-05-14-163855.png 1081w\" sizes=\"(max-width: 400px) 100vw, 400px\" \/><\/p>\n<p>Durante sua passagem pela cidade de Salamanca (Espanha), em abril, o professor Carlos Artur Gallo, coordenador do NUPPOME, foi entrevistado pelos historiadores Mois\u00e9s Rodr\u00edguez Escobar e Sof\u00eda Rodr\u00edguez Palomar para o programa &#8220;Historias de Bolsillo&#8221;, podcast veiculado pela R\u00e1dio da Universidade de Salamanca (USAL). Na entrevista, o professor falou sobre a ditadura brasileira, sobre as pol\u00edticas de mem\u00f3ria e sobre os desafios de discutir, na atualidade, a mem\u00f3ria do per\u00edodo, e, sobretudo, o tema das viola\u00e7\u00f5es aos direitos humanos praticadas por agentes da repress\u00e3o entre as d\u00e9cadas de 1960 e 1980.<\/p>\n<p>A grava\u00e7\u00e3o est\u00e1 dispon\u00edvel em: <a href=\"https:\/\/www.ivoox.com\/memoria-dictadura-brasil-audios-mp3_rf_128817343_1.html\">https:\/\/www.ivoox.com\/memoria-dictadura-brasil-audios-mp3_rf_128817343_1.html<\/a><\/p>\n","protected":false},"excerpt":{"rendered":"<p>Durante sua passagem pela cidade de Salamanca (Espanha), em abril, o professor Carlos Artur Gallo, coordenador do NUPPOME, foi entrevistado pelos historiadores Mois\u00e9s Rodr\u00edguez Escobar e Sof\u00eda Rodr\u00edguez Palomar para o programa &#8220;Historias de Bolsillo&#8221;, podcast veiculado pela R\u00e1dio da Universidade de Salamanca (USAL). Na entrevista, o professor falou sobre a ditadura brasileira, sobre as [&hellip;]<\/p>\n","protected":false},"author":880,"featured_media":0,"comment_status":"closed","ping_status":"closed","sticky":false,"template":"","format":"standard","meta":{"footnotes":""},"categories":[1],"tags":[],"class_list":["post-1369","post","type-post","status-publish","format-standard","hentry","category-noticias"],"jetpack_featured_media_url":"","_links":{"self":[{"href":"https:\/\/wp.ufpel.edu.br\/nuppome\/wp-json\/wp\/v2\/posts\/1369","targetHints":{"allow":["GET"]}}],"collection":[{"href":"https:\/\/wp.ufpel.edu.br\/nuppome\/wp-json\/wp\/v2\/posts"}],"about":[{"href":"https:\/\/wp.ufpel.edu.br\/nuppome\/wp-json\/wp\/v2\/types\/post"}],"author":[{"embeddable":true,"href":"https:\/\/wp.ufpel.edu.br\/nuppome\/wp-json\/wp\/v2\/users\/880"}],"replies":[{"embeddable":true,"href":"https:\/\/wp.ufpel.edu.br\/nuppome\/wp-json\/wp\/v2\/comments?post=1369"}],"version-history":[{"count":1,"href":"https:\/\/wp.ufpel.edu.br\/nuppome\/wp-json\/wp\/v2\/posts\/1369\/revisions"}],"predecessor-version":[{"id":1372,"href":"https:\/\/wp.ufpel.edu.br\/nuppome\/wp-json\/wp\/v2\/posts\/1369\/revisions\/1372"}],"wp:attachment":[{"href":"https:\/\/wp.ufpel.edu.br\/nuppome\/wp-json\/wp\/v2\/media?parent=1369"}],"wp:term":[{"taxonomy":"category","embeddable":true,"href":"https:\/\/wp.ufpel.edu.br\/nuppome\/wp-json\/wp\/v2\/categories?post=1369"},{"taxonomy":"post_tag","embeddable":true,"href":"https:\/\/wp.ufpel.edu.br\/nuppome\/wp-json\/wp\/v2\/tags?post=1369"}],"curies":[{"name":"wp","href":"https:\/\/api.w.org\/{rel}","templated":true}]}}