{"id":1360,"date":"2024-05-08T11:38:08","date_gmt":"2024-05-08T14:38:08","guid":{"rendered":"https:\/\/wp.ufpel.edu.br\/nuppome\/?p=1360"},"modified":"2024-05-08T11:39:14","modified_gmt":"2024-05-08T14:39:14","slug":"2o-workshop-nuppome-adiamento-do-evento-devido-a-calamidade-publica","status":"publish","type":"post","link":"https:\/\/wp.ufpel.edu.br\/nuppome\/2024\/05\/08\/2o-workshop-nuppome-adiamento-do-evento-devido-a-calamidade-publica\/","title":{"rendered":"2\u00ba Workshop de pesquisas sobre pol\u00edticas de mem\u00f3ria [adiamento do evento devido \u00e0 calamidade p\u00fablica]"},"content":{"rendered":"<p style=\"text-align: justify;\">Esperamos que todas\/os estejam bem, sobretudo aquelas\/es que est\u00e3o em \u00e1reas atingidas pelas enchentes dos \u00faltimos dias e\/ou possuem familiares e amigos que foram atravessados pela cat\u00e1strofe. Nossa solidariedade irrestrita \u00e0 todas\/os.<\/p>\n<p style=\"text-align: justify;\">\n<p style=\"text-align: justify;\">Como \u00e9 do conhecimento de todas\/os, nossa regi\u00e3o est\u00e1 sendo gravemente afetada pela crise clim\u00e1tica, tendo sido, inclusive, declarado estado de calamidade p\u00fablica no Rio Grande do Sul.<\/p>\n<p style=\"text-align: justify;\">\n<p style=\"text-align: justify;\">Milhares de pessoas tiveram que deixar suas resid\u00eancias. H\u00e1 pessoas mortas e desaparecidas. O aeroporto de Porto Alegre est\u00e1 com suas opera\u00e7\u00f5es suspensas pelo menos at\u00e9 o dia 30\/05\/2024. Estradas de diversas regi\u00f5es do Estado est\u00e3o interrompidas, parcialmente bloqueadas ou destru\u00eddas. Os servi\u00e7os de luz, \u00e1gua e internet t\u00eam oscilado em diversas cidades.<\/p>\n<p style=\"text-align: justify;\">\n<p style=\"text-align: justify;\">N\u00e3o h\u00e1 garantias de que todos esses problemas sejam resolvidos definitivamente nas pr\u00f3ximas duas semanas.<\/p>\n<p style=\"text-align: justify;\">\n<p style=\"text-align: justify;\"><b>Considerando o atual cen\u00e1rio, decidimos adiar a realiza\u00e7\u00e3o do Workshop, previsto para ocorrer entre os dias 23 e 24\/05\/2024.<\/b><\/p>\n<p style=\"text-align: justify;\">\n<p style=\"text-align: justify;\">N\u00e3o se trata apenas de termos ou n\u00e3o as condi\u00e7\u00f5es t\u00e9cnicas\/estruturais m\u00ednimas para o evento. Mais importante do que isto, neste momento, \u00e9 termos condi\u00e7\u00f5es pessoais e emocionais de participar de uma atividade numa conjuntura de crise.<\/p>\n<p style=\"text-align: justify;\">\n<p style=\"text-align: justify;\">Afinal, qual o sentido de mantermos as sess\u00f5es (presenciais ou virtuais) de apresenta\u00e7\u00e3o de trabalhos se participantes do evento foram direta ou indiretamente afetadas\/os?<\/p>\n<p style=\"text-align: justify;\">\n<p style=\"text-align: justify;\">Sabemos que muitas\/os das\/os participantes n\u00e3o est\u00e3o no Rio Grande do Sul ou, em alguns casos, no Brasil. Mas acreditamos que todas\/os entender\u00e3o a situa\u00e7\u00e3o.<\/p>\n<p style=\"text-align: justify;\">\n<p style=\"text-align: justify;\"><b>Neste momento, precisamos que a rede de solidariedade que se instalou desde a semana passada seja mantida e ampliada.<br \/>\n<\/b><\/p>\n<p style=\"text-align: justify;\">\n<p style=\"text-align: justify;\">Se muitas\/os de n\u00f3s estamos seguras\/os at\u00e9 agora, muitas outras pessoas n\u00e3o est\u00e3o.<\/p>\n<p style=\"text-align: justify;\">\n<p style=\"text-align: justify;\"><b>Assim que poss\u00edvel, iremos definir e divulgar as novas datas do evento. Se for vi\u00e1vel, realizaremos nosso Workshop entre os meses de junho e julho.<\/b><\/p>\n<p style=\"text-align: justify;\">\n<p style=\"text-align: justify;\">Contamos com a compreens\u00e3o de todas\/os diante do adiamento e pedimos desculpas por qualquer inconveniente gerado.<\/p>\n","protected":false},"excerpt":{"rendered":"<p>Esperamos que todas\/os estejam bem, sobretudo aquelas\/es que est\u00e3o em \u00e1reas atingidas pelas enchentes dos \u00faltimos dias e\/ou possuem familiares e amigos que foram atravessados pela cat\u00e1strofe. Nossa solidariedade irrestrita \u00e0 todas\/os. Como \u00e9 do conhecimento de todas\/os, nossa regi\u00e3o est\u00e1 sendo gravemente afetada pela crise clim\u00e1tica, tendo sido, inclusive, declarado estado de calamidade p\u00fablica [&hellip;]<\/p>\n","protected":false},"author":880,"featured_media":0,"comment_status":"closed","ping_status":"closed","sticky":false,"template":"","format":"standard","meta":{"footnotes":""},"categories":[1],"tags":[],"class_list":["post-1360","post","type-post","status-publish","format-standard","hentry","category-noticias"],"jetpack_featured_media_url":"","_links":{"self":[{"href":"https:\/\/wp.ufpel.edu.br\/nuppome\/wp-json\/wp\/v2\/posts\/1360","targetHints":{"allow":["GET"]}}],"collection":[{"href":"https:\/\/wp.ufpel.edu.br\/nuppome\/wp-json\/wp\/v2\/posts"}],"about":[{"href":"https:\/\/wp.ufpel.edu.br\/nuppome\/wp-json\/wp\/v2\/types\/post"}],"author":[{"embeddable":true,"href":"https:\/\/wp.ufpel.edu.br\/nuppome\/wp-json\/wp\/v2\/users\/880"}],"replies":[{"embeddable":true,"href":"https:\/\/wp.ufpel.edu.br\/nuppome\/wp-json\/wp\/v2\/comments?post=1360"}],"version-history":[{"count":2,"href":"https:\/\/wp.ufpel.edu.br\/nuppome\/wp-json\/wp\/v2\/posts\/1360\/revisions"}],"predecessor-version":[{"id":1363,"href":"https:\/\/wp.ufpel.edu.br\/nuppome\/wp-json\/wp\/v2\/posts\/1360\/revisions\/1363"}],"wp:attachment":[{"href":"https:\/\/wp.ufpel.edu.br\/nuppome\/wp-json\/wp\/v2\/media?parent=1360"}],"wp:term":[{"taxonomy":"category","embeddable":true,"href":"https:\/\/wp.ufpel.edu.br\/nuppome\/wp-json\/wp\/v2\/categories?post=1360"},{"taxonomy":"post_tag","embeddable":true,"href":"https:\/\/wp.ufpel.edu.br\/nuppome\/wp-json\/wp\/v2\/tags?post=1360"}],"curies":[{"name":"wp","href":"https:\/\/api.w.org\/{rel}","templated":true}]}}