{"id":937,"date":"2016-04-11T09:50:46","date_gmt":"2016-04-11T12:50:46","guid":{"rendered":"https:\/\/wp.ufpel.edu.br\/nulab\/?p=937"},"modified":"2016-07-13T09:44:20","modified_gmt":"2016-07-13T12:44:20","slug":"laboratorio-anatomo-funcional","status":"publish","type":"post","link":"https:\/\/wp.ufpel.edu.br\/nulab\/laboratorio-anatomo-funcional\/","title":{"rendered":"Laborat\u00f3rio Anatomo Funcional"},"content":{"rendered":"<p style=\"text-align: justify\"><a href=\"https:\/\/wp.ufpel.edu.br\/nulab\/files\/2016\/05\/P1000647.jpg\"><img class=\"alignnone size-thumbnail wp-image-1402\" src=\"https:\/\/wp.ufpel.edu.br\/nulab\/files\/2016\/05\/P1000647-212x159.jpg\" alt=\"P1000647\" width=\"212\" height=\"159\" srcset=\"https:\/\/wp.ufpel.edu.br\/nulab\/files\/2016\/05\/P1000647-212x159.jpg 212w, https:\/\/wp.ufpel.edu.br\/nulab\/files\/2016\/05\/P1000647-424x318.jpg 424w, https:\/\/wp.ufpel.edu.br\/nulab\/files\/2016\/05\/P1000647-768x576.jpg 768w\" sizes=\"(max-width: 212px) 100vw, 212px\" \/><\/a>\u00a0\u00a0<a href=\"https:\/\/wp.ufpel.edu.br\/nulab\/files\/2016\/05\/P1000650.jpg\"><img class=\"alignnone size-thumbnail wp-image-1404\" src=\"https:\/\/wp.ufpel.edu.br\/nulab\/files\/2016\/05\/P1000650-212x159.jpg\" alt=\"P1000650\" width=\"212\" height=\"159\" srcset=\"https:\/\/wp.ufpel.edu.br\/nulab\/files\/2016\/05\/P1000650-212x159.jpg 212w, https:\/\/wp.ufpel.edu.br\/nulab\/files\/2016\/05\/P1000650-424x318.jpg 424w, https:\/\/wp.ufpel.edu.br\/nulab\/files\/2016\/05\/P1000650-768x576.jpg 768w\" sizes=\"(max-width: 212px) 100vw, 212px\" \/><\/a>\u00a0\u00a0<a href=\"https:\/\/wp.ufpel.edu.br\/nulab\/files\/2016\/05\/P1000648.jpg\"><img class=\"alignnone size-thumbnail wp-image-1403\" src=\"https:\/\/wp.ufpel.edu.br\/nulab\/files\/2016\/05\/P1000648-212x159.jpg\" alt=\"P1000648\" width=\"212\" height=\"159\" srcset=\"https:\/\/wp.ufpel.edu.br\/nulab\/files\/2016\/05\/P1000648-212x159.jpg 212w, https:\/\/wp.ufpel.edu.br\/nulab\/files\/2016\/05\/P1000648-424x318.jpg 424w, https:\/\/wp.ufpel.edu.br\/nulab\/files\/2016\/05\/P1000648-768x576.jpg 768w\" sizes=\"(max-width: 212px) 100vw, 212px\" \/><\/a><\/p>\n<p style=\"text-align: justify\"><strong>Unidade:<\/strong>\u00a0Faculdade de Enfermagem e Obstetr\u00edcia (FEO)<br \/>\n<strong>Curso:<\/strong>\u00a0Enfermagem<br \/>\n<strong>Website:<\/strong> N\/D<br \/>\n<strong>C\u00f3digo NULAB:<\/strong> 90056<\/p>\n<p style=\"text-align: justify\"><strong><span style=\"text-decoration: underline\">Descri\u00e7\u00e3o<\/span><br \/>\n<\/strong>Realiza\u00e7\u00e3o de suporte pr\u00e1tico anat\u00f4mico e funcional para os alunos do 1\u00b0ao 10\u00ba semestre. Atividades de Educa\u00e7\u00e3o em Sa\u00fade (Higiene Oral, M\u00e9todos Contraceptivos, Preven\u00e7\u00e3o das Doen\u00e7as Sexualmente Transmiss\u00edveis, Preven\u00e7\u00e3o do H1N1, entre outras). Entrevista e escuta terap\u00eautica, Exame das fun\u00e7\u00f5es ps\u00edquicas, Simula\u00e7\u00e3o de Depend\u00eancia Qu\u00edmica, Simula\u00e7\u00e3o de Abuso do Crack, Simula\u00e7\u00e3o de Transtornos do Pensamento- Esquizofrenia, T\u00e9cnica de comunica\u00e7\u00e3o Terap\u00eautica, Sintomas do Transtorno Afetivo Bipolar, Transtorno Depressivo e Transtorno de Ansiedade, Administra\u00e7\u00e3o de Medica\u00e7\u00e3o Psiqui\u00e1trica.<\/p>\n<p style=\"text-align: justify\"><strong><span style=\"text-decoration: underline\">Localiza\u00e7\u00e3o<\/span><\/strong><br \/>\n<strong>Campus:<\/strong>\u00a0Anglo<br \/>\n<strong>Pr\u00e9dio\/Bloco:<\/strong>\u00a0A<br \/>\n<strong>Sala:<\/strong>\u00a0257<\/p>\n<p style=\"text-align: justify\"><strong><span style=\"text-decoration: underline\">Contato<\/span><\/strong><br \/>\n<strong>Nome:<\/strong>\u00a0Renata Cunha da Silva<br \/>\n<strong>E-mail:<\/strong>\u00a0renatacunhabebe@gmail.com<\/p>\n<p style=\"text-align: justify\"><strong><span style=\"text-decoration: underline\">Equipamentos<\/span><\/strong><br \/>\nEsqueletos<br \/>\nModelos Anat\u00f4micos<br \/>\nManequim (Para Exame Abdominal)<\/p>\n","protected":false},"excerpt":{"rendered":"<p>Realiza\u00e7\u00e3o de suporte pr\u00e1tico anat\u00f4mico e funcional para os alunos do 1\u00b0ao 10\u00ba semestre. Atividades de Educa\u00e7\u00e3o em Sa\u00fade (Higiene Oral, M\u00e9todos Contraceptivos, Preven\u00e7\u00e3o das Doen\u00e7as Sexualmente Transmiss\u00edveis, Preven\u00e7\u00e3o do H1N1, entre outras).<\/p>\n","protected":false},"author":634,"featured_media":1402,"comment_status":"closed","ping_status":"closed","sticky":false,"template":"","format":"standard","meta":{"footnotes":""},"categories":[35,5,724],"tags":[117,142,116,118,119,120],"class_list":["post-937","post","type-post","status-publish","format-standard","has-post-thumbnail","hentry","category-feo","category-laboratorios","category-prontos","tag-anatomo","tag-anglo","tag-enfermagem","tag-esqueleto","tag-exame-abdominal","tag-feo"],"jetpack_featured_media_url":"https:\/\/wp.ufpel.edu.br\/nulab\/files\/2016\/05\/P1000647.jpg","_links":{"self":[{"href":"https:\/\/wp.ufpel.edu.br\/nulab\/wp-json\/wp\/v2\/posts\/937","targetHints":{"allow":["GET"]}}],"collection":[{"href":"https:\/\/wp.ufpel.edu.br\/nulab\/wp-json\/wp\/v2\/posts"}],"about":[{"href":"https:\/\/wp.ufpel.edu.br\/nulab\/wp-json\/wp\/v2\/types\/post"}],"author":[{"embeddable":true,"href":"https:\/\/wp.ufpel.edu.br\/nulab\/wp-json\/wp\/v2\/users\/634"}],"replies":[{"embeddable":true,"href":"https:\/\/wp.ufpel.edu.br\/nulab\/wp-json\/wp\/v2\/comments?post=937"}],"version-history":[{"count":10,"href":"https:\/\/wp.ufpel.edu.br\/nulab\/wp-json\/wp\/v2\/posts\/937\/revisions"}],"predecessor-version":[{"id":2705,"href":"https:\/\/wp.ufpel.edu.br\/nulab\/wp-json\/wp\/v2\/posts\/937\/revisions\/2705"}],"wp:featuredmedia":[{"embeddable":true,"href":"https:\/\/wp.ufpel.edu.br\/nulab\/wp-json\/wp\/v2\/media\/1402"}],"wp:attachment":[{"href":"https:\/\/wp.ufpel.edu.br\/nulab\/wp-json\/wp\/v2\/media?parent=937"}],"wp:term":[{"taxonomy":"category","embeddable":true,"href":"https:\/\/wp.ufpel.edu.br\/nulab\/wp-json\/wp\/v2\/categories?post=937"},{"taxonomy":"post_tag","embeddable":true,"href":"https:\/\/wp.ufpel.edu.br\/nulab\/wp-json\/wp\/v2\/tags?post=937"}],"curies":[{"name":"wp","href":"https:\/\/api.w.org\/{rel}","templated":true}]}}