{"id":3299,"date":"2016-11-24T10:43:42","date_gmt":"2016-11-24T12:43:42","guid":{"rendered":"https:\/\/wp.ufpel.edu.br\/nulab\/?p=3299"},"modified":"2016-11-29T10:24:41","modified_gmt":"2016-11-29T12:24:41","slug":"lqg","status":"publish","type":"post","link":"https:\/\/wp.ufpel.edu.br\/nulab\/lqg\/","title":{"rendered":"Laborat\u00f3rio de Qualidade de Gr\u00e3os (LQG)"},"content":{"rendered":"<p><a href=\"https:\/\/wp.ufpel.edu.br\/nulab\/files\/2016\/11\/P1010448.jpg\"><img class=\"alignnone size-thumbnail wp-image-3301\" src=\"https:\/\/wp.ufpel.edu.br\/nulab\/files\/2016\/11\/P1010448-212x159.jpg\" alt=\"p1010448\" width=\"212\" height=\"159\" srcset=\"https:\/\/wp.ufpel.edu.br\/nulab\/files\/2016\/11\/P1010448-212x159.jpg 212w, https:\/\/wp.ufpel.edu.br\/nulab\/files\/2016\/11\/P1010448-424x318.jpg 424w, https:\/\/wp.ufpel.edu.br\/nulab\/files\/2016\/11\/P1010448-768x576.jpg 768w\" sizes=\"(max-width: 212px) 100vw, 212px\" \/><\/a> <a href=\"https:\/\/wp.ufpel.edu.br\/nulab\/files\/2016\/11\/P1010449.jpg\"><img class=\"alignnone size-thumbnail wp-image-3302\" src=\"https:\/\/wp.ufpel.edu.br\/nulab\/files\/2016\/11\/P1010449-212x159.jpg\" alt=\"p1010449\" width=\"212\" height=\"159\" srcset=\"https:\/\/wp.ufpel.edu.br\/nulab\/files\/2016\/11\/P1010449-212x159.jpg 212w, https:\/\/wp.ufpel.edu.br\/nulab\/files\/2016\/11\/P1010449-424x318.jpg 424w, https:\/\/wp.ufpel.edu.br\/nulab\/files\/2016\/11\/P1010449-768x576.jpg 768w\" sizes=\"(max-width: 212px) 100vw, 212px\" \/><\/a><\/p>\n<p><strong>Unidade:<\/strong> Centro de Engenharias (CENG)<br \/>\n<strong>Curso:<\/strong>\u00a0Engenharia Agr\u00edcola<br \/>\n<strong>Website:<\/strong>\u00a0&#8211;<br \/>\n<strong>C\u00f3digo NULAB:<\/strong> 90377<\/p>\n<p><span style=\"text-decoration: underline\"><strong>Descri\u00e7\u00e3o<\/strong><\/span><br \/>\nO laborat\u00f3rio atende discentes de gradua\u00e7\u00e3o e p\u00f3s-gradua\u00e7\u00e3o, em pr\u00e1ticas de algumas disciplinas do curso de Engenharia Agr\u00edcola. Tamb\u00e9m atua no desenvolvimento de pesquisas, principalmente aquelas voltadas para a \u00e1rea de P\u00f3s-colheita do Curso de Engenharia Agr\u00edcola.<\/p>\n<p><strong><span style=\"text-decoration: underline\">Localiza\u00e7\u00e3o<\/span>\u00a0<\/strong><br \/>\n<strong>Campus:<\/strong>\u00a0Porto<br \/>\n<strong>Pr\u00e9dio\/Bloco: <\/strong>Cotada<br \/>\n<strong>Sala:<\/strong>\u00a0401<\/p>\n<p><span style=\"text-decoration: underline\"><strong>Contato<\/strong><\/span><br \/>\n<strong>Nome:<\/strong>\u00a0Prof. Carlos Luz<br \/>\n<strong>E-mail:<\/strong> carlossluz@gmail.com<\/p>\n<p><span style=\"text-decoration: underline\"><strong>Equipamentos<\/strong><\/span><br \/>\nAnem\u00f4metro de Fio quente<br \/>\nDecibel\u00edmetro Digital<br \/>\nPaqu\u00edmetro<br \/>\nTermohigr\u00f4metro Digital<br \/>\nTerm\u00f4metro Infravermelho<br \/>\nRefrat\u00f4metro<br \/>\nSalin\u00f4metro<\/p>\n","protected":false},"excerpt":{"rendered":"<p>Unidade: Centro de Engenharias (CENG) Curso:\u00a0Engenharia Agr\u00edcola Website:\u00a0&#8211; C\u00f3digo NULAB: 90377 Descri\u00e7\u00e3o O laborat\u00f3rio atende discentes de gradua\u00e7\u00e3o e p\u00f3s-gradua\u00e7\u00e3o, em pr\u00e1ticas de algumas disciplinas do curso de Engenharia Agr\u00edcola. Tamb\u00e9m atua no desenvolvimento de pesquisas, principalmente aquelas voltadas para a \u00e1rea de P\u00f3s-colheita do Curso de Engenharia Agr\u00edcola. Localiza\u00e7\u00e3o\u00a0 Campus:\u00a0Porto Pr\u00e9dio\/Bloco: Cotada Sala:\u00a0401 Contato [&hellip;]<\/p>\n","protected":false},"author":634,"featured_media":3301,"comment_status":"closed","ping_status":"closed","sticky":false,"template":"","format":"standard","meta":{"footnotes":""},"categories":[24,5,724],"tags":[1142,361,1143,583,1148,335,1147,1145,1146,875,1144],"class_list":["post-3299","post","type-post","status-publish","format-standard","has-post-thumbnail","hentry","category-ceng","category-laboratorios","category-prontos","tag-anemometro-de-fio-quente","tag-ceng","tag-decibelimetro-digital","tag-engenharia-agricola","tag-lqg","tag-paquimetro","tag-qualidade-de-graos","tag-refratometro","tag-salinometro","tag-termohigrometro-digital","tag-termometro-infravermelho"],"jetpack_featured_media_url":"https:\/\/wp.ufpel.edu.br\/nulab\/files\/2016\/11\/P1010448.jpg","_links":{"self":[{"href":"https:\/\/wp.ufpel.edu.br\/nulab\/wp-json\/wp\/v2\/posts\/3299","targetHints":{"allow":["GET"]}}],"collection":[{"href":"https:\/\/wp.ufpel.edu.br\/nulab\/wp-json\/wp\/v2\/posts"}],"about":[{"href":"https:\/\/wp.ufpel.edu.br\/nulab\/wp-json\/wp\/v2\/types\/post"}],"author":[{"embeddable":true,"href":"https:\/\/wp.ufpel.edu.br\/nulab\/wp-json\/wp\/v2\/users\/634"}],"replies":[{"embeddable":true,"href":"https:\/\/wp.ufpel.edu.br\/nulab\/wp-json\/wp\/v2\/comments?post=3299"}],"version-history":[{"count":4,"href":"https:\/\/wp.ufpel.edu.br\/nulab\/wp-json\/wp\/v2\/posts\/3299\/revisions"}],"predecessor-version":[{"id":3351,"href":"https:\/\/wp.ufpel.edu.br\/nulab\/wp-json\/wp\/v2\/posts\/3299\/revisions\/3351"}],"wp:featuredmedia":[{"embeddable":true,"href":"https:\/\/wp.ufpel.edu.br\/nulab\/wp-json\/wp\/v2\/media\/3301"}],"wp:attachment":[{"href":"https:\/\/wp.ufpel.edu.br\/nulab\/wp-json\/wp\/v2\/media?parent=3299"}],"wp:term":[{"taxonomy":"category","embeddable":true,"href":"https:\/\/wp.ufpel.edu.br\/nulab\/wp-json\/wp\/v2\/categories?post=3299"},{"taxonomy":"post_tag","embeddable":true,"href":"https:\/\/wp.ufpel.edu.br\/nulab\/wp-json\/wp\/v2\/tags?post=3299"}],"curies":[{"name":"wp","href":"https:\/\/api.w.org\/{rel}","templated":true}]}}