{"id":3173,"date":"2016-10-31T09:51:57","date_gmt":"2016-10-31T11:51:57","guid":{"rendered":"https:\/\/wp.ufpel.edu.br\/nulab\/?p=3173"},"modified":"2016-11-03T08:33:00","modified_gmt":"2016-11-03T10:33:00","slug":"leaa","status":"publish","type":"post","link":"https:\/\/wp.ufpel.edu.br\/nulab\/leaa\/","title":{"rendered":"Laborat\u00f3rio de Estudos Agr\u00e1rios e Ambientais (LEAA)"},"content":{"rendered":"<p style=\"text-align: justify\"><strong>Unidade:<\/strong>\u00a0Instituto de Ci\u00eancias Humanas\u00a0(ICH)<br \/>\n<strong>Curso:<\/strong>\u00a0Antropologia, Geografia<br \/>\n<strong>Website:<\/strong>\u00a0https:\/\/wp.ufpel.edu.br\/leaa\/ e\u00a0https:\/\/www.ufrgs.br\/gepac\/<br \/>\n<strong>C\u00f3digo NULAB:<\/strong> 90118<\/p>\n<p style=\"text-align: justify\"><strong><span style=\"text-decoration: underline\">Descri\u00e7\u00e3o<br \/>\n<\/span><\/strong>O Laborat\u00f3rio de Estudos Agr\u00e1rios e Ambientais foi criado no ano de 2000 como projeto de Extens\u00e3o Permanente (C\u00f3d. COCEPE\/UFPEL 53006011) e \u00e9 formado por uma equipe de professores-pesquisadores, bolsistas, alunos de gradua\u00e7\u00e3o e p\u00f3s-gradua\u00e7\u00e3o dos cursos de Geografia e Antropologia. Localiza-se no Instituto de Ci\u00eancias Humanas e representa o espa\u00e7o institucional de atua\u00e7\u00e3o dos grupos de pesquisa, sediados no diret\u00f3rio dos Grupos do CNPq, Estudos Agr\u00e1rios e Ambientais e Grupo de Estudos e Pesquisa em Alimenta\u00e7\u00e3o e Cultura.<\/p>\n<p style=\"text-align: justify\"><strong><span style=\"text-decoration: underline\">Localiza\u00e7\u00e3o<\/span><\/strong><br \/>\n<strong>Campus:<\/strong>\u00a0Porto<br \/>\n<strong>Pr\u00e9dio\/Bloco:<\/strong>\u00a0Rua Alberto Rosa, 154<br \/>\n<strong>Sala:<\/strong>\u00a0118<\/p>\n<p style=\"text-align: justify\"><strong><span style=\"text-decoration: underline\">Contato<\/span><\/strong><br \/>\n<strong>Nome:<\/strong>\u00a0Profa. Giancarla Salamoni\/Profa. Renata Menasche<br \/>\n<strong>E-mail:<\/strong>\u00a0gi.salamoni@yahoo.com.br\/renata.menasche@gmail.com<\/p>\n<p style=\"text-align: justify\"><strong><span style=\"text-decoration: underline\">Equipamentos<\/span><\/strong><br \/>\nComputadores<br \/>\nC\u00e2meras Fotogr\u00e1ficas<br \/>\nGPS<br \/>\nAcervo de monografias, disserta\u00e7\u00f5es e teses<\/p>\n","protected":false},"excerpt":{"rendered":"<p>Unidade:\u00a0Instituto de Ci\u00eancias Humanas\u00a0(ICH) Curso:\u00a0Antropologia, Geografia Website:\u00a0https:\/\/wp.ufpel.edu.br\/leaa\/ e\u00a0https:\/\/www.ufrgs.br\/gepac\/ C\u00f3digo NULAB: 90118 Descri\u00e7\u00e3o O Laborat\u00f3rio de Estudos Agr\u00e1rios e Ambientais foi criado no ano de 2000 como projeto de Extens\u00e3o Permanente (C\u00f3d. COCEPE\/UFPEL 53006011) e \u00e9 formado por uma equipe de professores-pesquisadores, bolsistas, alunos de gradua\u00e7\u00e3o e p\u00f3s-gradua\u00e7\u00e3o dos cursos de Geografia e Antropologia. Localiza-se no [&hellip;]<\/p>\n","protected":false},"author":634,"featured_media":0,"comment_status":"closed","ping_status":"closed","sticky":false,"template":"","format":"standard","meta":{"footnotes":""},"categories":[26,5],"tags":[1083,1080,1082,1081],"class_list":["post-3173","post","type-post","status-publish","format-standard","hentry","category-ich","category-laboratorios","tag-alimentacao-e-cultura","tag-estudos-agrarios-e-ambientais","tag-gepac","tag-leaa"],"jetpack_featured_media_url":"","_links":{"self":[{"href":"https:\/\/wp.ufpel.edu.br\/nulab\/wp-json\/wp\/v2\/posts\/3173","targetHints":{"allow":["GET"]}}],"collection":[{"href":"https:\/\/wp.ufpel.edu.br\/nulab\/wp-json\/wp\/v2\/posts"}],"about":[{"href":"https:\/\/wp.ufpel.edu.br\/nulab\/wp-json\/wp\/v2\/types\/post"}],"author":[{"embeddable":true,"href":"https:\/\/wp.ufpel.edu.br\/nulab\/wp-json\/wp\/v2\/users\/634"}],"replies":[{"embeddable":true,"href":"https:\/\/wp.ufpel.edu.br\/nulab\/wp-json\/wp\/v2\/comments?post=3173"}],"version-history":[{"count":4,"href":"https:\/\/wp.ufpel.edu.br\/nulab\/wp-json\/wp\/v2\/posts\/3173\/revisions"}],"predecessor-version":[{"id":3196,"href":"https:\/\/wp.ufpel.edu.br\/nulab\/wp-json\/wp\/v2\/posts\/3173\/revisions\/3196"}],"wp:attachment":[{"href":"https:\/\/wp.ufpel.edu.br\/nulab\/wp-json\/wp\/v2\/media?parent=3173"}],"wp:term":[{"taxonomy":"category","embeddable":true,"href":"https:\/\/wp.ufpel.edu.br\/nulab\/wp-json\/wp\/v2\/categories?post=3173"},{"taxonomy":"post_tag","embeddable":true,"href":"https:\/\/wp.ufpel.edu.br\/nulab\/wp-json\/wp\/v2\/tags?post=3173"}],"curies":[{"name":"wp","href":"https:\/\/api.w.org\/{rel}","templated":true}]}}