{"id":3114,"date":"2016-10-25T10:13:25","date_gmt":"2016-10-25T12:13:25","guid":{"rendered":"https:\/\/wp.ufpel.edu.br\/nulab\/?p=3114"},"modified":"2016-10-27T15:42:48","modified_gmt":"2016-10-27T17:42:48","slug":"lam","status":"publish","type":"post","link":"https:\/\/wp.ufpel.edu.br\/nulab\/lam\/","title":{"rendered":"Laborat\u00f3rio de Anatomia da Madeira (LAM)"},"content":{"rendered":"<p style=\"text-align: justify\"><a href=\"https:\/\/wp.ufpel.edu.br\/nulab\/files\/2016\/10\/P1010164.jpg\"><img class=\"alignnone size-thumbnail wp-image-3117\" src=\"https:\/\/wp.ufpel.edu.br\/nulab\/files\/2016\/10\/P1010164-212x119.jpg\" alt=\"p1010164\" width=\"212\" height=\"119\" srcset=\"https:\/\/wp.ufpel.edu.br\/nulab\/files\/2016\/10\/P1010164-212x119.jpg 212w, https:\/\/wp.ufpel.edu.br\/nulab\/files\/2016\/10\/P1010164-424x238.jpg 424w, https:\/\/wp.ufpel.edu.br\/nulab\/files\/2016\/10\/P1010164-768x432.jpg 768w\" sizes=\"(max-width: 212px) 100vw, 212px\" \/><\/a><\/p>\n<p style=\"text-align: justify\"><strong>Unidade:<\/strong>\u00a0Centro de Engenharias \u00a0(CENG)<br \/>\n<strong>Curso:<\/strong>\u00a0Engenharia Industrial Madeireira, Engenharia de Materiais<br \/>\n<strong>Website:<\/strong>\u00a0N\/D<br \/>\n<strong>C\u00f3digo NULAB:<\/strong>\u00a090511<\/p>\n<p style=\"text-align: justify\"><strong><span style=\"text-decoration: underline\">Descri\u00e7\u00e3o<br \/>\n<\/span><\/strong>&#8211;<\/p>\n<p style=\"text-align: justify\"><strong><span style=\"text-decoration: underline\">Localiza\u00e7\u00e3o<\/span><\/strong><br \/>\n<strong>Campus:<\/strong>\u00a0Pr\u00e9dio Engenharia Industrial Madeireira<br \/>\n<strong>Pr\u00e9dio\/Bloco:<\/strong>\u00a0Rua Conde de Porto Alegre, 793<br \/>\n<strong>Sala: <\/strong>000<\/p>\n<p style=\"text-align: justify\"><strong><span style=\"text-decoration: underline\">Contato<\/span><\/strong><br \/>\n<strong>Nome:<\/strong>\u00a0Prof. Darci Gatto<br \/>\n<strong>E-mail<\/strong>:\u00a0darcigatto@yahoo.com<\/p>\n<p style=\"text-align: justify\"><strong><span style=\"text-decoration: underline\">Equipamentos<br \/>\n<\/span><\/strong>Microsc\u00f3pios<\/p>\n","protected":false},"excerpt":{"rendered":"<p>Unidade:\u00a0Centro de Engenharias \u00a0(CENG) Curso:\u00a0Engenharia Industrial Madeireira, Engenharia de Materiais Website:\u00a0N\/D C\u00f3digo NULAB:\u00a090511 Descri\u00e7\u00e3o &#8211; Localiza\u00e7\u00e3o Campus:\u00a0Pr\u00e9dio Engenharia Industrial Madeireira Pr\u00e9dio\/Bloco:\u00a0Rua Conde de Porto Alegre, 793 Sala: 000 Contato Nome:\u00a0Prof. Darci Gatto E-mail:\u00a0darcigatto@yahoo.com Equipamentos Microsc\u00f3pios<\/p>\n","protected":false},"author":634,"featured_media":0,"comment_status":"closed","ping_status":"closed","sticky":false,"template":"","format":"standard","meta":{"footnotes":""},"categories":[24,5],"tags":[1028,361,584,1029,573],"class_list":["post-3114","post","type-post","status-publish","format-standard","hentry","category-ceng","category-laboratorios","tag-anatomia-da-madeira","tag-ceng","tag-engenharia-industrial-madeireira","tag-lam","tag-microscopios"],"jetpack_featured_media_url":"","_links":{"self":[{"href":"https:\/\/wp.ufpel.edu.br\/nulab\/wp-json\/wp\/v2\/posts\/3114","targetHints":{"allow":["GET"]}}],"collection":[{"href":"https:\/\/wp.ufpel.edu.br\/nulab\/wp-json\/wp\/v2\/posts"}],"about":[{"href":"https:\/\/wp.ufpel.edu.br\/nulab\/wp-json\/wp\/v2\/types\/post"}],"author":[{"embeddable":true,"href":"https:\/\/wp.ufpel.edu.br\/nulab\/wp-json\/wp\/v2\/users\/634"}],"replies":[{"embeddable":true,"href":"https:\/\/wp.ufpel.edu.br\/nulab\/wp-json\/wp\/v2\/comments?post=3114"}],"version-history":[{"count":3,"href":"https:\/\/wp.ufpel.edu.br\/nulab\/wp-json\/wp\/v2\/posts\/3114\/revisions"}],"predecessor-version":[{"id":3136,"href":"https:\/\/wp.ufpel.edu.br\/nulab\/wp-json\/wp\/v2\/posts\/3114\/revisions\/3136"}],"wp:attachment":[{"href":"https:\/\/wp.ufpel.edu.br\/nulab\/wp-json\/wp\/v2\/media?parent=3114"}],"wp:term":[{"taxonomy":"category","embeddable":true,"href":"https:\/\/wp.ufpel.edu.br\/nulab\/wp-json\/wp\/v2\/categories?post=3114"},{"taxonomy":"post_tag","embeddable":true,"href":"https:\/\/wp.ufpel.edu.br\/nulab\/wp-json\/wp\/v2\/tags?post=3114"}],"curies":[{"name":"wp","href":"https:\/\/api.w.org\/{rel}","templated":true}]}}