{"id":3099,"date":"2016-10-25T09:39:35","date_gmt":"2016-10-25T11:39:35","guid":{"rendered":"https:\/\/wp.ufpel.edu.br\/nulab\/?p=3099"},"modified":"2016-10-27T15:43:59","modified_gmt":"2016-10-27T17:43:59","slug":"laboratorio-de-propriedades-mecanicas-da-madeira","status":"publish","type":"post","link":"https:\/\/wp.ufpel.edu.br\/nulab\/laboratorio-de-propriedades-mecanicas-da-madeira\/","title":{"rendered":"Laborat\u00f3rio de Propriedades Mec\u00e2nicas da Madeira"},"content":{"rendered":"<p style=\"text-align: justify\"><a href=\"https:\/\/wp.ufpel.edu.br\/nulab\/files\/2016\/10\/P1010160.jpg\"><img class=\"alignnone size-thumbnail wp-image-3101\" src=\"https:\/\/wp.ufpel.edu.br\/nulab\/files\/2016\/10\/P1010160-212x119.jpg\" alt=\"p1010160\" width=\"212\" height=\"119\" srcset=\"https:\/\/wp.ufpel.edu.br\/nulab\/files\/2016\/10\/P1010160-212x119.jpg 212w, https:\/\/wp.ufpel.edu.br\/nulab\/files\/2016\/10\/P1010160-424x238.jpg 424w, https:\/\/wp.ufpel.edu.br\/nulab\/files\/2016\/10\/P1010160-768x432.jpg 768w\" sizes=\"(max-width: 212px) 100vw, 212px\" \/><\/a><\/p>\n<p style=\"text-align: justify\"><strong>Unidade:<\/strong>\u00a0Centro de Engenharias \u00a0(CENG)<br \/>\n<strong>Curso:<\/strong>\u00a0Engenharia Industrial Madeireira, Engenharia de Materiais<br \/>\n<strong>Website:<\/strong>\u00a0N\/D<br \/>\n<strong>C\u00f3digo NULAB:<\/strong>\u00a090180<\/p>\n<p style=\"text-align: justify\"><strong><span style=\"text-decoration: underline\">Descri\u00e7\u00e3o<br \/>\n<\/span><\/strong>&#8211;<\/p>\n<p style=\"text-align: justify\"><strong><span style=\"text-decoration: underline\">Localiza\u00e7\u00e3o<\/span><\/strong><br \/>\n<strong>Campus:<\/strong>\u00a0Pr\u00e9dio Engenharia Industrial Madeireira<br \/>\n<strong>Pr\u00e9dio\/Bloco:<\/strong>\u00a0Rua Conde de Porto Alegre, 793<br \/>\n<strong>Sala: <\/strong>015<\/p>\n<p style=\"text-align: justify\"><strong><span style=\"text-decoration: underline\">Contato<\/span><\/strong><br \/>\n<strong>Nome:<\/strong>\u00a0Prof.\u00a0Darci Gatto<br \/>\n<strong>E-mail<\/strong>:\u00a0darcigatto@yahoo.com<\/p>\n<p style=\"text-align: justify\"><strong><span style=\"text-decoration: underline\">Equipamentos<br \/>\n<\/span><\/strong>M\u00e1quina de Ensaios Mec\u00e2nicos<br \/>\nEstufa<br \/>\nBalan\u00e7a<br \/>\nLixadeira de Cinta<br \/>\nDesumidificador<br \/>\nSerra Circular de Mesa<br \/>\nPrensa Hidr\u00e1ulica<br \/>\nFuradeira<br \/>\nMotoserra<br \/>\nSerra Tico-Tico<\/p>\n","protected":false},"excerpt":{"rendered":"<p>Unidade:\u00a0Centro de Engenharias \u00a0(CENG) Curso:\u00a0Engenharia Industrial Madeireira, Engenharia de Materiais Website:\u00a0N\/D C\u00f3digo NULAB:\u00a090180 Descri\u00e7\u00e3o &#8211; Localiza\u00e7\u00e3o Campus:\u00a0Pr\u00e9dio Engenharia Industrial Madeireira Pr\u00e9dio\/Bloco:\u00a0Rua Conde de Porto Alegre, 793 Sala: 015 Contato Nome:\u00a0Prof.\u00a0Darci Gatto E-mail:\u00a0darcigatto@yahoo.com Equipamentos M\u00e1quina de Ensaios Mec\u00e2nicos Estufa Balan\u00e7a Lixadeira de Cinta Desumidificador Serra Circular de Mesa Prensa Hidr\u00e1ulica Furadeira Motoserra Serra Tico-Tico<\/p>\n","protected":false},"author":634,"featured_media":0,"comment_status":"closed","ping_status":"closed","sticky":false,"template":"","format":"standard","meta":{"footnotes":""},"categories":[24,5],"tags":[121,361,1008,584,130,643,1007,1006,1010,996,1011,1009,999],"class_list":["post-3099","post","type-post","status-publish","format-standard","hentry","category-ceng","category-laboratorios","tag-balanca","tag-ceng","tag-desumidificador","tag-engenharia-industrial-madeireira","tag-estufa","tag-furadeira","tag-lixadeira-de-cinta","tag-maquina-de-ensaios-mecanicos","tag-motoserra","tag-prensa-hidraulica","tag-propriedades-mecanicas-da-madeira","tag-serra-circular-de-mesa","tag-serra-tico-tico"],"jetpack_featured_media_url":"","_links":{"self":[{"href":"https:\/\/wp.ufpel.edu.br\/nulab\/wp-json\/wp\/v2\/posts\/3099","targetHints":{"allow":["GET"]}}],"collection":[{"href":"https:\/\/wp.ufpel.edu.br\/nulab\/wp-json\/wp\/v2\/posts"}],"about":[{"href":"https:\/\/wp.ufpel.edu.br\/nulab\/wp-json\/wp\/v2\/types\/post"}],"author":[{"embeddable":true,"href":"https:\/\/wp.ufpel.edu.br\/nulab\/wp-json\/wp\/v2\/users\/634"}],"replies":[{"embeddable":true,"href":"https:\/\/wp.ufpel.edu.br\/nulab\/wp-json\/wp\/v2\/comments?post=3099"}],"version-history":[{"count":2,"href":"https:\/\/wp.ufpel.edu.br\/nulab\/wp-json\/wp\/v2\/posts\/3099\/revisions"}],"predecessor-version":[{"id":3138,"href":"https:\/\/wp.ufpel.edu.br\/nulab\/wp-json\/wp\/v2\/posts\/3099\/revisions\/3138"}],"wp:attachment":[{"href":"https:\/\/wp.ufpel.edu.br\/nulab\/wp-json\/wp\/v2\/media?parent=3099"}],"wp:term":[{"taxonomy":"category","embeddable":true,"href":"https:\/\/wp.ufpel.edu.br\/nulab\/wp-json\/wp\/v2\/categories?post=3099"},{"taxonomy":"post_tag","embeddable":true,"href":"https:\/\/wp.ufpel.edu.br\/nulab\/wp-json\/wp\/v2\/tags?post=3099"}],"curies":[{"name":"wp","href":"https:\/\/api.w.org\/{rel}","templated":true}]}}