{"id":2859,"date":"2016-09-09T10:15:32","date_gmt":"2016-09-09T13:15:32","guid":{"rendered":"https:\/\/wp.ufpel.edu.br\/nulab\/?p=2859"},"modified":"2016-09-09T10:15:51","modified_gmt":"2016-09-09T13:15:51","slug":"linguagem-visual","status":"publish","type":"post","link":"https:\/\/wp.ufpel.edu.br\/nulab\/linguagem-visual\/","title":{"rendered":"Ateli\u00ea de Fundamentos da Linguagem Visual"},"content":{"rendered":"<p style=\"text-align: justify\"><a href=\"https:\/\/wp.ufpel.edu.br\/nulab\/files\/2016\/09\/P1000868.jpg\"><img class=\"alignnone size-thumbnail wp-image-2861\" src=\"https:\/\/wp.ufpel.edu.br\/nulab\/files\/2016\/09\/P1000868-212x159.jpg\" alt=\"P1000868\" width=\"212\" height=\"159\" srcset=\"https:\/\/wp.ufpel.edu.br\/nulab\/files\/2016\/09\/P1000868-212x159.jpg 212w, https:\/\/wp.ufpel.edu.br\/nulab\/files\/2016\/09\/P1000868-424x318.jpg 424w, https:\/\/wp.ufpel.edu.br\/nulab\/files\/2016\/09\/P1000868-768x576.jpg 768w\" sizes=\"(max-width: 212px) 100vw, 212px\" \/><\/a><\/p>\n<p style=\"text-align: justify\"><strong>Unidade:<\/strong>\u00a0Centro de Artes (CA)<br \/>\n<strong>Curso:<\/strong>\u00a0Artes Visuais &#8211; Licenciatura e Bacharelado, Design Digital, Design Gr\u00e1fico.<br \/>\n<strong>Website:<\/strong>\u00a0N\/D<br \/>\n<strong>C\u00f3digo NULAB:<\/strong>\u00a090265<\/p>\n<p style=\"text-align: justify\"><strong><span style=\"text-decoration: underline\">Descri\u00e7\u00e3o<br \/>\n<\/span><\/strong><\/p>\n<p>&#8211;<\/p>\n<p style=\"text-align: justify\"><strong><span style=\"text-decoration: underline\">Localiza\u00e7\u00e3o<\/span><\/strong><br \/>\n<strong>Campus:<\/strong>\u00a0Porto<br \/>\n<strong>Pr\u00e9dio\/Bloco:<\/strong>\u00a0Centro de Artes &#8211; Bloco B<br \/>\n<strong>Sala:<\/strong>\u00a0209<\/p>\n<p style=\"text-align: justify\"><strong><span style=\"text-decoration: underline\">Contato<\/span><\/strong><br \/>\n<strong>Nome:<\/strong>\u00a0Prof. Ricardo Mello<br \/>\n<strong>E-mail<\/strong>: ricardo.mello@ufpel.edu.br<\/p>\n<p style=\"text-align: justify\"><strong><span style=\"text-decoration: underline\">Equipamentos<br \/>\n<\/span><\/strong>&#8211;<\/p>\n","protected":false},"excerpt":{"rendered":"<p>Unidade:\u00a0Centro de Artes (CA) Curso:\u00a0Artes Visuais &#8211; Licenciatura e Bacharelado, Design Digital, Design Gr\u00e1fico. Website:\u00a0N\/D C\u00f3digo NULAB:\u00a090265 Descri\u00e7\u00e3o &#8211; Localiza\u00e7\u00e3o Campus:\u00a0Porto Pr\u00e9dio\/Bloco:\u00a0Centro de Artes &#8211; Bloco B Sala:\u00a0209 Contato Nome:\u00a0Prof. Ricardo Mello E-mail: ricardo.mello@ufpel.edu.br Equipamentos &#8211;<\/p>\n","protected":false},"author":634,"featured_media":2861,"comment_status":"closed","ping_status":"closed","sticky":false,"template":"","format":"standard","meta":{"footnotes":""},"categories":[10,5],"tags":[529,806,399,392,814],"class_list":["post-2859","post","type-post","status-publish","format-standard","has-post-thumbnail","hentry","category-ca","category-laboratorios","tag-artes-visuais-bacharelado","tag-artes-visuais-licenciatura","tag-ca","tag-centro-de-artes","tag-linguagem-visual"],"jetpack_featured_media_url":"https:\/\/wp.ufpel.edu.br\/nulab\/files\/2016\/09\/P1000868.jpg","_links":{"self":[{"href":"https:\/\/wp.ufpel.edu.br\/nulab\/wp-json\/wp\/v2\/posts\/2859","targetHints":{"allow":["GET"]}}],"collection":[{"href":"https:\/\/wp.ufpel.edu.br\/nulab\/wp-json\/wp\/v2\/posts"}],"about":[{"href":"https:\/\/wp.ufpel.edu.br\/nulab\/wp-json\/wp\/v2\/types\/post"}],"author":[{"embeddable":true,"href":"https:\/\/wp.ufpel.edu.br\/nulab\/wp-json\/wp\/v2\/users\/634"}],"replies":[{"embeddable":true,"href":"https:\/\/wp.ufpel.edu.br\/nulab\/wp-json\/wp\/v2\/comments?post=2859"}],"version-history":[{"count":2,"href":"https:\/\/wp.ufpel.edu.br\/nulab\/wp-json\/wp\/v2\/posts\/2859\/revisions"}],"predecessor-version":[{"id":2863,"href":"https:\/\/wp.ufpel.edu.br\/nulab\/wp-json\/wp\/v2\/posts\/2859\/revisions\/2863"}],"wp:featuredmedia":[{"embeddable":true,"href":"https:\/\/wp.ufpel.edu.br\/nulab\/wp-json\/wp\/v2\/media\/2861"}],"wp:attachment":[{"href":"https:\/\/wp.ufpel.edu.br\/nulab\/wp-json\/wp\/v2\/media?parent=2859"}],"wp:term":[{"taxonomy":"category","embeddable":true,"href":"https:\/\/wp.ufpel.edu.br\/nulab\/wp-json\/wp\/v2\/categories?post=2859"},{"taxonomy":"post_tag","embeddable":true,"href":"https:\/\/wp.ufpel.edu.br\/nulab\/wp-json\/wp\/v2\/tags?post=2859"}],"curies":[{"name":"wp","href":"https:\/\/api.w.org\/{rel}","templated":true}]}}