{"id":2842,"date":"2016-09-09T09:23:59","date_gmt":"2016-09-09T12:23:59","guid":{"rendered":"https:\/\/wp.ufpel.edu.br\/nulab\/?p=2842"},"modified":"2016-09-26T08:55:40","modified_gmt":"2016-09-26T11:55:40","slug":"atelie-de-gravura-serigrafia","status":"publish","type":"post","link":"https:\/\/wp.ufpel.edu.br\/nulab\/atelie-de-gravura-serigrafia\/","title":{"rendered":"Ateli\u00ea de Serigrafia"},"content":{"rendered":"<p style=\"text-align: justify\">\n<p style=\"text-align: justify\"><a href=\"https:\/\/wp.ufpel.edu.br\/nulab\/files\/2016\/09\/P1000811.jpg\"><img class=\"alignnone size-thumbnail wp-image-2838\" src=\"https:\/\/wp.ufpel.edu.br\/nulab\/files\/2016\/09\/P1000811-212x159.jpg\" alt=\"P1000811\" width=\"212\" height=\"159\" srcset=\"https:\/\/wp.ufpel.edu.br\/nulab\/files\/2016\/09\/P1000811-212x159.jpg 212w, https:\/\/wp.ufpel.edu.br\/nulab\/files\/2016\/09\/P1000811-424x318.jpg 424w, https:\/\/wp.ufpel.edu.br\/nulab\/files\/2016\/09\/P1000811-768x576.jpg 768w\" sizes=\"(max-width: 212px) 100vw, 212px\" \/><\/a> <a href=\"https:\/\/wp.ufpel.edu.br\/nulab\/files\/2016\/09\/P1000813.jpg\"><img class=\"alignnone size-thumbnail wp-image-2839\" src=\"https:\/\/wp.ufpel.edu.br\/nulab\/files\/2016\/09\/P1000813-212x159.jpg\" alt=\"P1000813\" width=\"212\" height=\"159\" srcset=\"https:\/\/wp.ufpel.edu.br\/nulab\/files\/2016\/09\/P1000813-212x159.jpg 212w, https:\/\/wp.ufpel.edu.br\/nulab\/files\/2016\/09\/P1000813-424x318.jpg 424w, https:\/\/wp.ufpel.edu.br\/nulab\/files\/2016\/09\/P1000813-768x576.jpg 768w\" sizes=\"(max-width: 212px) 100vw, 212px\" \/><\/a><\/p>\n<p style=\"text-align: justify\"><strong>Unidade:<\/strong>\u00a0Centro de Artes (CA)<br \/>\n<strong>Curso:<\/strong>\u00a0Artes Visuais &#8211; Licenciatura e Bacharelado, Design Gr\u00e1fico.<br \/>\n<strong>Website:<\/strong>\u00a0N\/D<br \/>\n<strong>C\u00f3digo NULAB:<\/strong>\u00a090262<\/p>\n<p style=\"text-align: justify\"><strong><span style=\"text-decoration: underline\">Descri\u00e7\u00e3o<br \/>\n<\/span><\/strong>&#8211;<\/p>\n<p style=\"text-align: justify\"><strong><span style=\"text-decoration: underline\">Localiza\u00e7\u00e3o<\/span><\/strong><br \/>\n<strong>Campus:<\/strong>\u00a0Porto<br \/>\n<strong>Pr\u00e9dio\/Bloco:<\/strong>\u00a0Centro de Artes &#8211; Bloco B<br \/>\n<strong>Sala:<\/strong>\u00a0104<\/p>\n<p style=\"text-align: justify\"><strong><span style=\"text-decoration: underline\">Contato<\/span><\/strong><br \/>\n<strong>Nome:<\/strong>\u00a0Prof\u00aa. M\u00e1rcia Sousa<br \/>\n<strong>E-mail<\/strong>:\u00a0marcia.sousa.ufpel@gmail.com<\/p>\n<p style=\"text-align: justify\"><strong><span style=\"text-decoration: underline\">Equipamentos<br \/>\n<\/span><\/strong>Secadora<br \/>\nMapotecas<br \/>\nMesa de luz<br \/>\nGuilhotina<br \/>\nMesas de impress\u00e3o<br \/>\nPrensa de parafuso para gravura em relevo<br \/>\nSerrilhadeira manual<\/p>\n","protected":false},"excerpt":{"rendered":"<p>Unidade:\u00a0Centro de Artes (CA) Curso:\u00a0Artes Visuais &#8211; Licenciatura e Bacharelado, Design Gr\u00e1fico. Website:\u00a0N\/D C\u00f3digo NULAB:\u00a090262 Descri\u00e7\u00e3o &#8211; Localiza\u00e7\u00e3o Campus:\u00a0Porto Pr\u00e9dio\/Bloco:\u00a0Centro de Artes &#8211; Bloco B Sala:\u00a0104 Contato Nome:\u00a0Prof\u00aa. M\u00e1rcia Sousa E-mail:\u00a0marcia.sousa.ufpel@gmail.com Equipamentos Secadora Mapotecas Mesa de luz Guilhotina Mesas de impress\u00e3o Prensa de parafuso para gravura em relevo Serrilhadeira manual<\/p>\n","protected":false},"author":634,"featured_media":2844,"comment_status":"closed","ping_status":"closed","sticky":false,"template":"","format":"standard","meta":{"footnotes":""},"categories":[10,5],"tags":[416,529,806,805,399,392,804,829,830,831,807,832],"class_list":["post-2842","post","type-post","status-publish","format-standard","has-post-thumbnail","hentry","category-ca","category-laboratorios","tag-artes-visuais","tag-artes-visuais-bacharelado","tag-artes-visuais-licenciatura","tag-atelie","tag-ca","tag-centro-de-artes","tag-gravura","tag-mapotecas","tag-mesas-de-impressao","tag-prensa-de-parafuso-para-gravura-em-relevo","tag-serigrafia","tag-serrilhadeira-manual"],"jetpack_featured_media_url":"https:\/\/wp.ufpel.edu.br\/nulab\/files\/2016\/09\/P1000816.jpg","_links":{"self":[{"href":"https:\/\/wp.ufpel.edu.br\/nulab\/wp-json\/wp\/v2\/posts\/2842","targetHints":{"allow":["GET"]}}],"collection":[{"href":"https:\/\/wp.ufpel.edu.br\/nulab\/wp-json\/wp\/v2\/posts"}],"about":[{"href":"https:\/\/wp.ufpel.edu.br\/nulab\/wp-json\/wp\/v2\/types\/post"}],"author":[{"embeddable":true,"href":"https:\/\/wp.ufpel.edu.br\/nulab\/wp-json\/wp\/v2\/users\/634"}],"replies":[{"embeddable":true,"href":"https:\/\/wp.ufpel.edu.br\/nulab\/wp-json\/wp\/v2\/comments?post=2842"}],"version-history":[{"count":3,"href":"https:\/\/wp.ufpel.edu.br\/nulab\/wp-json\/wp\/v2\/posts\/2842\/revisions"}],"predecessor-version":[{"id":2902,"href":"https:\/\/wp.ufpel.edu.br\/nulab\/wp-json\/wp\/v2\/posts\/2842\/revisions\/2902"}],"wp:featuredmedia":[{"embeddable":true,"href":"https:\/\/wp.ufpel.edu.br\/nulab\/wp-json\/wp\/v2\/media\/2844"}],"wp:attachment":[{"href":"https:\/\/wp.ufpel.edu.br\/nulab\/wp-json\/wp\/v2\/media?parent=2842"}],"wp:term":[{"taxonomy":"category","embeddable":true,"href":"https:\/\/wp.ufpel.edu.br\/nulab\/wp-json\/wp\/v2\/categories?post=2842"},{"taxonomy":"post_tag","embeddable":true,"href":"https:\/\/wp.ufpel.edu.br\/nulab\/wp-json\/wp\/v2\/tags?post=2842"}],"curies":[{"name":"wp","href":"https:\/\/api.w.org\/{rel}","templated":true}]}}