{"id":2758,"date":"2016-08-15T10:21:52","date_gmt":"2016-08-15T13:21:52","guid":{"rendered":"https:\/\/wp.ufpel.edu.br\/nulab\/?p=2758"},"modified":"2016-09-21T10:20:19","modified_gmt":"2016-09-21T13:20:19","slug":"laboratorio-de-poluicao-atmosferica","status":"publish","type":"post","link":"https:\/\/wp.ufpel.edu.br\/nulab\/laboratorio-de-poluicao-atmosferica\/","title":{"rendered":"Laborat\u00f3rio de Polui\u00e7\u00e3o Atmosf\u00e9rica"},"content":{"rendered":"<p style=\"text-align: justify\"><a href=\"https:\/\/wp.ufpel.edu.br\/nulab\/files\/2016\/08\/IMG_5390.jpg\"><img class=\"alignnone size-thumbnail wp-image-2755\" src=\"https:\/\/wp.ufpel.edu.br\/nulab\/files\/2016\/08\/IMG_5390-212x159.jpg\" alt=\"IMG_5390\" width=\"212\" height=\"159\" srcset=\"https:\/\/wp.ufpel.edu.br\/nulab\/files\/2016\/08\/IMG_5390-212x159.jpg 212w, https:\/\/wp.ufpel.edu.br\/nulab\/files\/2016\/08\/IMG_5390-424x318.jpg 424w, https:\/\/wp.ufpel.edu.br\/nulab\/files\/2016\/08\/IMG_5390-768x574.jpg 768w\" sizes=\"(max-width: 212px) 100vw, 212px\" \/><\/a> <a href=\"https:\/\/wp.ufpel.edu.br\/nulab\/files\/2016\/08\/IMG_5391.jpg\"><img class=\"alignnone size-thumbnail wp-image-2756\" src=\"https:\/\/wp.ufpel.edu.br\/nulab\/files\/2016\/08\/IMG_5391-212x159.jpg\" alt=\"IMG_5391\" width=\"212\" height=\"159\" srcset=\"https:\/\/wp.ufpel.edu.br\/nulab\/files\/2016\/08\/IMG_5391-212x159.jpg 212w, https:\/\/wp.ufpel.edu.br\/nulab\/files\/2016\/08\/IMG_5391-424x318.jpg 424w, https:\/\/wp.ufpel.edu.br\/nulab\/files\/2016\/08\/IMG_5391-768x574.jpg 768w\" sizes=\"(max-width: 212px) 100vw, 212px\" \/><\/a><\/p>\n<p style=\"text-align: justify\"><strong>Unidade:<\/strong>\u00a0Faculdade de Meteorologia (FMet)<br \/>\n<strong>Curso:<\/strong>\u00a0Meteorologia<br \/>\n<strong>Website:<\/strong>\u00a0&#8211;<br \/>\n<strong>C\u00f3digo NULAB:<\/strong>\u00a090281<\/p>\n<p style=\"text-align: justify\"><strong><span style=\"text-decoration: underline\">Descri\u00e7\u00e3o<br \/>\n<\/span><\/strong> O Laborat\u00f3rio foi criado para suprir a necessidade do Grupo de Estudos em Polui\u00e7\u00e3o<br \/>\nAtmosf\u00e9rica (Grupo CNPq de pesquisa ligado ao Curso de Meteorologia) nas atividades de ensino,<br \/>\npesquisa e extens\u00e3o ligadas a \u00e1rea de qualidade do ar.<\/p>\n<p style=\"text-align: justify\"><strong><span style=\"text-decoration: underline\">Localiza\u00e7\u00e3o<\/span><\/strong><br \/>\n<strong>Campus:<\/strong>\u00a0Cap\u00e3o do Le\u00e3o<br \/>\n<strong>Pr\u00e9dio\/Bloco:<\/strong>\u00a005<br \/>\n<strong>Sala:<\/strong>\u00a0B<\/p>\n<p style=\"text-align: justify\"><strong><span style=\"text-decoration: underline\">Contato<\/span><\/strong><br \/>\n<strong>Nome:<\/strong>\u00a0Prof. Marcelo Felix Alonso<br \/>\n<strong>E-mail<\/strong>:\u00a0marcelo.alonso@ufpel.edu.br<\/p>\n<p style=\"text-align: justify\"><strong><span style=\"text-decoration: underline\">Equipamentos<br \/>\n<\/span><\/strong>Computador<br \/>\nMonitor de Atenua\u00e7\u00e3o-BETA BAM 1020 para Medi\u00e7\u00e3o de Aeros\u00f3is<br \/>\nContainer com Equipamentos de Media\u00e7\u00e3o de Gases<\/p>\n","protected":false},"excerpt":{"rendered":"<p>Unidade:\u00a0Faculdade de Meteorologia (FMet) Curso:\u00a0Meteorologia Website:\u00a0&#8211; C\u00f3digo NULAB:\u00a090281 Descri\u00e7\u00e3o O Laborat\u00f3rio foi criado para suprir a necessidade do Grupo de Estudos em Polui\u00e7\u00e3o Atmosf\u00e9rica (Grupo CNPq de pesquisa ligado ao Curso de Meteorologia) nas atividades de ensino, pesquisa e extens\u00e3o ligadas a \u00e1rea de qualidade do ar. Localiza\u00e7\u00e3o Campus:\u00a0Cap\u00e3o do Le\u00e3o Pr\u00e9dio\/Bloco:\u00a005 Sala:\u00a0B Contato Nome:\u00a0Prof. [&hellip;]<\/p>\n","protected":false},"author":634,"featured_media":2760,"comment_status":"closed","ping_status":"closed","sticky":false,"template":"","format":"standard","meta":{"footnotes":""},"categories":[36,5],"tags":[823,194,729,822,824,726,732],"class_list":["post-2758","post","type-post","status-publish","format-standard","has-post-thumbnail","hentry","category-fmet","category-laboratorios","tag-atenuacao-beta-bam-1020","tag-capao-do-leao","tag-fmet","tag-mediacao-de-gases","tag-medicao-de-aerosois","tag-meteorologia","tag-poluicao-atmosferica"],"jetpack_featured_media_url":"https:\/\/wp.ufpel.edu.br\/nulab\/files\/2016\/08\/IMG_5392.jpg","_links":{"self":[{"href":"https:\/\/wp.ufpel.edu.br\/nulab\/wp-json\/wp\/v2\/posts\/2758","targetHints":{"allow":["GET"]}}],"collection":[{"href":"https:\/\/wp.ufpel.edu.br\/nulab\/wp-json\/wp\/v2\/posts"}],"about":[{"href":"https:\/\/wp.ufpel.edu.br\/nulab\/wp-json\/wp\/v2\/types\/post"}],"author":[{"embeddable":true,"href":"https:\/\/wp.ufpel.edu.br\/nulab\/wp-json\/wp\/v2\/users\/634"}],"replies":[{"embeddable":true,"href":"https:\/\/wp.ufpel.edu.br\/nulab\/wp-json\/wp\/v2\/comments?post=2758"}],"version-history":[{"count":3,"href":"https:\/\/wp.ufpel.edu.br\/nulab\/wp-json\/wp\/v2\/posts\/2758\/revisions"}],"predecessor-version":[{"id":2896,"href":"https:\/\/wp.ufpel.edu.br\/nulab\/wp-json\/wp\/v2\/posts\/2758\/revisions\/2896"}],"wp:featuredmedia":[{"embeddable":true,"href":"https:\/\/wp.ufpel.edu.br\/nulab\/wp-json\/wp\/v2\/media\/2760"}],"wp:attachment":[{"href":"https:\/\/wp.ufpel.edu.br\/nulab\/wp-json\/wp\/v2\/media?parent=2758"}],"wp:term":[{"taxonomy":"category","embeddable":true,"href":"https:\/\/wp.ufpel.edu.br\/nulab\/wp-json\/wp\/v2\/categories?post=2758"},{"taxonomy":"post_tag","embeddable":true,"href":"https:\/\/wp.ufpel.edu.br\/nulab\/wp-json\/wp\/v2\/tags?post=2758"}],"curies":[{"name":"wp","href":"https:\/\/api.w.org\/{rel}","templated":true}]}}