{"id":1211,"date":"2016-04-28T10:45:09","date_gmt":"2016-04-28T13:45:09","guid":{"rendered":"https:\/\/wp.ufpel.edu.br\/nulab\/?p=1211"},"modified":"2016-09-02T10:04:34","modified_gmt":"2016-09-02T13:04:34","slug":"nucleo-de-estudos-de-arquitetura-e-urbanismo-neab","status":"publish","type":"post","link":"https:\/\/wp.ufpel.edu.br\/nulab\/nucleo-de-estudos-de-arquitetura-e-urbanismo-neab\/","title":{"rendered":"N\u00facleo de Estudos de Arquitetura e Urbanismo (NEAB)"},"content":{"rendered":"<p style=\"text-align: justify\"><a href=\"https:\/\/wp.ufpel.edu.br\/nulab\/files\/2016\/04\/NEAB2.png\"><img class=\"alignnone wp-image-1222 size-thumbnail\" src=\"https:\/\/wp.ufpel.edu.br\/nulab\/files\/2016\/04\/NEAB2-174x159.png\" width=\"174\" height=\"159\" srcset=\"https:\/\/wp.ufpel.edu.br\/nulab\/files\/2016\/04\/NEAB2-174x159.png 174w, https:\/\/wp.ufpel.edu.br\/nulab\/files\/2016\/04\/NEAB2-348x318.png 348w, https:\/\/wp.ufpel.edu.br\/nulab\/files\/2016\/04\/NEAB2.png 568w\" sizes=\"(max-width: 174px) 100vw, 174px\" \/><\/a> <a href=\"https:\/\/wp.ufpel.edu.br\/nulab\/files\/2016\/04\/NEAB1.png\"><img class=\"alignnone wp-image-1221 size-thumbnail\" src=\"https:\/\/wp.ufpel.edu.br\/nulab\/files\/2016\/04\/NEAB1-210x159.png\" width=\"210\" height=\"159\" srcset=\"https:\/\/wp.ufpel.edu.br\/nulab\/files\/2016\/04\/NEAB1-210x159.png 210w, https:\/\/wp.ufpel.edu.br\/nulab\/files\/2016\/04\/NEAB1-420x318.png 420w, https:\/\/wp.ufpel.edu.br\/nulab\/files\/2016\/04\/NEAB1.png 638w\" sizes=\"(max-width: 210px) 100vw, 210px\" \/><\/a><\/p>\n<p style=\"text-align: justify\"><strong>Unidade:<\/strong>\u00a0Faculdade de Arquitetura e Urbanismo (FAURB)<br \/>\n<strong>Curso:<\/strong>\u00a0Arquitetura e Urbanismo<br \/>\n<strong>Website:<\/strong> N\/D<br \/>\n<strong>C\u00f3digo NULAB:<\/strong>\u00a090380<br \/>\n<strong>Resolu\u00e7\u00e3o:\u00a0<a href=\"https:\/\/wp.ufpel.edu.br\/nulab\/files\/2016\/04\/Res-162014.pdf\">Res-162014<\/a><\/strong><\/p>\n<p style=\"text-align: justify\"><strong><span style=\"text-decoration: underline\">Descri\u00e7\u00e3o<br \/>\n<\/span><\/strong>O N\u00facleo de Estudos de Arquitetura Brasileira (<span class=\"il\">NEAB<\/span>), agrupa uma s\u00e9rie de atividades nas \u00e1reas did\u00e1tica de pesquisa e de extens\u00e3o, que envolvem assuntos ligados \u00e0 arquitetura brasileira em geral.<\/p>\n<p>O <span class=\"il\">NEAB<\/span> existe de fato desde o in\u00edcio da d\u00e9cada de 80, a partir de ent\u00e3o, surgiram v\u00e1rias oportunidades de participa\u00e7\u00e3o da FAUrb em eventos como, encontros, exposi\u00e7\u00f5es, \u00e1udio-visuais, publica\u00e7\u00f5es, invent\u00e1rios de patrim\u00f4nio urbano, assessoria a \u00f3rg\u00e3os municipais, estaduais e federais de preserva\u00e7\u00e3o de patrim\u00f4nio ambiental urbano e de discuss\u00e3o de planos diretores.<\/p>\n<p>A Faculdade de Arquitetura e Urbanismo da UFPel \u00e9 formada por dois departamentos, o de Arquitetura e o de Tecnologia da Constru\u00e7\u00e3o, os maiores contribuidores para o desenvolvimento das atividades do <span class=\"il\">NEAB<\/span>.<\/p>\n<p>O departamento de Arquitetura, por sua vez, est\u00e1 subdividido nas \u00e1reas de Teoria\/Hist\u00f3ria e Planejamento que desenvolvem al\u00e9m das atividades did\u00e1ticas as de pesquisa e de extens\u00e3o.\u00a0 Em decorr\u00eancia disto, h\u00e1 muito material coletado, experimentos em andamento, n\u00e3o s\u00f3 na \u00e1rea de arquitetura, propriamente dita, mas tamb\u00e9m na \u00e1rea de planejamento urbano, atividades interligadas ao departamento de Tecnologia da Constru\u00e7\u00e3o, no que tange a patologias das constru\u00e7\u00f5es.<\/p>\n<p>A coordena\u00e7\u00e3o agiliza essas atividades para que se possa viabilizar o andamento dos projetos no que toca \u00e0 busca de recursos materiais e interc\u00e2mbio com \u00e1reas afins com o prop\u00f3sito de se ter retorno \u00e0 comunidade seja na forma did\u00e1tica, divulga\u00e7\u00e3o ou publica\u00e7\u00e3o do material arrolado, por exemplo o material disponibilizado na\u00a0Rede internacional, PHI: Patrim\u00f4nio Hist\u00f3rico + Cultural Iberoamericano.<br \/>\n<a href=\"https:\/\/wp.ufpel.edu.br\/nulab\/files\/2016\/04\/O-NEAB-e-a-preserva\u00e7\u00e3o-parimonial.pdf\">O NEAB e a preserva\u00e7\u00e3o patrimonial<\/a><\/p>\n<p style=\"text-align: justify\"><strong><span style=\"text-decoration: underline\">Localiza\u00e7\u00e3o<\/span><\/strong><br \/>\n<strong>Campus:<\/strong>\u00a0FAURB<br \/>\n<strong>Pr\u00e9dio\/Bloco:<\/strong>\u00a0&#8211;<br \/>\n<strong>Sala:<\/strong>\u00a0106<\/p>\n<p style=\"text-align: justify\"><strong><span style=\"text-decoration: underline\">Contato<\/span><\/strong><br \/>\n<strong>Nome:\u00a0<\/strong>Ana L\u00facia Costa de Oliveira<br \/>\n<strong>E-mail:\u00a0<\/strong>lucostoli@gmail.com<\/p>\n<p style=\"text-align: justify\"><strong><span style=\"text-decoration: underline\">Equipamentos<br \/>\n<\/span><\/strong>Baliza<br \/>\nC\u00e2mera Fotogr\u00e1fica (Digital)<br \/>\nComputadors<br \/>\nNetbooks<br \/>\nNotebooks<\/p>\n","protected":false},"excerpt":{"rendered":"<p>O N\u00facleo de Estudos de Arquitetura Brasileira (NEAB), agrupa uma s\u00e9rie de atividades nas \u00e1reas did\u00e1tica de pesquisa e de extens\u00e3o, que envolvem assuntos ligados \u00e0 arquitetura brasileira em geral.<\/p>\n","protected":false},"author":634,"featured_media":1222,"comment_status":"closed","ping_status":"closed","sticky":false,"template":"","format":"standard","meta":{"footnotes":""},"categories":[33,5],"tags":[249,296,295,298,248,297,299,300,301],"class_list":["post-1211","post","type-post","status-publish","format-standard","has-post-thumbnail","hentry","category-faurb","category-laboratorios","tag-arquitetura-e-urbanismo","tag-baliza","tag-camera-fotografica","tag-estudos-de-arquitetura-e-urbanismo","tag-faurb","tag-neab","tag-patrimonio-urbano","tag-plano-diretor","tag-tecnologia-da-construcao"],"jetpack_featured_media_url":"https:\/\/wp.ufpel.edu.br\/nulab\/files\/2016\/04\/NEAB2.png","_links":{"self":[{"href":"https:\/\/wp.ufpel.edu.br\/nulab\/wp-json\/wp\/v2\/posts\/1211","targetHints":{"allow":["GET"]}}],"collection":[{"href":"https:\/\/wp.ufpel.edu.br\/nulab\/wp-json\/wp\/v2\/posts"}],"about":[{"href":"https:\/\/wp.ufpel.edu.br\/nulab\/wp-json\/wp\/v2\/types\/post"}],"author":[{"embeddable":true,"href":"https:\/\/wp.ufpel.edu.br\/nulab\/wp-json\/wp\/v2\/users\/634"}],"replies":[{"embeddable":true,"href":"https:\/\/wp.ufpel.edu.br\/nulab\/wp-json\/wp\/v2\/comments?post=1211"}],"version-history":[{"count":6,"href":"https:\/\/wp.ufpel.edu.br\/nulab\/wp-json\/wp\/v2\/posts\/1211\/revisions"}],"predecessor-version":[{"id":2824,"href":"https:\/\/wp.ufpel.edu.br\/nulab\/wp-json\/wp\/v2\/posts\/1211\/revisions\/2824"}],"wp:featuredmedia":[{"embeddable":true,"href":"https:\/\/wp.ufpel.edu.br\/nulab\/wp-json\/wp\/v2\/media\/1222"}],"wp:attachment":[{"href":"https:\/\/wp.ufpel.edu.br\/nulab\/wp-json\/wp\/v2\/media?parent=1211"}],"wp:term":[{"taxonomy":"category","embeddable":true,"href":"https:\/\/wp.ufpel.edu.br\/nulab\/wp-json\/wp\/v2\/categories?post=1211"},{"taxonomy":"post_tag","embeddable":true,"href":"https:\/\/wp.ufpel.edu.br\/nulab\/wp-json\/wp\/v2\/tags?post=1211"}],"curies":[{"name":"wp","href":"https:\/\/api.w.org\/{rel}","templated":true}]}}