{"id":956,"date":"2023-09-22T22:03:50","date_gmt":"2023-09-23T01:03:50","guid":{"rendered":"https:\/\/wp.ufpel.edu.br\/nugen\/?p=956"},"modified":"2023-09-22T22:03:50","modified_gmt":"2023-09-23T01:03:50","slug":"nota-de-repudio-2","status":"publish","type":"post","link":"https:\/\/wp.ufpel.edu.br\/nugen\/2023\/09\/22\/nota-de-repudio-2\/","title":{"rendered":"NOTA DE REP\u00daDIO"},"content":{"rendered":"<p>O NUGEN, N\u00facleo de G\u00eanero e Diversidade da UFPEL, vem a p\u00fablico manifestar seu mais veemente rep\u00fadio aos ataques nazistas e racistas sofridos, no m\u00eas de agosto, na parte interna da Casa Oca, essa coordenada por este n\u00facleo.<br \/>\nEste foi mais um ato de intoler\u00e2ncia sexual, racial e de g\u00eanero, de tantos que enfrentamos nessa sociedade que traz em suas entranhas a heran\u00e7a colonial, ainda t\u00e3o viva e t\u00e3o pulsante. A apologia ao nazismo e a pr\u00e1tica de racismo, al\u00e9m de caracterizarem crimes j\u00e1 previstos em nossa legisla\u00e7\u00e3o, exigem uma profunda reflex\u00e3o sobre a sociedade que estamos construindo e vivendo. As picha\u00e7\u00f5es realizadas no interior da casa, de frases e s\u00edmbolos que fazem apologia ao nazismo e a pr\u00e1tica de racismo, s\u00e3o condutas completamente incompat\u00edveis com ambientes democr\u00e1ticos e n\u00e3o podem ser toleradas, tampouco normaliz\u00e1-las. Lamentamos profundamente que ainda existam tantas situa\u00e7\u00f5es de racismo, bem como manifesta\u00e7\u00f5es nazistas dentro das institui\u00e7\u00f5es acad\u00eamicas. Assim que ciente do ocorrido, o NUGEN tomou as medidas legais para coibir tais atos e responsabilizar os autores destes crimes. N\u00e3o recuaremos, n\u00e3o iremos nos calar, seguiremos firmes e fortes no compromisso de promo\u00e7\u00e3o da inclus\u00e3o, da diversidade e do respeito \u00e0s diferen\u00e7as na UFPel e na sociedade em geral, n\u00e3o deixando de nos posicionarmos contra qualquer ato de racismo, homofobia, transfobia, etarismo, capacitismo, machismo, xenofobia misoginia, entre outras tantas agress\u00f5es que sofremos no nosso cotidiano. Punho erguido e seguiremos na luta!<\/p>\n","protected":false},"excerpt":{"rendered":"<p>O NUGEN, N\u00facleo de G\u00eanero e Diversidade da UFPEL, vem a p\u00fablico manifestar seu mais veemente rep\u00fadio aos ataques nazistas e racistas sofridos, no m\u00eas de agosto, na parte interna da Casa Oca, essa coordenada por este n\u00facleo. Este foi&#8230; <a class=\"more-link\" href=\"https:\/\/wp.ufpel.edu.br\/nugen\/2023\/09\/22\/nota-de-repudio-2\/\">Continue lendo &rarr;<\/a><\/p>\n","protected":false},"author":801,"featured_media":957,"comment_status":"closed","ping_status":"closed","sticky":false,"template":"","format":"standard","meta":{"footnotes":""},"categories":[1],"tags":[],"class_list":["post-956","post","type-post","status-publish","format-standard","has-post-thumbnail","hentry","category-noticias"],"jetpack_featured_media_url":"https:\/\/wp.ufpel.edu.br\/nugen\/files\/2023\/09\/POSTS-FEED-MAT.png","_links":{"self":[{"href":"https:\/\/wp.ufpel.edu.br\/nugen\/wp-json\/wp\/v2\/posts\/956","targetHints":{"allow":["GET"]}}],"collection":[{"href":"https:\/\/wp.ufpel.edu.br\/nugen\/wp-json\/wp\/v2\/posts"}],"about":[{"href":"https:\/\/wp.ufpel.edu.br\/nugen\/wp-json\/wp\/v2\/types\/post"}],"author":[{"embeddable":true,"href":"https:\/\/wp.ufpel.edu.br\/nugen\/wp-json\/wp\/v2\/users\/801"}],"replies":[{"embeddable":true,"href":"https:\/\/wp.ufpel.edu.br\/nugen\/wp-json\/wp\/v2\/comments?post=956"}],"version-history":[{"count":1,"href":"https:\/\/wp.ufpel.edu.br\/nugen\/wp-json\/wp\/v2\/posts\/956\/revisions"}],"predecessor-version":[{"id":958,"href":"https:\/\/wp.ufpel.edu.br\/nugen\/wp-json\/wp\/v2\/posts\/956\/revisions\/958"}],"wp:featuredmedia":[{"embeddable":true,"href":"https:\/\/wp.ufpel.edu.br\/nugen\/wp-json\/wp\/v2\/media\/957"}],"wp:attachment":[{"href":"https:\/\/wp.ufpel.edu.br\/nugen\/wp-json\/wp\/v2\/media?parent=956"}],"wp:term":[{"taxonomy":"category","embeddable":true,"href":"https:\/\/wp.ufpel.edu.br\/nugen\/wp-json\/wp\/v2\/categories?post=956"},{"taxonomy":"post_tag","embeddable":true,"href":"https:\/\/wp.ufpel.edu.br\/nugen\/wp-json\/wp\/v2\/tags?post=956"}],"curies":[{"name":"wp","href":"https:\/\/api.w.org\/{rel}","templated":true}]}}