{"id":931,"date":"2023-07-04T21:17:53","date_gmt":"2023-07-05T00:17:53","guid":{"rendered":"https:\/\/wp.ufpel.edu.br\/nugen\/?p=931"},"modified":"2023-07-04T21:17:53","modified_gmt":"2023-07-05T00:17:53","slug":"nugen-homenageia-alguns-dos-icones-da-comunidade-queer","status":"publish","type":"post","link":"https:\/\/wp.ufpel.edu.br\/nugen\/2023\/07\/04\/nugen-homenageia-alguns-dos-icones-da-comunidade-queer\/","title":{"rendered":"NUGEN homenageia alguns dos \u00edcones da comunidade queer"},"content":{"rendered":"<div class=\"x11i5rnm xat24cr x1mh8g0r x1vvkbs xtlvy1s x126k92a\">\n<div dir=\"auto\">Voc\u00eas sabem qual a import\u00e2ncia da representatividade LGBTQIA+ nos espa\u00e7os midi\u00e1ticos para o combate \u00e0 LGBTfobia?<\/div>\n<div dir=\"auto\"><\/div>\n<\/div>\n<div class=\"x11i5rnm xat24cr x1mh8g0r x1vvkbs xtlvy1s x126k92a\">\n<div dir=\"auto\">Durante muito tempo, as pessoas LGBTQIA+ foram marginalizadas e suas identidades e viv\u00eancias foram invisibilizadas na sociedade. A visibilidade da minoria ajuda a romper esse ciclo de invisibilidade, permitindo que as pessoas sejam vistas e reconhecidas em todas as \u00e1reas da vida, incluindo a m\u00eddia, a pol\u00edtica, os esportes, as artes, entre outras. Isso \u00e9 essencial para garantir que a comunidade seja representada e levada em considera\u00e7\u00e3o.<\/div>\n<div dir=\"auto\"><\/div>\n<\/div>\n<div class=\"x11i5rnm xat24cr x1mh8g0r x1vvkbs xtlvy1s x126k92a\">\n<div dir=\"auto\">Estar incluso nesse grupo minorit\u00e1rio inclui diversos desafios durante nossa trajet\u00f3ria de vida pelo grande n\u00famero de alternativas de exclus\u00e3o que recebemos da popula\u00e7\u00e3o e que faz com que muitos permane\u00e7am escondidos de sua identidade e envergonhados. A exist\u00eancia de pessoas LGBTs como figuras p\u00fablicas traz inspira\u00e7\u00e3o e empoderamento para a comunidade, al\u00e9m de contribuir para a conscientiza\u00e7\u00e3o e a educa\u00e7\u00e3o da sociedade sobre quest\u00f5es relacionadas \u00e0 diversidade sexual e de g\u00eanero. Ela promove o di\u00e1logo, a compreens\u00e3o e a empatia, ajudando as pessoas a superar a ignor\u00e2ncia e os estere\u00f3tipos prejudiciais. Isso resulta em uma sociedade mais informada e preparada para apoiar e respeitar o grupo.<\/div>\n<div dir=\"auto\"><\/div>\n<\/div>\n<div class=\"x11i5rnm xat24cr x1mh8g0r x1vvkbs xtlvy1s x126k92a\">\n<div dir=\"auto\">O NUGEN hoje homenageia alguns dos \u00edcones da comunidade queer, que ocupam espa\u00e7os de grande visibilidade midi\u00e1tica, ativistas e que trazem inspira\u00e7\u00e3o para milhares de membros. <span class=\"x3nfvp2 x1j61x8r x1fcty0u xdj266r xhhsvwb xat24cr xgzva0m xxymvpz xlup9mm x1kky2od\"><img loading=\"lazy\" decoding=\"async\" src=\"https:\/\/static.xx.fbcdn.net\/images\/emoji.php\/v9\/t42\/1.5\/16\/1f496.png\" alt=\"\ud83d\udc96\" width=\"16\" height=\"16\" \/><\/span><span class=\"x3nfvp2 x1j61x8r x1fcty0u xdj266r xhhsvwb xat24cr xgzva0m xxymvpz xlup9mm x1kky2od\"><img loading=\"lazy\" decoding=\"async\" src=\"https:\/\/static.xx.fbcdn.net\/images\/emoji.php\/v9\/t5d\/1.5\/16\/1f3f3_200d_1f308.png\" alt=\"\ud83c\udff3\ufe0f\u200d\ud83c\udf08\" width=\"16\" height=\"16\" \/><\/span><\/div>\n<\/div>\n<div dir=\"auto\"><\/div>\n<div dir=\"auto\">Voc\u00ea pode conferir os \u00edcones homenageados no post: https:\/\/www.instagram.com\/p\/CuS4yNxOHkU\/?utm_source=ig_web_copy_link&amp;igshid=MzRlODBiNWFlZA==<\/div>\n","protected":false},"excerpt":{"rendered":"<p>Voc\u00eas sabem qual a import\u00e2ncia da representatividade LGBTQIA+ nos espa\u00e7os midi\u00e1ticos para o combate \u00e0 LGBTfobia? Durante muito tempo, as pessoas LGBTQIA+ foram marginalizadas e suas identidades e viv\u00eancias foram invisibilizadas na sociedade. A visibilidade da minoria ajuda a romper&#8230; <a class=\"more-link\" href=\"https:\/\/wp.ufpel.edu.br\/nugen\/2023\/07\/04\/nugen-homenageia-alguns-dos-icones-da-comunidade-queer\/\">Continue lendo &rarr;<\/a><\/p>\n","protected":false},"author":801,"featured_media":932,"comment_status":"closed","ping_status":"closed","sticky":false,"template":"","format":"standard","meta":{"footnotes":""},"categories":[1],"tags":[],"class_list":["post-931","post","type-post","status-publish","format-standard","has-post-thumbnail","hentry","category-noticias"],"jetpack_featured_media_url":"https:\/\/wp.ufpel.edu.br\/nugen\/files\/2023\/07\/72afb048-b469-4c25-8008-e59b97d48370.jpg","_links":{"self":[{"href":"https:\/\/wp.ufpel.edu.br\/nugen\/wp-json\/wp\/v2\/posts\/931","targetHints":{"allow":["GET"]}}],"collection":[{"href":"https:\/\/wp.ufpel.edu.br\/nugen\/wp-json\/wp\/v2\/posts"}],"about":[{"href":"https:\/\/wp.ufpel.edu.br\/nugen\/wp-json\/wp\/v2\/types\/post"}],"author":[{"embeddable":true,"href":"https:\/\/wp.ufpel.edu.br\/nugen\/wp-json\/wp\/v2\/users\/801"}],"replies":[{"embeddable":true,"href":"https:\/\/wp.ufpel.edu.br\/nugen\/wp-json\/wp\/v2\/comments?post=931"}],"version-history":[{"count":1,"href":"https:\/\/wp.ufpel.edu.br\/nugen\/wp-json\/wp\/v2\/posts\/931\/revisions"}],"predecessor-version":[{"id":933,"href":"https:\/\/wp.ufpel.edu.br\/nugen\/wp-json\/wp\/v2\/posts\/931\/revisions\/933"}],"wp:featuredmedia":[{"embeddable":true,"href":"https:\/\/wp.ufpel.edu.br\/nugen\/wp-json\/wp\/v2\/media\/932"}],"wp:attachment":[{"href":"https:\/\/wp.ufpel.edu.br\/nugen\/wp-json\/wp\/v2\/media?parent=931"}],"wp:term":[{"taxonomy":"category","embeddable":true,"href":"https:\/\/wp.ufpel.edu.br\/nugen\/wp-json\/wp\/v2\/categories?post=931"},{"taxonomy":"post_tag","embeddable":true,"href":"https:\/\/wp.ufpel.edu.br\/nugen\/wp-json\/wp\/v2\/tags?post=931"}],"curies":[{"name":"wp","href":"https:\/\/api.w.org\/{rel}","templated":true}]}}